{"id":15274,"date":"2024-08-18T11:55:03","date_gmt":"2024-08-18T14:55:03","guid":{"rendered":"https:\/\/vimagazine.com.br\/?p=15274"},"modified":"2024-08-22T15:27:16","modified_gmt":"2024-08-22T18:27:16","slug":"o-fenomeno-marcos-veras-um-monologo-que-lota-o-teatro-das-artes-e-conquista-o-publico","status":"publish","type":"post","link":"https:\/\/vimagazine.com.br\/?p=15274","title":{"rendered":"O Fen\u00f4meno Marcos Veras: Um Mon\u00f3logo que Lota o Teatro Das Artes e Conquista o P\u00fablico!"},"content":{"rendered":"\n<figure class=\"wp-block-image size-full is-resized\"><img src=\"https:\/\/vimagazine.com.br\/wp-content\/uploads\/2024\/08\/photo_2024-08-18_11-13-52.jpg\" alt=\"\" class=\"wp-image-15275\" width=\"841\" height=\"561\" srcset=\"https:\/\/vimagazine.com.br\/wp-content\/uploads\/2024\/08\/photo_2024-08-18_11-13-52.jpg 460w, https:\/\/vimagazine.com.br\/wp-content\/uploads\/2024\/08\/photo_2024-08-18_11-13-52-300x200.jpg 300w\" sizes=\"(max-width: 841px) 100vw, 841px\" \/><figcaption>Marcos Veras: Foto Divulga\u00e7\u00e3o<\/figcaption><\/figure>\n\n\n\n<p>Quem entrou na <strong>Vibe com<\/strong>\u00a0<a href=\"https:\/\/www.instagram.com\/giucota?igsh=MXNzYXprbDJpaWhzNQ%3D%3D&amp;utm_source=qr\" title=\"Giu Cota\">Giu Cota<\/a>\u00a0foi o irreverente e talentoso comediante\u00a0<a href=\"https:\/\/www.instagram.com\/omarcosveras\/\" title=\"Marcos Veras\">Marcos Veras<\/a>. Em uma noite memor\u00e1vel, com o\u00a0<a href=\"https:\/\/www.instagram.com\/teatrodasartes\/\" title=\"Teatro das Artes\">Teatro das Artes<\/a>\u00a0completamente lotado,\u00a0<strong>Veras<\/strong>\u00a0apresentou seu mais recente mon\u00f3logo, deixando a plateia encantada e arrancando aplausos entusiasmados a cada cena.<br>O espet\u00e1culo, que est\u00e1 em cartaz at\u00e9 o dia 22 de setembro, com apresenta\u00e7\u00f5es aos <strong>s\u00e1bados \u00e0s 20h00 e aos domingos \u00e0s 18h00<\/strong>, \u00e9 uma verdadeira obra-prima do humor e da reflex\u00e3o.\u00a0<strong>Veras<\/strong>, com sua presen\u00e7a de palco inigual\u00e1vel, conduz o p\u00fablico por uma viagem atrav\u00e9s das peculiaridades do cotidiano, misturando com maestria o riso e a introspec\u00e7\u00e3o.<\/p>\n\n\n\n<figure class=\"wp-block-video\"><video controls src=\"https:\/\/vimagazine.com.br\/wp-content\/uploads\/2024\/08\/videoVeras.mov\"><\/video><figcaption>Giu Cota com Marcos Veras <\/figcaption><\/figure>\n\n\n\n<p>Seu desempenho n\u00e3o apenas diverte, mas tamb\u00e9m provoca reflex\u00f5es sobre a vida moderna, em uma performance que prende a aten\u00e7\u00e3o do in\u00edcio ao fim.<br>A entrevista exclusiva que realizei com\u00a0<strong>Marcos Veras<\/strong>\u00a0est\u00e1 dispon\u00edvel no v\u00eddeo que acompanha esta coluna. Nela, mergulhamos nos bastidores desse espet\u00e1culo e discutimos os desafios e prazeres de se apresentar sozinho no palco. N\u00e3o perca essa conversa reveladora!<\/p>\n\n\n\n<figure class=\"wp-block-image size-full is-resized\"><img src=\"https:\/\/vimagazine.com.br\/wp-content\/uploads\/2024\/08\/photo_2024-08-18_11-33-30.jpg\" alt=\"\" class=\"wp-image-15277\" width=\"840\" height=\"1258\" srcset=\"https:\/\/vimagazine.com.br\/wp-content\/uploads\/2024\/08\/photo_2024-08-18_11-33-30.jpg 428w, https:\/\/vimagazine.com.br\/wp-content\/uploads\/2024\/08\/photo_2024-08-18_11-33-30-200x300.jpg 200w\" sizes=\"(max-width: 840px) 100vw, 840px\" \/><figcaption>Foto Divulga\u00e7\u00e3o<\/figcaption><\/figure>\n\n\n\n<p>Agrade\u00e7o \u00e0 competente\u00a0Anna Luiza, da assessoria de imprensa\u00a0<a href=\"https:\/\/www.instagram.com\/primeiroplanocom\/\" title=\"Primeiro Plano\">Primeiro Plano<\/a>, pelo convite para essa experi\u00eancia \u00fanica. Seu trabalho, sempre impec\u00e1vel, \u00e9 essencial para o sucesso de eventos como este, que deixam uma marca duradoura no p\u00fablico.<br>Se voc\u00ea ainda n\u00e3o assistiu, corra para garantir seu ingresso e prepare-se para uma noite de risos, reflex\u00e3o e muitos aplausos. O espet\u00e1culo est\u00e1 em cartaz no\u00a0<strong>Teatro das Artes, localizado no Shopping Eldorado, Av. Rebou\u00e7as, 3970, Pinheiros, S\u00e3o Paulo.<\/strong><br>Fique ligado nas minhas redes sociais e na minha coluna\u00a0<strong>#NaVibeComGiuCota\u00a0na\u00a0#ViMagazine<\/strong>\u00a0para mais conte\u00fados exclusivos!<br><\/p>\n\n\n\n<h1>#GiuCota #MarcosVeras #TeatroDasArtes \u00a0<\/h1>\n\n\n\n<h1>#PrimeiroPlano #TeatroSP #HumorInteligente #Arte #TeatroBrasileiro\u00a0#GiuCotaEntrevista<\/h1>\n\n\n\n<p>\u00a0<br><strong>Contato Assessoria Giu Cota:<\/strong><br><a href=\"https:\/\/www.instagram.com\/robertoassessor?utm_source=ig_web_button_share_sheet&amp;igsh=ZDNlZDc0MzIxNw==\" title=\"Roberto Rodrigues\">Roberto Rodrigues<\/a><\/p>\n\n\n\n<p><strong>Giu Cota<br>Colunista Vi Magazine<br>\u201cNa Vibe com Giu Cota\u201d<\/strong><\/p>\n","protected":false},"excerpt":{"rendered":"<p>Quem entrou na Vibe com\u00a0Giu Cota\u00a0foi o irreverente e talentoso comediante\u00a0Marcos Veras. Em uma noite&#8230;<\/p>\n","protected":false},"author":37,"featured_media":0,"comment_status":"closed","ping_status":"open","sticky":false,"template":"","format":"standard","meta":{"om_disable_all_campaigns":false,"_monsterinsights_skip_tracking":false,"_monsterinsights_sitenote_active":false,"_monsterinsights_sitenote_note":"","_monsterinsights_sitenote_category":0,"spay_email":""},"categories":[1],"tags":[],"jetpack_featured_media_url":"","_links":{"self":[{"href":"https:\/\/vimagazine.com.br\/index.php?rest_route=\/wp\/v2\/posts\/15274"}],"collection":[{"href":"https:\/\/vimagazine.com.br\/index.php?rest_route=\/wp\/v2\/posts"}],"about":[{"href":"https:\/\/vimagazine.com.br\/index.php?rest_route=\/wp\/v2\/types\/post"}],"author":[{"embeddable":true,"href":"https:\/\/vimagazine.com.br\/index.php?rest_route=\/wp\/v2\/users\/37"}],"replies":[{"embeddable":true,"href":"https:\/\/vimagazine.com.br\/index.php?rest_route=%2Fwp%2Fv2%2Fcomments&post=15274"}],"version-history":[{"count":2,"href":"https:\/\/vimagazine.com.br\/index.php?rest_route=\/wp\/v2\/posts\/15274\/revisions"}],"predecessor-version":[{"id":15279,"href":"https:\/\/vimagazine.com.br\/index.php?rest_route=\/wp\/v2\/posts\/15274\/revisions\/15279"}],"wp:attachment":[{"href":"https:\/\/vimagazine.com.br\/index.php?rest_route=%2Fwp%2Fv2%2Fmedia&parent=15274"}],"wp:term":[{"taxonomy":"category","embeddable":true,"href":"https:\/\/vimagazine.com.br\/index.php?rest_route=%2Fwp%2Fv2%2Fcategories&post=15274"},{"taxonomy":"post_tag","embeddable":true,"href":"https:\/\/vimagazine.com.br\/index.php?rest_route=%2Fwp%2Fv2%2Ftags&post=15274"}],"curies":[{"name":"wp","href":"https:\/\/api.w.org\/{rel}","templated":true}]}}