{"id":15281,"date":"2024-08-18T14:17:19","date_gmt":"2024-08-18T17:17:19","guid":{"rendered":"https:\/\/vimagazine.com.br\/?p=15281"},"modified":"2024-08-18T14:19:02","modified_gmt":"2024-08-18T17:19:02","slug":"palladino-arquitetura-assina-projeto-residencial-contemporaneo-de-120-m%c2%b2","status":"publish","type":"post","link":"https:\/\/vimagazine.com.br\/?p=15281","title":{"rendered":"Palladino Arquitetura assina projeto residencial contempor\u00e2neo de 120 m\u00b2"},"content":{"rendered":"\n<p><\/p>\n\n\n\n<p class=\"has-text-align-center has-large-font-size\"><em><strong>O apartamento, assinado por Camila Palladino, tem como elementos principais ambientes integrados que transmitem a sensa\u00e7\u00e3o de amplitude e a eleg\u00e2ncia na mescla das cores, texturas e estilos.<\/strong><\/em><\/p>\n\n\n\n<p><\/p>\n\n\n\n<figure class=\"wp-block-image aligncenter size-large is-resized\"><img src=\"https:\/\/vimagazine.com.br\/wp-content\/uploads\/2024\/08\/1-1024x683.jpg\" alt=\"\" class=\"wp-image-15282\" width=\"544\" height=\"363\" srcset=\"https:\/\/vimagazine.com.br\/wp-content\/uploads\/2024\/08\/1-1024x683.jpg 1024w, https:\/\/vimagazine.com.br\/wp-content\/uploads\/2024\/08\/1-300x200.jpg 300w, https:\/\/vimagazine.com.br\/wp-content\/uploads\/2024\/08\/1-768x512.jpg 768w, https:\/\/vimagazine.com.br\/wp-content\/uploads\/2024\/08\/1.jpg 1300w\" sizes=\"(max-width: 544px) 100vw, 544px\" \/><\/figure>\n\n\n\n<p class=\"has-text-align-center\"><em>Com \u00e1rea social integrada, a arquiteta privilegiou o conv\u00edvio social com um visual elegante e atemporal. Fotos: David Aranha.<\/em><\/p>\n\n\n\n<p><\/p>\n\n\n\n<p>O projeto de interiores foi elaborado para um casal jovem de m\u00e9dicos com um filho pequeno e dois cachorros, com a finalidade de equilibrar a vida profissional hospitalar com a pessoal, a arquiteta Camila projetou um apartamento com cores neutras e quentes, ilumina\u00e7\u00e3o indireta e marcenaria sob medida, buscando tornar o apartamento em um respiro para os moradores depois de um dia de trabalho. Para isso, foram necess\u00e1rios dois meses para a elabora\u00e7\u00e3o do projeto e cinco meses para a execu\u00e7\u00e3o da obra.<\/p>\n\n\n\n<p><\/p>\n\n\n\n<figure class=\"wp-block-image aligncenter size-full is-resized\"><img src=\"https:\/\/vimagazine.com.br\/wp-content\/uploads\/2024\/08\/2-1.jpg\" alt=\"\" class=\"wp-image-15283\" width=\"404\" height=\"606\" srcset=\"https:\/\/vimagazine.com.br\/wp-content\/uploads\/2024\/08\/2-1.jpg 404w, https:\/\/vimagazine.com.br\/wp-content\/uploads\/2024\/08\/2-1-200x300.jpg 200w\" sizes=\"(max-width: 404px) 100vw, 404px\" \/><\/figure>\n\n\n\n<p class=\"has-text-align-center\"><em>Os eletrodom\u00e9sticos com acabamento em inox, a madeira presente no nicho e o piso de porcelanato aquecem o ambiente, proporcionando aconchego e para complementar utilizou nas bancadas, o quartzo branco que garante durabilidade e funcionalidade ao dia a dia.<\/em><\/p>\n\n\n\n<p><\/p>\n\n\n\n<p><em>Os eletrodom\u00e9sticos com acabamento em inox, a madeira presente no nicho e o piso de porcelanato aquecem o ambiente, proporcionando aconchego e para complementar utilizou nas bancadas, o quartzo branco que garante durabilidade e funcionalidade ao dia a dia.<\/em><\/p>\n\n\n\n<figure class=\"wp-container-2 wp-block-gallery-1 wp-block-gallery aligncenter has-nested-images columns-default is-cropped\">\n<figure class=\"wp-block-image size-large\"><img width=\"611\" height=\"407\" data-id=\"15285\"  src=\"https:\/\/vimagazine.com.br\/wp-content\/uploads\/2024\/08\/3-1.jpg\" alt=\"\" class=\"wp-image-15285\" srcset=\"https:\/\/vimagazine.com.br\/wp-content\/uploads\/2024\/08\/3-1.jpg 611w, https:\/\/vimagazine.com.br\/wp-content\/uploads\/2024\/08\/3-1-300x200.jpg 300w\" sizes=\"(max-width: 611px) 100vw, 611px\" \/><\/figure>\n\n\n\n<figure class=\"wp-block-image size-large\"><img width=\"609\" height=\"406\" data-id=\"15284\"  src=\"https:\/\/vimagazine.com.br\/wp-content\/uploads\/2024\/08\/4-1.jpg\" alt=\"\" class=\"wp-image-15284\" srcset=\"https:\/\/vimagazine.com.br\/wp-content\/uploads\/2024\/08\/4-1.jpg 609w, https:\/\/vimagazine.com.br\/wp-content\/uploads\/2024\/08\/4-1-300x200.jpg 300w\" sizes=\"(max-width: 609px) 100vw, 609px\" \/><\/figure>\n<\/figure>\n\n\n\n<p class=\"has-text-align-center\"><em>Na sala, o painel de madeira com porta mimetizada \u00e9 o destaque na parede da TV, para compor o espa\u00e7o, a escolha foi usar um sof\u00e1 em couro, no centro do ambiente.<\/em><\/p>\n\n\n\n<p><\/p>\n\n\n\n<p>A arquiteta optou por elementos elegantes e atemporais para a decora\u00e7\u00e3o, como o couro nos mobili\u00e1rios, a madeira da marcenaria e o piso de porcelanato em todo o apartamento, garantindo durabilidade e beleza aos espa\u00e7os. \u201c<em>Utilizamos cores dominantes neutras, como o tom de madeira e a cor branca, e cores de destaque, como a cor cinza na \u00e1rea social, a cor azul na su\u00edte do filho e tons de marrom na su\u00edte master, tendo como objetivo transmitir tranquilidade e leveza<\/em>\u201d, revela arquiteta. J\u00e1 no projeto luminot\u00e9cnico, a sa\u00edda foi utilizar a ilumina\u00e7\u00e3o indireta embutida na marcenaria para trazer conforto e a ilumina\u00e7\u00e3o direta para espalhar a luz de maneira uniforme, facilitando a realiza\u00e7\u00e3o de algumas atividades, como por exemplo, cozinhar.<\/p>\n\n\n\n<p><\/p>\n\n\n\n<p><\/p>\n\n\n\n<figure class=\"wp-block-image aligncenter size-full\"><img width=\"404\" height=\"606\" src=\"https:\/\/vimagazine.com.br\/wp-content\/uploads\/2024\/08\/5.jpg\" alt=\"\" class=\"wp-image-15286\" srcset=\"https:\/\/vimagazine.com.br\/wp-content\/uploads\/2024\/08\/5.jpg 404w, https:\/\/vimagazine.com.br\/wp-content\/uploads\/2024\/08\/5-200x300.jpg 200w\" sizes=\"(max-width: 404px) 100vw, 404px\" \/><\/figure>\n\n\n\n<p class=\"has-text-align-center\"><em>A \u00e1rea gourmet trouxe o azul em evid\u00eancia no mobili\u00e1rio solto e no quadro com uma estampa abstrata<\/em><\/p>\n\n\n\n<p><\/p>\n\n\n\n<figure class=\"wp-container-4 wp-block-gallery-3 wp-block-gallery has-nested-images columns-default is-cropped\">\n<figure class=\"wp-block-image size-large\"><img width=\"404\" height=\"606\" data-id=\"15287\"  src=\"https:\/\/vimagazine.com.br\/wp-content\/uploads\/2024\/08\/7.jpg\" alt=\"\" class=\"wp-image-15287\" srcset=\"https:\/\/vimagazine.com.br\/wp-content\/uploads\/2024\/08\/7.jpg 404w, https:\/\/vimagazine.com.br\/wp-content\/uploads\/2024\/08\/7-200x300.jpg 200w\" sizes=\"(max-width: 404px) 100vw, 404px\" \/><\/figure>\n\n\n\n<figure class=\"wp-block-image size-large\"><img width=\"404\" height=\"606\" data-id=\"15288\"  src=\"https:\/\/vimagazine.com.br\/wp-content\/uploads\/2024\/08\/6.jpg\" alt=\"\" class=\"wp-image-15288\" srcset=\"https:\/\/vimagazine.com.br\/wp-content\/uploads\/2024\/08\/6.jpg 404w, https:\/\/vimagazine.com.br\/wp-content\/uploads\/2024\/08\/6-200x300.jpg 200w\" sizes=\"(max-width: 404px) 100vw, 404px\" \/><\/figure>\n<\/figure>\n\n\n\n<p class=\"has-text-align-center\"><em>A su\u00edte do beb\u00ea trouxe o papel de parede com animais, junto ao ber\u00e7o de madeira e a marcenaria em azul.<\/em><\/p>\n\n\n\n<p><\/p>\n\n\n\n<p>O quarto do beb\u00ea \u00e9 o destaque do projeto. \u201c<em>Com o prop\u00f3sito de tornar o apartamento em um ref\u00fagio para o filho do casal, criei ambientes aconchegantes e amplos. Por isso, um dos destaques do apartamento \u00e9 a su\u00edte do pequeno, mostrando que a simplicidade transmite eleg\u00e2ncia atrav\u00e9s de mobili\u00e1rios minimalistas e poucos elementos.<\/em>\u201d.<\/p>\n\n\n\n<p><\/p>\n\n\n\n<figure class=\"wp-block-image size-full\"><img width=\"909\" height=\"606\" src=\"https:\/\/vimagazine.com.br\/wp-content\/uploads\/2024\/08\/8.jpg\" alt=\"\" class=\"wp-image-15289\" srcset=\"https:\/\/vimagazine.com.br\/wp-content\/uploads\/2024\/08\/8.jpg 909w, https:\/\/vimagazine.com.br\/wp-content\/uploads\/2024\/08\/8-300x200.jpg 300w, https:\/\/vimagazine.com.br\/wp-content\/uploads\/2024\/08\/8-768x512.jpg 768w\" sizes=\"(max-width: 909px) 100vw, 909px\" \/><\/figure>\n\n\n\n<p class=\"has-text-align-center\"><em>No quarto do casal, a marcenaria sob medida garantiu o m\u00e1ximo proveito da metragem dispon\u00edvel.<\/em><\/p>\n\n\n\n<figure class=\"wp-container-6 wp-block-gallery-5 wp-block-gallery has-nested-images columns-default is-cropped\">\n<figure class=\"wp-block-image size-large\"><img width=\"404\" height=\"606\" data-id=\"15290\"  src=\"https:\/\/vimagazine.com.br\/wp-content\/uploads\/2024\/08\/9.jpg\" alt=\"\" class=\"wp-image-15290\" srcset=\"https:\/\/vimagazine.com.br\/wp-content\/uploads\/2024\/08\/9.jpg 404w, https:\/\/vimagazine.com.br\/wp-content\/uploads\/2024\/08\/9-200x300.jpg 200w\" sizes=\"(max-width: 404px) 100vw, 404px\" \/><\/figure>\n\n\n\n<figure class=\"wp-block-image size-large\"><img width=\"404\" height=\"606\" data-id=\"15291\"  src=\"https:\/\/vimagazine.com.br\/wp-content\/uploads\/2024\/08\/10.jpg\" alt=\"\" class=\"wp-image-15291\" srcset=\"https:\/\/vimagazine.com.br\/wp-content\/uploads\/2024\/08\/10.jpg 404w, https:\/\/vimagazine.com.br\/wp-content\/uploads\/2024\/08\/10-200x300.jpg 200w\" sizes=\"(max-width: 404px) 100vw, 404px\" \/><\/figure>\n<\/figure>\n\n\n\n<p class=\"has-text-align-center\"><em>A escolha foi utilizar o revestimento marmorizado na su\u00edte principal e na su\u00edte do filho, granilite<\/em><em>.<\/em><\/p>\n\n\n\n<p><\/p>\n\n\n\n<p><strong>Palladino Arquitetura<\/strong><\/p>\n\n\n\n<p>Rua Alegre, 470 &#8211; conj. 609 &#8211; bairro Santa Paula &#8211; S\u00e3o Caetano do Sul &#8211; SP<\/p>\n\n\n\n<p>CEP: 0995-250<\/p>\n\n\n\n<p>e-mail: contato@palladinoarquitetura.com.br<\/p>\n\n\n\n<p>Instagram: https:\/\/www.instagram.com\/palladino_arquitetura\/<\/p>\n","protected":false},"excerpt":{"rendered":"<p>O apartamento, assinado por Camila Palladino, tem como elementos principais ambientes integrados que transmitem a&#8230;<\/p>\n","protected":false},"author":1,"featured_media":15282,"comment_status":"closed","ping_status":"open","sticky":false,"template":"","format":"standard","meta":{"om_disable_all_campaigns":false,"_monsterinsights_skip_tracking":false,"_monsterinsights_sitenote_active":false,"_monsterinsights_sitenote_note":"","_monsterinsights_sitenote_category":0,"spay_email":""},"categories":[1],"tags":[],"jetpack_featured_media_url":"https:\/\/vimagazine.com.br\/wp-content\/uploads\/2024\/08\/1.jpg","_links":{"self":[{"href":"https:\/\/vimagazine.com.br\/index.php?rest_route=\/wp\/v2\/posts\/15281"}],"collection":[{"href":"https:\/\/vimagazine.com.br\/index.php?rest_route=\/wp\/v2\/posts"}],"about":[{"href":"https:\/\/vimagazine.com.br\/index.php?rest_route=\/wp\/v2\/types\/post"}],"author":[{"embeddable":true,"href":"https:\/\/vimagazine.com.br\/index.php?rest_route=\/wp\/v2\/users\/1"}],"replies":[{"embeddable":true,"href":"https:\/\/vimagazine.com.br\/index.php?rest_route=%2Fwp%2Fv2%2Fcomments&post=15281"}],"version-history":[{"count":2,"href":"https:\/\/vimagazine.com.br\/index.php?rest_route=\/wp\/v2\/posts\/15281\/revisions"}],"predecessor-version":[{"id":15293,"href":"https:\/\/vimagazine.com.br\/index.php?rest_route=\/wp\/v2\/posts\/15281\/revisions\/15293"}],"wp:featuredmedia":[{"embeddable":true,"href":"https:\/\/vimagazine.com.br\/index.php?rest_route=\/wp\/v2\/media\/15282"}],"wp:attachment":[{"href":"https:\/\/vimagazine.com.br\/index.php?rest_route=%2Fwp%2Fv2%2Fmedia&parent=15281"}],"wp:term":[{"taxonomy":"category","embeddable":true,"href":"https:\/\/vimagazine.com.br\/index.php?rest_route=%2Fwp%2Fv2%2Fcategories&post=15281"},{"taxonomy":"post_tag","embeddable":true,"href":"https:\/\/vimagazine.com.br\/index.php?rest_route=%2Fwp%2Fv2%2Ftags&post=15281"}],"curies":[{"name":"wp","href":"https:\/\/api.w.org\/{rel}","templated":true}]}}