{"id":15329,"date":"2024-08-19T21:23:28","date_gmt":"2024-08-20T00:23:28","guid":{"rendered":"https:\/\/vimagazine.com.br\/?p=15329"},"modified":"2024-08-19T21:23:29","modified_gmt":"2024-08-20T00:23:29","slug":"yara-castanha-de-para-para-os-estados-unidos-com-sua-linha-de-cosmeticos","status":"publish","type":"post","link":"https:\/\/vimagazine.com.br\/?p=15329","title":{"rendered":"Yara Castanha, de Par\u00e1 para os Estados Unidos com Sua Linha de Cosm\u00e9ticos*"},"content":{"rendered":"\n<p><\/p>\n\n\n\n<p>A atriz e empres\u00e1ria Yara Castanha est\u00e1 pronta para levar sua marca de cosm\u00e9ticos para um novo patamar. Conhecida por seu talento e carisma, Yara agora se aventura no competitivo mercado norte-americano, come\u00e7ando pela Calif\u00f3rnia.<\/p>\n\n\n\n<p>Expans\u00e3o Internacional<\/p>\n\n\n\n<p>Com a sua linha de cosm\u00e9ticos veganos e sustent\u00e1veis, Yara conquistou um p\u00fablico fiel no Brasil. Agora, ela mira o mercado dos Estados Unidos. Inicialmente, seus produtos estar\u00e3o dispon\u00edveis na Amazon na Calif\u00f3rnia, um dos maiores mercados de beleza do mundo. Yara est\u00e1 entusiasmada com esta nova fase: &#8220;Levar meus produtos para os EUA \u00e9 um sonho que est\u00e1 se tornando realidade. Estou muito animada para ver a recep\u00e7\u00e3o dos consumidores americanos.&#8221;<\/p>\n\n\n\n<figure class=\"wp-container-2 wp-block-gallery-1 wp-block-gallery has-nested-images columns-default is-cropped\">\n<figure class=\"wp-block-image size-large\"><img width=\"1280\" height=\"1920\" data-id=\"15332\"  src=\"https:\/\/vimagazine.com.br\/wp-content\/uploads\/2024\/08\/129A1030-1.jpg\" alt=\"\" class=\"wp-image-15332\" srcset=\"https:\/\/vimagazine.com.br\/wp-content\/uploads\/2024\/08\/129A1030-1.jpg 1280w, https:\/\/vimagazine.com.br\/wp-content\/uploads\/2024\/08\/129A1030-1-200x300.jpg 200w, https:\/\/vimagazine.com.br\/wp-content\/uploads\/2024\/08\/129A1030-1-683x1024.jpg 683w, https:\/\/vimagazine.com.br\/wp-content\/uploads\/2024\/08\/129A1030-1-768x1152.jpg 768w, https:\/\/vimagazine.com.br\/wp-content\/uploads\/2024\/08\/129A1030-1-1024x1536.jpg 1024w\" sizes=\"(max-width: 1280px) 100vw, 1280px\" \/><\/figure>\n\n\n\n<figure class=\"wp-block-image size-large\"><img width=\"1280\" height=\"1920\" data-id=\"15330\"  src=\"https:\/\/vimagazine.com.br\/wp-content\/uploads\/2024\/08\/129A1122.jpg\" alt=\"\" class=\"wp-image-15330\" srcset=\"https:\/\/vimagazine.com.br\/wp-content\/uploads\/2024\/08\/129A1122.jpg 1280w, https:\/\/vimagazine.com.br\/wp-content\/uploads\/2024\/08\/129A1122-200x300.jpg 200w, https:\/\/vimagazine.com.br\/wp-content\/uploads\/2024\/08\/129A1122-683x1024.jpg 683w, https:\/\/vimagazine.com.br\/wp-content\/uploads\/2024\/08\/129A1122-768x1152.jpg 768w, https:\/\/vimagazine.com.br\/wp-content\/uploads\/2024\/08\/129A1122-1024x1536.jpg 1024w\" sizes=\"(max-width: 1280px) 100vw, 1280px\" \/><\/figure>\n<\/figure>\n\n\n\n<p><\/p>\n\n\n\n<p><strong>Planos de Expans\u00e3o<\/strong><\/p>\n\n\n\n<p>Mas a Calif\u00f3rnia \u00e9 apenas o come\u00e7o. Yara tem planos ambiciosos de expans\u00e3o para outros estados americanos em um futuro pr\u00f3ximo. &#8220;Acredito muito na qualidade e na ess\u00eancia dos meus produtos. Eles refletem a riqueza natural da Amaz\u00f4nia e o compromisso com a sustentabilidade,&#8221; explica Yara. Ela est\u00e1 determinada a conquistar um espa\u00e7o significativo no mercado norte-americano de cosm\u00e9ticos.<\/p>\n\n\n\n<p><strong>Retorno aos EUA<\/strong><\/p>\n\n\n\n<p>Em dezembro, Yara retornar\u00e1 aos Estados Unidos para continuar o trabalho com suas empresas parceiras. Este retorno \u00e9 estrat\u00e9gico para fortalecer as rela\u00e7\u00f5es comerciais e explorar novas oportunidades de crescimento. &#8220;Estar presente e acompanhar de perto cada etapa \u00e9 fundamental. Quero garantir que tudo esteja perfeito para nossos clientes,&#8221; afirma Yara.<\/p>\n\n\n\n<p><\/p>\n\n\n\n<figure class=\"wp-block-image size-large\"><img width=\"683\" height=\"1024\" src=\"https:\/\/vimagazine.com.br\/wp-content\/uploads\/2024\/08\/DSC02058-683x1024.jpeg\" alt=\"\" class=\"wp-image-15331\" srcset=\"https:\/\/vimagazine.com.br\/wp-content\/uploads\/2024\/08\/DSC02058-683x1024.jpeg 683w, https:\/\/vimagazine.com.br\/wp-content\/uploads\/2024\/08\/DSC02058-200x300.jpeg 200w, https:\/\/vimagazine.com.br\/wp-content\/uploads\/2024\/08\/DSC02058-768x1152.jpeg 768w, https:\/\/vimagazine.com.br\/wp-content\/uploads\/2024\/08\/DSC02058-1024x1536.jpeg 1024w, https:\/\/vimagazine.com.br\/wp-content\/uploads\/2024\/08\/DSC02058.jpeg 1280w\" sizes=\"(max-width: 683px) 100vw, 683px\" \/><\/figure>\n\n\n\n<p><strong>Um Olhar para o Futuro<\/strong><\/p>\n\n\n\n<p>Yara Castanha n\u00e3o apenas se destaca como atriz, mas tamb\u00e9m como uma empres\u00e1ria vision\u00e1ria. Sua determina\u00e7\u00e3o e paix\u00e3o pelo que faz s\u00e3o evidentes em cada produto de sua linha. A entrada no mercado americano \u00e9 um passo audacioso e promissor, e Yara est\u00e1 preparada para enfrentar este desafio com a mesma garra que a tornou um \u00edcone no Brasil.<\/p>\n\n\n\n<p>Fiquem de olho! Em breve, os produtos da linha Yara Castanha estar\u00e3o dispon\u00edveis na Amazon Calif\u00f3rnia, prontos para encantar os consumidores americanos com a beleza e a sustentabilidade do Brasil.<\/p>\n\n\n\n<p><\/p>\n\n\n\n<p><\/p>\n","protected":false},"excerpt":{"rendered":"<p>A atriz e empres\u00e1ria Yara Castanha est\u00e1 pronta para levar sua marca de cosm\u00e9ticos para&#8230;<\/p>\n","protected":false},"author":1,"featured_media":15333,"comment_status":"closed","ping_status":"open","sticky":false,"template":"","format":"standard","meta":{"om_disable_all_campaigns":false,"_monsterinsights_skip_tracking":false,"_monsterinsights_sitenote_active":false,"_monsterinsights_sitenote_note":"","_monsterinsights_sitenote_category":0,"spay_email":""},"categories":[27,1],"tags":[],"jetpack_featured_media_url":"https:\/\/vimagazine.com.br\/wp-content\/uploads\/2024\/08\/DSC02065.jpeg","_links":{"self":[{"href":"https:\/\/vimagazine.com.br\/index.php?rest_route=\/wp\/v2\/posts\/15329"}],"collection":[{"href":"https:\/\/vimagazine.com.br\/index.php?rest_route=\/wp\/v2\/posts"}],"about":[{"href":"https:\/\/vimagazine.com.br\/index.php?rest_route=\/wp\/v2\/types\/post"}],"author":[{"embeddable":true,"href":"https:\/\/vimagazine.com.br\/index.php?rest_route=\/wp\/v2\/users\/1"}],"replies":[{"embeddable":true,"href":"https:\/\/vimagazine.com.br\/index.php?rest_route=%2Fwp%2Fv2%2Fcomments&post=15329"}],"version-history":[{"count":1,"href":"https:\/\/vimagazine.com.br\/index.php?rest_route=\/wp\/v2\/posts\/15329\/revisions"}],"predecessor-version":[{"id":15334,"href":"https:\/\/vimagazine.com.br\/index.php?rest_route=\/wp\/v2\/posts\/15329\/revisions\/15334"}],"wp:featuredmedia":[{"embeddable":true,"href":"https:\/\/vimagazine.com.br\/index.php?rest_route=\/wp\/v2\/media\/15333"}],"wp:attachment":[{"href":"https:\/\/vimagazine.com.br\/index.php?rest_route=%2Fwp%2Fv2%2Fmedia&parent=15329"}],"wp:term":[{"taxonomy":"category","embeddable":true,"href":"https:\/\/vimagazine.com.br\/index.php?rest_route=%2Fwp%2Fv2%2Fcategories&post=15329"},{"taxonomy":"post_tag","embeddable":true,"href":"https:\/\/vimagazine.com.br\/index.php?rest_route=%2Fwp%2Fv2%2Ftags&post=15329"}],"curies":[{"name":"wp","href":"https:\/\/api.w.org\/{rel}","templated":true}]}}