{"id":15344,"date":"2024-08-20T20:15:37","date_gmt":"2024-08-20T23:15:37","guid":{"rendered":"https:\/\/vimagazine.com.br\/?p=15344"},"modified":"2024-08-20T20:15:38","modified_gmt":"2024-08-20T23:15:38","slug":"calvin-klein-anuncia-nova-campanha-estrelando-greta-lee","status":"publish","type":"post","link":"https:\/\/vimagazine.com.br\/?p=15344","title":{"rendered":"Calvin Klein anuncia nova campanha estrelando Greta Lee"},"content":{"rendered":"\n<p><\/p>\n\n\n\n<p><\/p>\n\n\n\n<p class=\"has-medium-font-size\"><strong>A Calvin Klein revela hoje a sua campanha de Fall 2024 com a aclamada atriz Greta Lee, que realiza a sua estreia na marca.<\/strong><\/p>\n\n\n\n<p>Dirigida e fotografada por Mert Alas, a campanha retrata momentos cotidianos atrav\u00e9s de lentes que refletem a confian\u00e7a de Greta enquanto ela passa pelo seu dia. Vestindo as cl\u00e1ssicas roupas \u00edntimas da CK, a intensidade de Greta \u00e9 capturada a partir do momento em que ela sai no sol da manh\u00e3 \u2013 repleta de autenticidade, sensualidade e empoderamento. O v\u00eddeo da campanha, com a m\u00fasica &#8220;We Got the Beat&#8221;, do The Go-Go&#8217;s, amplia a energia da atriz e seu estilo imponente para essa nova temporada.<\/p>\n\n\n\n<p>&#8220;Fazer parte desta campanha significa muito para mim, pois eu pude realmente expressar quem eu verdadeiramente sou e ainda mostrar um lado meu que eu nunca havia mostrado antes&#8221;, diz Greta Lee. &#8220;Trabalhar com o Mert e o time Calvin Klein, ainda mais vestindo as pe\u00e7as de underwear da marca, fez com que eu realmente imprimisse essa confian\u00e7a, for\u00e7a e gratid\u00e3o pela minha vida, minha fam\u00edlia e meu corpo. Foi uma experi\u00eancia radical e emocional para mim, e estou muito orgulhosa por isso&#8221;.<\/p>\n\n\n\n<p>Fall 2024 foi inspirada pela energia el\u00e9trica do outono na cidade, trazendo as texturas arquitet\u00f4nicas e a paleta de cor do nascer ao p\u00f4r-do-sol da paisagem urbana, propondo uma nova luz \u00e0s pe\u00e7as essenciais da Calvin Klein.<\/p>\n\n\n\n<p>A campanha lan\u00e7a globalmente no dia 20 de agosto. Todo o material com a Greta ser\u00e1 publicado nas redes sociais da @calvinkleinbrasil ao longo de toda a semana.<\/p>\n\n\n\n<p>Fall 2024 da Calvin Klein ser\u00e1 revelada pela temporada, apresentando os talentos din\u00e2micos da marca desde o per\u00edodo da manh\u00e3 at\u00e9 o p\u00f4r-do-sol, brilhando uma nova luz na marca e no seu guarda-roupa essencial. Fique ligado no pr\u00f3ximo cap\u00edtulo.<\/p>\n\n\n\n<p><\/p>\n\n\n\n<figure class=\"wp-container-2 wp-block-gallery-1 wp-block-gallery has-nested-images columns-default is-cropped\">\n<figure class=\"wp-block-image size-large\"><img width=\"960\" height=\"768\" data-id=\"15345\"  src=\"https:\/\/vimagazine.com.br\/wp-content\/uploads\/2024\/08\/4f87ee8c-f278-4dfd-8956-7551e4461f49.jpg\" alt=\"\" class=\"wp-image-15345\" srcset=\"https:\/\/vimagazine.com.br\/wp-content\/uploads\/2024\/08\/4f87ee8c-f278-4dfd-8956-7551e4461f49.jpg 960w, https:\/\/vimagazine.com.br\/wp-content\/uploads\/2024\/08\/4f87ee8c-f278-4dfd-8956-7551e4461f49-300x240.jpg 300w, https:\/\/vimagazine.com.br\/wp-content\/uploads\/2024\/08\/4f87ee8c-f278-4dfd-8956-7551e4461f49-768x614.jpg 768w\" sizes=\"(max-width: 960px) 100vw, 960px\" \/><\/figure>\n\n\n\n<figure class=\"wp-block-image size-large\"><img width=\"960\" height=\"768\" data-id=\"15346\"  src=\"https:\/\/vimagazine.com.br\/wp-content\/uploads\/2024\/08\/d2744c16-fd41-4d9f-b623-8b5b433432ff.jpg\" alt=\"\" class=\"wp-image-15346\" srcset=\"https:\/\/vimagazine.com.br\/wp-content\/uploads\/2024\/08\/d2744c16-fd41-4d9f-b623-8b5b433432ff.jpg 960w, https:\/\/vimagazine.com.br\/wp-content\/uploads\/2024\/08\/d2744c16-fd41-4d9f-b623-8b5b433432ff-300x240.jpg 300w, https:\/\/vimagazine.com.br\/wp-content\/uploads\/2024\/08\/d2744c16-fd41-4d9f-b623-8b5b433432ff-768x614.jpg 768w\" sizes=\"(max-width: 960px) 100vw, 960px\" \/><\/figure>\n\n\n\n<figure class=\"wp-block-image size-large\"><img width=\"960\" height=\"768\" data-id=\"15347\"  src=\"https:\/\/vimagazine.com.br\/wp-content\/uploads\/2024\/08\/976895c4-c636-4988-bd2e-c3a785ad2f20.jpg\" alt=\"\" class=\"wp-image-15347\" srcset=\"https:\/\/vimagazine.com.br\/wp-content\/uploads\/2024\/08\/976895c4-c636-4988-bd2e-c3a785ad2f20.jpg 960w, https:\/\/vimagazine.com.br\/wp-content\/uploads\/2024\/08\/976895c4-c636-4988-bd2e-c3a785ad2f20-300x240.jpg 300w, https:\/\/vimagazine.com.br\/wp-content\/uploads\/2024\/08\/976895c4-c636-4988-bd2e-c3a785ad2f20-768x614.jpg 768w\" sizes=\"(max-width: 960px) 100vw, 960px\" \/><\/figure>\n<\/figure>\n\n\n\n<p><\/p>\n\n\n\n<p><strong>Campanha<\/strong>:<\/p>\n\n\n\n<p>Dire\u00e7\u00e3o e fotografia por Mert Alas<\/p>\n\n\n\n<p>Styling por Emmanuele Alt<\/p>\n\n\n\n<p><strong>Editoria<\/strong>l:<\/p>\n\n\n\n<p>Calvin Klein<\/p>\n\n\n\n<p><strong>Redes Sociais<\/strong>:<\/p>\n\n\n\n<p>@calvinkleinbrasil<\/p>\n","protected":false},"excerpt":{"rendered":"<p>A Calvin Klein revela hoje a sua campanha de Fall 2024 com a aclamada atriz&#8230;<\/p>\n","protected":false},"author":1,"featured_media":15348,"comment_status":"closed","ping_status":"open","sticky":false,"template":"","format":"standard","meta":{"om_disable_all_campaigns":false,"_monsterinsights_skip_tracking":false,"_monsterinsights_sitenote_active":false,"_monsterinsights_sitenote_note":"","_monsterinsights_sitenote_category":0,"spay_email":""},"categories":[1],"tags":[],"jetpack_featured_media_url":"https:\/\/vimagazine.com.br\/wp-content\/uploads\/2024\/08\/b84aa6e9-e299-4060-9767-9ebeadc16cd8.jpg","_links":{"self":[{"href":"https:\/\/vimagazine.com.br\/index.php?rest_route=\/wp\/v2\/posts\/15344"}],"collection":[{"href":"https:\/\/vimagazine.com.br\/index.php?rest_route=\/wp\/v2\/posts"}],"about":[{"href":"https:\/\/vimagazine.com.br\/index.php?rest_route=\/wp\/v2\/types\/post"}],"author":[{"embeddable":true,"href":"https:\/\/vimagazine.com.br\/index.php?rest_route=\/wp\/v2\/users\/1"}],"replies":[{"embeddable":true,"href":"https:\/\/vimagazine.com.br\/index.php?rest_route=%2Fwp%2Fv2%2Fcomments&post=15344"}],"version-history":[{"count":1,"href":"https:\/\/vimagazine.com.br\/index.php?rest_route=\/wp\/v2\/posts\/15344\/revisions"}],"predecessor-version":[{"id":15349,"href":"https:\/\/vimagazine.com.br\/index.php?rest_route=\/wp\/v2\/posts\/15344\/revisions\/15349"}],"wp:featuredmedia":[{"embeddable":true,"href":"https:\/\/vimagazine.com.br\/index.php?rest_route=\/wp\/v2\/media\/15348"}],"wp:attachment":[{"href":"https:\/\/vimagazine.com.br\/index.php?rest_route=%2Fwp%2Fv2%2Fmedia&parent=15344"}],"wp:term":[{"taxonomy":"category","embeddable":true,"href":"https:\/\/vimagazine.com.br\/index.php?rest_route=%2Fwp%2Fv2%2Fcategories&post=15344"},{"taxonomy":"post_tag","embeddable":true,"href":"https:\/\/vimagazine.com.br\/index.php?rest_route=%2Fwp%2Fv2%2Ftags&post=15344"}],"curies":[{"name":"wp","href":"https:\/\/api.w.org\/{rel}","templated":true}]}}