{"id":15350,"date":"2024-08-22T08:09:00","date_gmt":"2024-08-22T11:09:00","guid":{"rendered":"https:\/\/vimagazine.com.br\/?p=15350"},"modified":"2024-08-22T10:50:45","modified_gmt":"2024-08-22T13:50:45","slug":"estilista-maisa-gouveia-elevando-a-alta-costura-brasileira-na-europa%ef%bf%bc","status":"publish","type":"post","link":"https:\/\/vimagazine.com.br\/?p=15350","title":{"rendered":"Estilista Ma\u00edsa Gouveia elevando a alta costura brasileira na Europa"},"content":{"rendered":"\n<p>A renomada estilista goiana Ma\u00edsa Gouveia continua a consolidar seu nome no cen\u00e1rio internacional da alta costura. Reconhecida por suas cria\u00e7\u00f5es que transcendem fronteiras, Ma\u00edsa vem ganhando destaque nas p\u00e1ginas da imprensa internacional, levando o talento brasileiro para os mais prestigiados eventos ao redor do mundo.<\/p>\n\n\n\n<p>Recentemente, Ma\u00edsa recebeu uma men\u00e7\u00e3o honrosa no Rio de Janeiro, durante o pr\u00eamio &#8220;Mulheres de Valor&#8221;, em reconhecimento ao seu impacto na moda. Esse pr\u00eamio ressalta a dedica\u00e7\u00e3o e a maestria que Ma\u00edsa aplica em cada pe\u00e7a que desenha, transformando o vestu\u00e1rio em verdadeiras obras de arte.<\/p>\n\n\n\n<figure class=\"wp-block-image size-large\"><img width=\"1024\" height=\"768\" src=\"https:\/\/vimagazine.com.br\/wp-content\/uploads\/2024\/08\/WhatsApp-Image-2024-08-20-at-09.05.07-1024x768.jpeg\" alt=\"\" class=\"wp-image-15351\" srcset=\"https:\/\/vimagazine.com.br\/wp-content\/uploads\/2024\/08\/WhatsApp-Image-2024-08-20-at-09.05.07-1024x768.jpeg 1024w, https:\/\/vimagazine.com.br\/wp-content\/uploads\/2024\/08\/WhatsApp-Image-2024-08-20-at-09.05.07-300x225.jpeg 300w, https:\/\/vimagazine.com.br\/wp-content\/uploads\/2024\/08\/WhatsApp-Image-2024-08-20-at-09.05.07-768x576.jpeg 768w, https:\/\/vimagazine.com.br\/wp-content\/uploads\/2024\/08\/WhatsApp-Image-2024-08-20-at-09.05.07-1536x1152.jpeg 1536w, https:\/\/vimagazine.com.br\/wp-content\/uploads\/2024\/08\/WhatsApp-Image-2024-08-20-at-09.05.07.jpeg 1600w\" sizes=\"(max-width: 1024px) 100vw, 1024px\" \/><figcaption>A noiva Hannah e da m\u00e3e do noivo, Mara. \n<\/figcaption><\/figure>\n\n\n\n<p>Neste m\u00eas de agosto, a estilista foi escolhida para uma miss\u00e3o especial: confeccionar os vestidos para um casamento na Esc\u00f3cia. Ma\u00edsa foi respons\u00e1vel por criar os trajes deslumbrantes da noiva Hannah e da m\u00e3e do noivo, Mara, para a cerim\u00f4nia realizada em 22 de junho de 2024 na Queen &#8216;s Park Baptist Church, em Glasgow. A recep\u00e7\u00e3o, que aconteceu no Pollock Shields Borough Hall, foi um evento marcante, onde os vestidos de Ma\u00edsa e Nat\u00e1lia Gouveia se destacaram, refletindo a eleg\u00e2ncia e a sofistica\u00e7\u00e3o caracter\u00edsticas de suas cria\u00e7\u00f5es.&nbsp;<\/p>\n\n\n\n<figure class=\"wp-block-image aligncenter size-large\"><img width=\"768\" height=\"1024\" src=\"https:\/\/vimagazine.com.br\/wp-content\/uploads\/2024\/08\/WhatsApp-Image-2024-08-20-at-09.05.06-768x1024.jpeg\" alt=\"\" class=\"wp-image-15352\" srcset=\"https:\/\/vimagazine.com.br\/wp-content\/uploads\/2024\/08\/WhatsApp-Image-2024-08-20-at-09.05.06-768x1024.jpeg 768w, https:\/\/vimagazine.com.br\/wp-content\/uploads\/2024\/08\/WhatsApp-Image-2024-08-20-at-09.05.06-225x300.jpeg 225w, https:\/\/vimagazine.com.br\/wp-content\/uploads\/2024\/08\/WhatsApp-Image-2024-08-20-at-09.05.06-1152x1536.jpeg 1152w, https:\/\/vimagazine.com.br\/wp-content\/uploads\/2024\/08\/WhatsApp-Image-2024-08-20-at-09.05.06-1024x1365.jpeg 1024w, https:\/\/vimagazine.com.br\/wp-content\/uploads\/2024\/08\/WhatsApp-Image-2024-08-20-at-09.05.06.jpeg 1440w\" sizes=\"(max-width: 768px) 100vw, 768px\" \/><figcaption>A m\u00e3e do noivo, Mara. \n<\/figcaption><\/figure>\n\n\n\n<p>Ap\u00f3s o sucesso na Esc\u00f3cia, Ma\u00edsa j\u00e1 est\u00e1 com novos compromissos no horizonte. No pr\u00f3ximo dia 30 de agosto, a estilista embarca para S\u00e3o Paulo, onde participar\u00e1 como jurada do concurso Miss Brasil Terra 2024. Al\u00e9m de sua participa\u00e7\u00e3o no j\u00fari, Ma\u00edsa tamb\u00e9m \u00e9 a respons\u00e1vel pelos vestidos que ser\u00e3o usados pelas seis primeiras colocadas no momento da premia\u00e7\u00e3o, reafirmando seu papel central na moda brasileira.<\/p>\n\n\n\n<p>Ma\u00edsa Gouveia continua a trilhar um caminho de sucesso, elevando o nome da alta costura nacional e inspirando futuras gera\u00e7\u00f5es de estilistas com sua dedica\u00e7\u00e3o e talento inigual\u00e1vel.<\/p>\n","protected":false},"excerpt":{"rendered":"<p>A renomada estilista goiana Ma\u00edsa Gouveia continua a consolidar seu nome no cen\u00e1rio internacional da&#8230;<\/p>\n","protected":false},"author":18,"featured_media":15400,"comment_status":"closed","ping_status":"open","sticky":false,"template":"","format":"standard","meta":{"om_disable_all_campaigns":false,"_monsterinsights_skip_tracking":false,"_monsterinsights_sitenote_active":false,"_monsterinsights_sitenote_note":"","_monsterinsights_sitenote_category":0,"spay_email":""},"categories":[1],"tags":[110,309,893,79,288,349],"jetpack_featured_media_url":"https:\/\/vimagazine.com.br\/wp-content\/uploads\/2024\/08\/01_.jpg","_links":{"self":[{"href":"https:\/\/vimagazine.com.br\/index.php?rest_route=\/wp\/v2\/posts\/15350"}],"collection":[{"href":"https:\/\/vimagazine.com.br\/index.php?rest_route=\/wp\/v2\/posts"}],"about":[{"href":"https:\/\/vimagazine.com.br\/index.php?rest_route=\/wp\/v2\/types\/post"}],"author":[{"embeddable":true,"href":"https:\/\/vimagazine.com.br\/index.php?rest_route=\/wp\/v2\/users\/18"}],"replies":[{"embeddable":true,"href":"https:\/\/vimagazine.com.br\/index.php?rest_route=%2Fwp%2Fv2%2Fcomments&post=15350"}],"version-history":[{"count":3,"href":"https:\/\/vimagazine.com.br\/index.php?rest_route=\/wp\/v2\/posts\/15350\/revisions"}],"predecessor-version":[{"id":15401,"href":"https:\/\/vimagazine.com.br\/index.php?rest_route=\/wp\/v2\/posts\/15350\/revisions\/15401"}],"wp:featuredmedia":[{"embeddable":true,"href":"https:\/\/vimagazine.com.br\/index.php?rest_route=\/wp\/v2\/media\/15400"}],"wp:attachment":[{"href":"https:\/\/vimagazine.com.br\/index.php?rest_route=%2Fwp%2Fv2%2Fmedia&parent=15350"}],"wp:term":[{"taxonomy":"category","embeddable":true,"href":"https:\/\/vimagazine.com.br\/index.php?rest_route=%2Fwp%2Fv2%2Fcategories&post=15350"},{"taxonomy":"post_tag","embeddable":true,"href":"https:\/\/vimagazine.com.br\/index.php?rest_route=%2Fwp%2Fv2%2Ftags&post=15350"}],"curies":[{"name":"wp","href":"https:\/\/api.w.org\/{rel}","templated":true}]}}