{"id":15380,"date":"2024-08-21T17:40:20","date_gmt":"2024-08-21T20:40:20","guid":{"rendered":"https:\/\/vimagazine.com.br\/?p=15380"},"modified":"2024-08-21T18:52:56","modified_gmt":"2024-08-21T21:52:56","slug":"kristhel-byancco-celebra-lancamento-do-seu-livro-lapidando-vidas-na-livraria-argumento","status":"publish","type":"post","link":"https:\/\/vimagazine.com.br\/?p=15380","title":{"rendered":"Kristhel Byancco celebra lan\u00e7amento do seu livro \u2018Lapidando Vidas\u2019 na Livraria Argumento\u00a0"},"content":{"rendered":"\n<p>Nesta ter\u00e7a-feira (20) a multifacetada atriz, empres\u00e1ria, palestrante e escritora Kristhel Byancco lan\u00e7ou&nbsp; seu novo livro \u201cLapidando Vidas \u201c na livraria Argumento, no Leblon.<\/p>\n\n\n\n<p>Rodeada de amigos e formadores de opini\u00e3o, a autora distribuiu aut\u00f3grafos e sorrisos para todos os presentes ao evento.<\/p>\n\n\n\n<p>\u201cLapidando Vidas\u201d \u00e9 uma obra de autoajuda que est\u00e1 sendo lan\u00e7ada em v\u00e1rios estados do Brasil e em outros pa\u00edses, como EUA, Portugal, It\u00e1lia e Emirados \u00c1rabes-Dubai.<\/p>\n\n\n\n<figure class=\"wp-container-2 wp-block-gallery-1 wp-block-gallery has-nested-images columns-4 is-cropped\">\n<figure class=\"wp-block-image size-large\"><img width=\"1426\" height=\"1600\" data-id=\"15394\"  src=\"https:\/\/vimagazine.com.br\/wp-content\/uploads\/2024\/08\/Lancamento-Kristel-Rio-de-Janeiro-Foto-Marcelo-Borgongino-2.jpeg\" alt=\"\" class=\"wp-image-15394\" srcset=\"https:\/\/vimagazine.com.br\/wp-content\/uploads\/2024\/08\/Lancamento-Kristel-Rio-de-Janeiro-Foto-Marcelo-Borgongino-2.jpeg 1426w, https:\/\/vimagazine.com.br\/wp-content\/uploads\/2024\/08\/Lancamento-Kristel-Rio-de-Janeiro-Foto-Marcelo-Borgongino-2-267x300.jpeg 267w, https:\/\/vimagazine.com.br\/wp-content\/uploads\/2024\/08\/Lancamento-Kristel-Rio-de-Janeiro-Foto-Marcelo-Borgongino-2-913x1024.jpeg 913w, https:\/\/vimagazine.com.br\/wp-content\/uploads\/2024\/08\/Lancamento-Kristel-Rio-de-Janeiro-Foto-Marcelo-Borgongino-2-768x862.jpeg 768w, https:\/\/vimagazine.com.br\/wp-content\/uploads\/2024\/08\/Lancamento-Kristel-Rio-de-Janeiro-Foto-Marcelo-Borgongino-2-1369x1536.jpeg 1369w, https:\/\/vimagazine.com.br\/wp-content\/uploads\/2024\/08\/Lancamento-Kristel-Rio-de-Janeiro-Foto-Marcelo-Borgongino-2-1024x1149.jpeg 1024w\" sizes=\"(max-width: 1426px) 100vw, 1426px\" \/><figcaption>Lan\u00e7amento  \u201cLapidando Vidas\u201d Rio de Janeiro &#8211; Foto: Marcelo Borgongino \n<\/figcaption><\/figure>\n\n\n\n<figure class=\"wp-block-image size-large\"><img width=\"1600\" height=\"1254\" data-id=\"15393\"  src=\"https:\/\/vimagazine.com.br\/wp-content\/uploads\/2024\/08\/Lancamento-Kristel-Rio-de-Janeiro-Foto-Marcelo-Borgongino-1.jpeg\" alt=\"\" class=\"wp-image-15393\" srcset=\"https:\/\/vimagazine.com.br\/wp-content\/uploads\/2024\/08\/Lancamento-Kristel-Rio-de-Janeiro-Foto-Marcelo-Borgongino-1.jpeg 1600w, https:\/\/vimagazine.com.br\/wp-content\/uploads\/2024\/08\/Lancamento-Kristel-Rio-de-Janeiro-Foto-Marcelo-Borgongino-1-300x235.jpeg 300w, https:\/\/vimagazine.com.br\/wp-content\/uploads\/2024\/08\/Lancamento-Kristel-Rio-de-Janeiro-Foto-Marcelo-Borgongino-1-1024x803.jpeg 1024w, https:\/\/vimagazine.com.br\/wp-content\/uploads\/2024\/08\/Lancamento-Kristel-Rio-de-Janeiro-Foto-Marcelo-Borgongino-1-768x602.jpeg 768w, https:\/\/vimagazine.com.br\/wp-content\/uploads\/2024\/08\/Lancamento-Kristel-Rio-de-Janeiro-Foto-Marcelo-Borgongino-1-1536x1204.jpeg 1536w\" sizes=\"(max-width: 1600px) 100vw, 1600px\" \/><figcaption>Lan\u00e7amento  \u201cLapidando Vidas\u201d Rio de Janeiro &#8211; Foto: Marcelo Borgongino \n<\/figcaption><\/figure>\n\n\n\n<figure class=\"wp-block-image size-large\"><img width=\"1170\" height=\"700\" data-id=\"15392\"  src=\"https:\/\/vimagazine.com.br\/wp-content\/uploads\/2024\/08\/Lancamento-Kristel-Rio-de-Janeiro-Foto-Alex-Curty-12.jpg\" alt=\"\" class=\"wp-image-15392\" srcset=\"https:\/\/vimagazine.com.br\/wp-content\/uploads\/2024\/08\/Lancamento-Kristel-Rio-de-Janeiro-Foto-Alex-Curty-12.jpg 1170w, https:\/\/vimagazine.com.br\/wp-content\/uploads\/2024\/08\/Lancamento-Kristel-Rio-de-Janeiro-Foto-Alex-Curty-12-300x179.jpg 300w, https:\/\/vimagazine.com.br\/wp-content\/uploads\/2024\/08\/Lancamento-Kristel-Rio-de-Janeiro-Foto-Alex-Curty-12-1024x613.jpg 1024w, https:\/\/vimagazine.com.br\/wp-content\/uploads\/2024\/08\/Lancamento-Kristel-Rio-de-Janeiro-Foto-Alex-Curty-12-768x459.jpg 768w\" sizes=\"(max-width: 1170px) 100vw, 1170px\" \/><figcaption>Lan\u00e7amento \u201cLapidando Vidas\u201d Rio de Janeiro &#8211; Foto: Alex Curty\n<\/figcaption><\/figure>\n\n\n\n<figure class=\"wp-block-image size-large\"><img width=\"1024\" height=\"1280\" data-id=\"15391\"  src=\"https:\/\/vimagazine.com.br\/wp-content\/uploads\/2024\/08\/Lancamento-Kristel-Rio-de-Janeiro-Foto-Alex-Curty-11.jpeg\" alt=\"\" class=\"wp-image-15391\" srcset=\"https:\/\/vimagazine.com.br\/wp-content\/uploads\/2024\/08\/Lancamento-Kristel-Rio-de-Janeiro-Foto-Alex-Curty-11.jpeg 1024w, https:\/\/vimagazine.com.br\/wp-content\/uploads\/2024\/08\/Lancamento-Kristel-Rio-de-Janeiro-Foto-Alex-Curty-11-240x300.jpeg 240w, https:\/\/vimagazine.com.br\/wp-content\/uploads\/2024\/08\/Lancamento-Kristel-Rio-de-Janeiro-Foto-Alex-Curty-11-819x1024.jpeg 819w, https:\/\/vimagazine.com.br\/wp-content\/uploads\/2024\/08\/Lancamento-Kristel-Rio-de-Janeiro-Foto-Alex-Curty-11-768x960.jpeg 768w\" sizes=\"(max-width: 1024px) 100vw, 1024px\" \/><figcaption>Lan\u00e7amento \u201cLapidando Vidas\u201d Rio de Janeiro &#8211; Foto: Alex Curty\n<\/figcaption><\/figure>\n\n\n\n<figure class=\"wp-block-image size-large\"><img width=\"1024\" height=\"1280\" data-id=\"15390\"  src=\"https:\/\/vimagazine.com.br\/wp-content\/uploads\/2024\/08\/Lancamento-Kristel-Rio-de-Janeiro-Foto-Alex-Curty-10.jpeg\" alt=\"\" class=\"wp-image-15390\" srcset=\"https:\/\/vimagazine.com.br\/wp-content\/uploads\/2024\/08\/Lancamento-Kristel-Rio-de-Janeiro-Foto-Alex-Curty-10.jpeg 1024w, https:\/\/vimagazine.com.br\/wp-content\/uploads\/2024\/08\/Lancamento-Kristel-Rio-de-Janeiro-Foto-Alex-Curty-10-240x300.jpeg 240w, https:\/\/vimagazine.com.br\/wp-content\/uploads\/2024\/08\/Lancamento-Kristel-Rio-de-Janeiro-Foto-Alex-Curty-10-819x1024.jpeg 819w, https:\/\/vimagazine.com.br\/wp-content\/uploads\/2024\/08\/Lancamento-Kristel-Rio-de-Janeiro-Foto-Alex-Curty-10-768x960.jpeg 768w\" sizes=\"(max-width: 1024px) 100vw, 1024px\" \/><figcaption>Lan\u00e7amento \u201cLapidando Vidas\u201d Rio de Janeiro &#8211; Foto: Alex Curty\n<\/figcaption><\/figure>\n\n\n\n<figure class=\"wp-block-image size-large\"><img width=\"1280\" height=\"1076\" data-id=\"15397\"  src=\"https:\/\/vimagazine.com.br\/wp-content\/uploads\/2024\/08\/Lancamento-Lapidando-Vidas-Rio-de-Janeiro-Foto-Marcelo-Borgongino.jpeg\" alt=\"\" class=\"wp-image-15397\" srcset=\"https:\/\/vimagazine.com.br\/wp-content\/uploads\/2024\/08\/Lancamento-Lapidando-Vidas-Rio-de-Janeiro-Foto-Marcelo-Borgongino.jpeg 1280w, https:\/\/vimagazine.com.br\/wp-content\/uploads\/2024\/08\/Lancamento-Lapidando-Vidas-Rio-de-Janeiro-Foto-Marcelo-Borgongino-300x252.jpeg 300w, https:\/\/vimagazine.com.br\/wp-content\/uploads\/2024\/08\/Lancamento-Lapidando-Vidas-Rio-de-Janeiro-Foto-Marcelo-Borgongino-1024x861.jpeg 1024w, https:\/\/vimagazine.com.br\/wp-content\/uploads\/2024\/08\/Lancamento-Lapidando-Vidas-Rio-de-Janeiro-Foto-Marcelo-Borgongino-768x646.jpeg 768w\" sizes=\"(max-width: 1280px) 100vw, 1280px\" \/><figcaption>Lan\u00e7amento  \u201cLapidando Vidas\u201d Rio de Janeiro &#8211; Foto Marcelo Borgongino \n<\/figcaption><\/figure>\n<\/figure>\n\n\n\n<p>Entre as personalidades que prestigiaram a autora marcaram presen\u00e7a : Terezinha Sodr\u00e9,Helcio Hime, Magda Cotrofe, Vera Valeska, Beto Simas e os filhos Newton, Rebeca Rique, Lilian Nunes , Roberto Monteiro de Pinho, Pepo Fiqueredo , Marcella Clark , San Martini e a estilista Zanco.&nbsp;<\/p>\n\n\n\n<p>O livro \u201cLapidando Vidas: seja um diamante \u00fanico com mente brilhante\u201d, pela editora Livr(a), tamb\u00e9m est\u00e1 dispon\u00edvel na plataforma Amazon, foi lan\u00e7ado em dois eventos na cidade de S\u00e3o Paulo, e em Bras\u00edlia, Distrito Federal. A autora tem sido convidada para levar sua palestra \u201cGuia de Estilo Batom Vermelho e Salto Alto\u201d e sua obra liter\u00e1ria para v\u00e1rios estados do Brasil e outros pa\u00edses, a exemplo de Portugal, It\u00e1lia e Dubai para abordar a autoestima, estilo e identidade.<\/p>\n\n\n\n<figure class=\"wp-container-4 wp-block-gallery-3 wp-block-gallery has-nested-images columns-4 is-cropped\">\n<figure class=\"wp-block-image size-large\"><img width=\"1024\" height=\"1280\" data-id=\"15389\"  src=\"https:\/\/vimagazine.com.br\/wp-content\/uploads\/2024\/08\/Lancamento-Kristel-Rio-de-Janeiro-Foto-Alex-Curty-9.jpeg\" alt=\"\" class=\"wp-image-15389\" srcset=\"https:\/\/vimagazine.com.br\/wp-content\/uploads\/2024\/08\/Lancamento-Kristel-Rio-de-Janeiro-Foto-Alex-Curty-9.jpeg 1024w, https:\/\/vimagazine.com.br\/wp-content\/uploads\/2024\/08\/Lancamento-Kristel-Rio-de-Janeiro-Foto-Alex-Curty-9-240x300.jpeg 240w, https:\/\/vimagazine.com.br\/wp-content\/uploads\/2024\/08\/Lancamento-Kristel-Rio-de-Janeiro-Foto-Alex-Curty-9-819x1024.jpeg 819w, https:\/\/vimagazine.com.br\/wp-content\/uploads\/2024\/08\/Lancamento-Kristel-Rio-de-Janeiro-Foto-Alex-Curty-9-768x960.jpeg 768w\" sizes=\"(max-width: 1024px) 100vw, 1024px\" \/><figcaption>Lan\u00e7amento \u201cLapidando Vidas\u201d Rio de Janeiro &#8211; Foto: Alex Curty\n<\/figcaption><\/figure>\n\n\n\n<figure class=\"wp-block-image size-large\"><img width=\"1024\" height=\"1280\" data-id=\"15387\"  src=\"https:\/\/vimagazine.com.br\/wp-content\/uploads\/2024\/08\/Lancamento-Kristel-Rio-de-Janeiro-Foto-Alex-Curty-7.jpeg\" alt=\"\" class=\"wp-image-15387\" srcset=\"https:\/\/vimagazine.com.br\/wp-content\/uploads\/2024\/08\/Lancamento-Kristel-Rio-de-Janeiro-Foto-Alex-Curty-7.jpeg 1024w, https:\/\/vimagazine.com.br\/wp-content\/uploads\/2024\/08\/Lancamento-Kristel-Rio-de-Janeiro-Foto-Alex-Curty-7-240x300.jpeg 240w, https:\/\/vimagazine.com.br\/wp-content\/uploads\/2024\/08\/Lancamento-Kristel-Rio-de-Janeiro-Foto-Alex-Curty-7-819x1024.jpeg 819w, https:\/\/vimagazine.com.br\/wp-content\/uploads\/2024\/08\/Lancamento-Kristel-Rio-de-Janeiro-Foto-Alex-Curty-7-768x960.jpeg 768w\" sizes=\"(max-width: 1024px) 100vw, 1024px\" \/><figcaption>Lan\u00e7amento \u201cLapidando Vidas\u201d Rio de Janeiro &#8211; Foto: Alex Curty\n<\/figcaption><\/figure>\n\n\n\n<figure class=\"wp-block-image size-large\"><img width=\"1280\" height=\"914\" data-id=\"15385\"  src=\"https:\/\/vimagazine.com.br\/wp-content\/uploads\/2024\/08\/Lancamento-Kristel-Rio-de-Janeiro-Foto-Alex-Curty-5.jpeg\" alt=\"\" class=\"wp-image-15385\" srcset=\"https:\/\/vimagazine.com.br\/wp-content\/uploads\/2024\/08\/Lancamento-Kristel-Rio-de-Janeiro-Foto-Alex-Curty-5.jpeg 1280w, https:\/\/vimagazine.com.br\/wp-content\/uploads\/2024\/08\/Lancamento-Kristel-Rio-de-Janeiro-Foto-Alex-Curty-5-300x214.jpeg 300w, https:\/\/vimagazine.com.br\/wp-content\/uploads\/2024\/08\/Lancamento-Kristel-Rio-de-Janeiro-Foto-Alex-Curty-5-1024x731.jpeg 1024w, https:\/\/vimagazine.com.br\/wp-content\/uploads\/2024\/08\/Lancamento-Kristel-Rio-de-Janeiro-Foto-Alex-Curty-5-768x548.jpeg 768w\" sizes=\"(max-width: 1280px) 100vw, 1280px\" \/><figcaption>Lan\u00e7amento \u201cLapidando Vidas\u201d Rio de Janeiro &#8211; Foto: Alex Curty\n<\/figcaption><\/figure>\n\n\n\n<figure class=\"wp-block-image size-large\"><img width=\"1280\" height=\"914\" data-id=\"15382\"  src=\"https:\/\/vimagazine.com.br\/wp-content\/uploads\/2024\/08\/Lancamento-Kristel-Rio-de-Janeiro-Foto-Alex-Curty-2.jpeg\" alt=\"\" class=\"wp-image-15382\" srcset=\"https:\/\/vimagazine.com.br\/wp-content\/uploads\/2024\/08\/Lancamento-Kristel-Rio-de-Janeiro-Foto-Alex-Curty-2.jpeg 1280w, https:\/\/vimagazine.com.br\/wp-content\/uploads\/2024\/08\/Lancamento-Kristel-Rio-de-Janeiro-Foto-Alex-Curty-2-300x214.jpeg 300w, https:\/\/vimagazine.com.br\/wp-content\/uploads\/2024\/08\/Lancamento-Kristel-Rio-de-Janeiro-Foto-Alex-Curty-2-1024x731.jpeg 1024w, https:\/\/vimagazine.com.br\/wp-content\/uploads\/2024\/08\/Lancamento-Kristel-Rio-de-Janeiro-Foto-Alex-Curty-2-768x548.jpeg 768w\" sizes=\"(max-width: 1280px) 100vw, 1280px\" \/><figcaption>Lan\u00e7amento \u201cLapidando Vidas\u201d Rio de Janeiro &#8211; Foto: Alex Curty\n<\/figcaption><\/figure>\n<\/figure>\n\n\n\n<p>Ap\u00f3s evento no Rio de Janeiro, a autora segue para Jo\u00e3o Pessoa, capital da Para\u00edba, onde participar\u00e1 de uma s\u00e9rie de eventos, de 22 a 28\/08. Kristhel possui um relacionamento, de mais de 20 anos, com o estado nordestino, marcado por trabalhos de assist\u00eancia social. Ela \u00e9 presidente da Funda\u00e7\u00e3o FEC \u2013 F\u00e9, Esperan\u00e7a e Caridade que ajudou a melhorar a qualidade de vida de milhares de pessoas, fam\u00edlias inteiras. Mesmo atuando tamb\u00e9m no Rio de Janeiro e S\u00e3o Paulo, a sede da institui\u00e7\u00e3o permanece na Para\u00edba. Ela tamb\u00e9m foi casada com o ex-deputado federal Ricardo Rique, que \u00e9 natural do Estado.<\/p>\n\n\n\n<p>No Nordeste, Para\u00edba e Alagoas, a escritora far\u00e1 parte, com palestra, lan\u00e7amento e aut\u00f3grafos do livro, da Rota das Empreendedora \u2013 Mulheres de Performance, que nasceu com o objetivo de fomentar neg\u00f3cios de mulheres por meio da troca de conhecimentos e ampliar a visibilidade dos estabelecimentos geridos por mulheres, liderada por Mayara Marinov, Mentora de Neg\u00f3cio Internacional.<\/p>\n\n\n\n<figure class=\"wp-container-6 wp-block-gallery-5 wp-block-gallery has-nested-images columns-default is-cropped\">\n<figure class=\"wp-block-image size-large\"><img width=\"1280\" height=\"914\" data-id=\"15386\"  src=\"https:\/\/vimagazine.com.br\/wp-content\/uploads\/2024\/08\/Lancamento-Kristel-Rio-de-Janeiro-Foto-Alex-Curty-6.jpeg\" alt=\"\" class=\"wp-image-15386\" srcset=\"https:\/\/vimagazine.com.br\/wp-content\/uploads\/2024\/08\/Lancamento-Kristel-Rio-de-Janeiro-Foto-Alex-Curty-6.jpeg 1280w, https:\/\/vimagazine.com.br\/wp-content\/uploads\/2024\/08\/Lancamento-Kristel-Rio-de-Janeiro-Foto-Alex-Curty-6-300x214.jpeg 300w, https:\/\/vimagazine.com.br\/wp-content\/uploads\/2024\/08\/Lancamento-Kristel-Rio-de-Janeiro-Foto-Alex-Curty-6-1024x731.jpeg 1024w, https:\/\/vimagazine.com.br\/wp-content\/uploads\/2024\/08\/Lancamento-Kristel-Rio-de-Janeiro-Foto-Alex-Curty-6-768x548.jpeg 768w\" sizes=\"(max-width: 1280px) 100vw, 1280px\" \/><figcaption>Lan\u00e7amento \u201cLapidando Vidas\u201d Rio de Janeiro &#8211; Foto: Alex Curty\n<\/figcaption><\/figure>\n\n\n\n<figure class=\"wp-block-image size-large\"><img width=\"1280\" height=\"914\" data-id=\"15384\"  src=\"https:\/\/vimagazine.com.br\/wp-content\/uploads\/2024\/08\/Lancamento-Kristel-Rio-de-Janeiro-Foto-Alex-Curty-4.jpeg\" alt=\"\" class=\"wp-image-15384\" srcset=\"https:\/\/vimagazine.com.br\/wp-content\/uploads\/2024\/08\/Lancamento-Kristel-Rio-de-Janeiro-Foto-Alex-Curty-4.jpeg 1280w, https:\/\/vimagazine.com.br\/wp-content\/uploads\/2024\/08\/Lancamento-Kristel-Rio-de-Janeiro-Foto-Alex-Curty-4-300x214.jpeg 300w, https:\/\/vimagazine.com.br\/wp-content\/uploads\/2024\/08\/Lancamento-Kristel-Rio-de-Janeiro-Foto-Alex-Curty-4-1024x731.jpeg 1024w, https:\/\/vimagazine.com.br\/wp-content\/uploads\/2024\/08\/Lancamento-Kristel-Rio-de-Janeiro-Foto-Alex-Curty-4-768x548.jpeg 768w\" sizes=\"(max-width: 1280px) 100vw, 1280px\" \/><figcaption>Lan\u00e7amento \u201cLapidando Vidas\u201d Rio de Janeiro &#8211; Foto: Alex Curty\n<\/figcaption><\/figure>\n\n\n\n<figure class=\"wp-block-image size-large\"><img width=\"1280\" height=\"914\" data-id=\"15388\"  src=\"https:\/\/vimagazine.com.br\/wp-content\/uploads\/2024\/08\/Lancamento-Kristel-Rio-de-Janeiro-Foto-Alex-Curty-8.jpeg\" alt=\"\" class=\"wp-image-15388\" srcset=\"https:\/\/vimagazine.com.br\/wp-content\/uploads\/2024\/08\/Lancamento-Kristel-Rio-de-Janeiro-Foto-Alex-Curty-8.jpeg 1280w, https:\/\/vimagazine.com.br\/wp-content\/uploads\/2024\/08\/Lancamento-Kristel-Rio-de-Janeiro-Foto-Alex-Curty-8-300x214.jpeg 300w, https:\/\/vimagazine.com.br\/wp-content\/uploads\/2024\/08\/Lancamento-Kristel-Rio-de-Janeiro-Foto-Alex-Curty-8-1024x731.jpeg 1024w, https:\/\/vimagazine.com.br\/wp-content\/uploads\/2024\/08\/Lancamento-Kristel-Rio-de-Janeiro-Foto-Alex-Curty-8-768x548.jpeg 768w\" sizes=\"(max-width: 1280px) 100vw, 1280px\" \/><figcaption>Lan\u00e7amento \u201cLapidando Vidas\u201d Rio de Janeiro &#8211; Foto: Alex Curty\n<\/figcaption><\/figure>\n<\/figure>\n\n\n\n<p>Atualmente, Kristhel vive entre S\u00e3o Paulo, Rio de Janeiro e Vit\u00f3ria, no Esp\u00edrito Santo. \u00c9 uma mulher de m\u00faltiplas fun\u00e7\u00f5es. A atriz brilhou nas telas da Rede Globo e nos teatros, mas o seu maior destaque foi na novela &#8220;Xica da Silva&#8221; (1996) , onde interpretou a esposa do Contratador Felisberto Caldeira Brant, a Emerenciana. CEO da La Byancco Com\u00e9rcio Produ\u00e7\u00f5es e Representa\u00e7\u00f5es Ltda h\u00e1 27 anos, fundadora e presidente da Funda\u00e7\u00e3o FEC &#8211; F\u00e9, Esperan\u00e7a e Caridade, desde 1999, embaixadora da paz pela Universal Peace Federation, membro da Academia de Ci\u00eancia, Letras e Artes de S\u00e3o Paulo (ACLASP) e embaixadora da ABME Mulher nacional. Tamb\u00e9m \u00e9 engajada nas causas sociais, em defesa das mulheres e dos menos favorecidos &#8211; idosos e moradores de rua. Sua hist\u00f3ria de protagonismo feminino tem inspirado muitas mulheres.<\/p>\n\n\n\n<p>Lapidando Vidas n\u00e3o \u00e9 o seu primeiro livro. Ela \u00e9 tamb\u00e9m autora de \u201cVoo de uma estrela\u201d, \u201cJornada da Reconstru\u00e7\u00e3o\u201d, \u201cInfinitos Segredos\u201d e coautora de mais quatro livros com o presidente da ACLASP, Roberto Ferrari, poetas e mulheres que fazem a diferen\u00e7a. No caminho de uma escritora experiente, em 2021, lan\u00e7ou \u201cInfinitos Segredos &#8211; Contos, Cr\u00f4nicas e Poesias\u201d tamb\u00e9m pela editora Livr(a), que traz em 198 p\u00e1ginas muito da personalidade da escritora, poetisa, atriz, designer de j\u00f3ias, da mulher destemida e identidade bem formada. Seu talento liter\u00e1rio e po\u00e9tico soma-se ao desenvolvimento de master coach motivacional e comportamental, palestrante e mentora pela SLAC (Sociedade Latina Americana de Coaching). Os livros da autora est\u00e3o em v\u00e1rias plataformas digitais e dispon\u00edveis no Sunset Woman &#8211; art design e literatura.<\/p>\n\n\n\n<p>A nova obra \u201cLapidando Vidas\u201d, com mais de 180 p\u00e1ginas, re\u00fane 12 lives, da autora, que fizeram mais sucesso entre 2020 e 2023, com foco na transforma\u00e7\u00e3o de vidas. Com linguagem simples e direta, al\u00e9m de confian\u00e7a firme, Kristhel expressa ideias, f\u00e9 e dicas para o leitor avan\u00e7ar em conquistas, seja no campo pessoal, emocional e familiar ou no profissional e empresarial. <em>\u201cQuero ajudar ao leitor no caminho pela busca do aperfei\u00e7oamento, do seu melhor, da sua melhor vers\u00e3o, do que se pode ser, realizar e se doar\u201d<\/em>, afirma a escritora.<\/p>\n\n\n\n<p>Com uma narrativa que mergulha na complexidade humana, j\u00e1 na primeira leitura percebe-se que s\u00e3o textos escritos em amor e partilhados com amor. \u00c9 poss\u00edvel at\u00e9 chamar de jornada de autoconhecimento. A obra estimula a reflex\u00e3o sobre beleza, autoestima, autoconhecimento, merecimento, casamento, filhos, dinheiro e carreira de sucesso. Contudo, no fundo, a proposta \u00e9 orientar para a busca e\/ou encontro de um prop\u00f3sito na pr\u00f3pria vida. O livro aborda o fortalecimento da identidade do indiv\u00edduo, a intelig\u00eancia emocional, o deixar as coisas velhas para tr\u00e1s, conquistar algo novo, e nesse processo, a autoestima e a f\u00e9 s\u00e3o fundamentais.&nbsp;<\/p>\n\n\n\n<p><em>\u201cQuem se ajusta \u00e0s minhas indica\u00e7\u00f5es, acaba por ser lapidada(o) e receber o brilho pr\u00f3prio da vit\u00f3ria, ter um encontro com o Criador e desenvolver uma mente brilhante\u201d <\/em>acrescenta Kristhel.<\/p>\n\n\n\n<p>Na agenda 2024 est\u00e3o previstos lan\u00e7amentos internacionais: Portugal, It\u00e1lia, Estados Unidos e Emirados \u00c1rabes \/ Dubai. Em breve, a escritora vai divulgar o roteiro dos lan\u00e7amentos internacionais.<\/p>\n\n\n\n<p><strong>Programa\u00e7\u00e3o dos pr\u00f3ximos lan\u00e7amentos do livro \u201cLapidando Vidas\u201d, no Brasil&nbsp;<\/strong><\/p>\n\n\n\n<p><strong>Agosto<\/strong><\/p>\n\n\n\n<p>24\/08 &#8211; Palestra Guia de Estilo Batom Vermelho, no Senac &#8211; Jo\u00e3o Pessoa\/PB &#8211; Rota da Empreendedora.<\/p>\n\n\n\n<p>26\/08 \u2013 Lan\u00e7amento de \u201cLapidando Vidas\u201d, em Jo\u00e3o Pessoa\/PB \u2013 Livraria do Luiz, Mag Shopping.<\/p>\n\n\n\n<p><strong>Novembro<\/strong><\/p>\n\n\n\n<p>24\/11 &#8211; Macei\u00f3 &#8211; Congresso Rota de Empreendedora &#8211; Palestra Guia de Estilo Batom Vermelho e Salto Alto, com lan\u00e7amento do livro \u201cLapidando Vidas\u201d.<\/p>\n\n\n\n<p class=\"has-text-align-center\"><strong>Mais informa\u00e7\u00f5es<\/strong><br><strong>+55 21 98307-6776<\/strong><\/p>\n","protected":false},"excerpt":{"rendered":"<p>Nesta ter\u00e7a-feira (20) a multifacetada atriz, empres\u00e1ria, palestrante e escritora Kristhel Byancco lan\u00e7ou&nbsp; seu novo&#8230;<\/p>\n","protected":false},"author":18,"featured_media":15383,"comment_status":"closed","ping_status":"open","sticky":false,"template":"","format":"standard","meta":{"om_disable_all_campaigns":false,"_monsterinsights_skip_tracking":false,"_monsterinsights_sitenote_active":false,"_monsterinsights_sitenote_note":"","_monsterinsights_sitenote_category":0,"spay_email":""},"categories":[1],"tags":[889,888,887,890,96,288,349],"jetpack_featured_media_url":"https:\/\/vimagazine.com.br\/wp-content\/uploads\/2024\/08\/Lancamento-Kristel-Rio-de-Janeiro-Foto-Alex-Curty-3.jpeg","_links":{"self":[{"href":"https:\/\/vimagazine.com.br\/index.php?rest_route=\/wp\/v2\/posts\/15380"}],"collection":[{"href":"https:\/\/vimagazine.com.br\/index.php?rest_route=\/wp\/v2\/posts"}],"about":[{"href":"https:\/\/vimagazine.com.br\/index.php?rest_route=\/wp\/v2\/types\/post"}],"author":[{"embeddable":true,"href":"https:\/\/vimagazine.com.br\/index.php?rest_route=\/wp\/v2\/users\/18"}],"replies":[{"embeddable":true,"href":"https:\/\/vimagazine.com.br\/index.php?rest_route=%2Fwp%2Fv2%2Fcomments&post=15380"}],"version-history":[{"count":2,"href":"https:\/\/vimagazine.com.br\/index.php?rest_route=\/wp\/v2\/posts\/15380\/revisions"}],"predecessor-version":[{"id":15399,"href":"https:\/\/vimagazine.com.br\/index.php?rest_route=\/wp\/v2\/posts\/15380\/revisions\/15399"}],"wp:featuredmedia":[{"embeddable":true,"href":"https:\/\/vimagazine.com.br\/index.php?rest_route=\/wp\/v2\/media\/15383"}],"wp:attachment":[{"href":"https:\/\/vimagazine.com.br\/index.php?rest_route=%2Fwp%2Fv2%2Fmedia&parent=15380"}],"wp:term":[{"taxonomy":"category","embeddable":true,"href":"https:\/\/vimagazine.com.br\/index.php?rest_route=%2Fwp%2Fv2%2Fcategories&post=15380"},{"taxonomy":"post_tag","embeddable":true,"href":"https:\/\/vimagazine.com.br\/index.php?rest_route=%2Fwp%2Fv2%2Ftags&post=15380"}],"curies":[{"name":"wp","href":"https:\/\/api.w.org\/{rel}","templated":true}]}}