{"id":15407,"date":"2024-08-22T15:21:44","date_gmt":"2024-08-22T18:21:44","guid":{"rendered":"https:\/\/vimagazine.com.br\/?p=15407"},"modified":"2024-08-22T15:21:46","modified_gmt":"2024-08-22T18:21:46","slug":"na-vibe-com-giu-cota-pituxita-brilha-no-buffet-metropole-ana-paula-almeida-lanca-livro-e-atrai-celebridades","status":"publish","type":"post","link":"https:\/\/vimagazine.com.br\/?p=15407","title":{"rendered":"Na Vibe com Giu Cota: &#8220;Pituxita Brilha no Buffet Metr\u00f3pole: Ana Paula Almeida Lan\u00e7a Livro e Atrai Celebridades!"},"content":{"rendered":"\n<p>Quem entrou na <strong><a href=\"https:\/\/www.instagram.com\/giucota?igsh=MXNzYXprbDJpaWhzNQ%3D%3D&amp;utm_source=qr\" title=\"Vive Com Giu Cota\">Vive Com Giu Cota<\/a><\/strong> na noite do dia 20 de agosto, foi a Ex Paquita Ana Paula, o \u00a0<strong>Buffet Metr\u00f3pole<\/strong>, em S\u00e3o Paulo, foi palco de um evento que trouxe \u00e0 tona toda a magia dos anos 90.\u00a0<\/p>\n\n\n\n<figure class=\"wp-block-image size-full\"><img width=\"738\" height=\"416\" src=\"https:\/\/vimagazine.com.br\/wp-content\/uploads\/2024\/08\/IMG_0189.jpeg\" alt=\"\" class=\"wp-image-15408\" srcset=\"https:\/\/vimagazine.com.br\/wp-content\/uploads\/2024\/08\/IMG_0189.jpeg 738w, https:\/\/vimagazine.com.br\/wp-content\/uploads\/2024\/08\/IMG_0189-300x169.jpeg 300w\" sizes=\"(max-width: 738px) 100vw, 738px\" \/><figcaption>Foto Divulgacao <\/figcaption><\/figure>\n\n\n\n<p><br><\/p>\n\n\n\n<p><strong><a href=\"https:\/\/www.instagram.com\/anapaulaalmeida_oficial?igsh=MTZxazV5djY4ZXZscA==\" title=\"Ana Paula Almeida\">Ana Paula Almeida<\/a><\/strong>, nossa eterna <strong>Pituxita<\/strong>, celebrou com seus f\u00e3s em uma noite inesquec\u00edvel, marcada pelo lan\u00e7amento de seu novo livro. Sob a assessoria de <strong><a href=\"https:\/\/www.instagram.com\/robertoassessor?igsh=YWUyYXF1MDlmZnZk\" rel=\"ugc\" title=\"Roberto Rodrigues\">Roberto Rodrigues<\/a><\/strong> e com a produ\u00e7\u00e3o primorosa da <strong><a href=\"https:\/\/www.instagram.com\/turnitbrasil?igsh=MXd4ajIyMmV4dTVrcA==\" title=\"Turnit Brasil\">Turnit Brasil<\/a><\/strong>, o evento foi um sucesso absoluto.<\/p>\n\n\n\n<p>A nostalgia tomou conta do ambiente, e <strong>Ana Paula<\/strong> emocionou a todos com sua <strong>simpatia<\/strong> e carisma. Al\u00e9m de relembrar momentos marcantes de sua trajet\u00f3ria como Paquita, a artista lan\u00e7ou oficialmente seu livro, presenteando os f\u00e3s com uma sess\u00e3o de aut\u00f3grafos e muitas fotos.<\/p>\n\n\n\n<figure class=\"wp-block-image size-large\"><img width=\"576\" height=\"1024\" src=\"https:\/\/vimagazine.com.br\/wp-content\/uploads\/2024\/08\/IMG_0135-576x1024.jpeg\" alt=\"\" class=\"wp-image-15410\" srcset=\"https:\/\/vimagazine.com.br\/wp-content\/uploads\/2024\/08\/IMG_0135-576x1024.jpeg 576w, https:\/\/vimagazine.com.br\/wp-content\/uploads\/2024\/08\/IMG_0135-169x300.jpeg 169w, https:\/\/vimagazine.com.br\/wp-content\/uploads\/2024\/08\/IMG_0135-768x1365.jpeg 768w, https:\/\/vimagazine.com.br\/wp-content\/uploads\/2024\/08\/IMG_0135-864x1536.jpeg 864w, https:\/\/vimagazine.com.br\/wp-content\/uploads\/2024\/08\/IMG_0135-1024x1820.jpeg 1024w, https:\/\/vimagazine.com.br\/wp-content\/uploads\/2024\/08\/IMG_0135.jpeg 1080w\" sizes=\"(max-width: 576px) 100vw, 576px\" \/><figcaption>Giu Cota e Cantora <strong><a href=\"https:\/\/www.instagram.com\/biancafrazaooficial?igsh=OGNoOTV4bGR5d2Fx\" rel=\"sponsored\" title=\"Bianca Fraz\u00e3o\">Bianca Fraz\u00e3o<\/a><\/strong> <\/figcaption><\/figure>\n\n\n\n<p>Os admiradores, que lotaram o Buffet Metr\u00f3pole, tiveram a oportunidade de n\u00e3o s\u00f3 reviver mem\u00f3rias, mas tamb\u00e9m levar para casa um peda\u00e7o dessa hist\u00f3ria com o aut\u00f3grafo de Ana Paula em seu novo livro. Foi uma noite de muita emo\u00e7\u00e3o, onde a conex\u00e3o entre a estrela e seus f\u00e3s ficou ainda mais forte.<\/p>\n\n\n\n<p>O evento foi mais do que um simples encontro; foi uma celebra\u00e7\u00e3o de uma \u00e9poca que ainda vive no cora\u00e7\u00e3o de muitos.\u00a0<strong>Ana Paula Almeida<\/strong>, com sua presen\u00e7a encantadora, mostrou mais uma vez que a nostalgia dos anos 90 tem lugar cativo na cultura pop brasileira.<\/p>\n\n\n\n<figure class=\"wp-container-2 wp-block-gallery-1 wp-block-gallery has-nested-images columns-default is-cropped\">\n<figure class=\"wp-block-image size-large\"><img width=\"1200\" height=\"1600\" data-id=\"15411\"  src=\"https:\/\/vimagazine.com.br\/wp-content\/uploads\/2024\/08\/e91c17db-a111-432f-8931-83c6ff29d29b.jpeg\" alt=\"\" class=\"wp-image-15411\" srcset=\"https:\/\/vimagazine.com.br\/wp-content\/uploads\/2024\/08\/e91c17db-a111-432f-8931-83c6ff29d29b.jpeg 1200w, https:\/\/vimagazine.com.br\/wp-content\/uploads\/2024\/08\/e91c17db-a111-432f-8931-83c6ff29d29b-225x300.jpeg 225w, https:\/\/vimagazine.com.br\/wp-content\/uploads\/2024\/08\/e91c17db-a111-432f-8931-83c6ff29d29b-768x1024.jpeg 768w, https:\/\/vimagazine.com.br\/wp-content\/uploads\/2024\/08\/e91c17db-a111-432f-8931-83c6ff29d29b-1152x1536.jpeg 1152w, https:\/\/vimagazine.com.br\/wp-content\/uploads\/2024\/08\/e91c17db-a111-432f-8931-83c6ff29d29b-1024x1365.jpeg 1024w\" sizes=\"(max-width: 1200px) 100vw, 1200px\" \/><figcaption>Pituxita e Bianca Fraz\u00e3o<\/figcaption><\/figure>\n\n\n\n<figure class=\"wp-block-image size-large\"><img width=\"1080\" height=\"1920\" data-id=\"15412\"  src=\"https:\/\/vimagazine.com.br\/wp-content\/uploads\/2024\/08\/IMG_0155.jpeg\" alt=\"\" class=\"wp-image-15412\" srcset=\"https:\/\/vimagazine.com.br\/wp-content\/uploads\/2024\/08\/IMG_0155.jpeg 1080w, https:\/\/vimagazine.com.br\/wp-content\/uploads\/2024\/08\/IMG_0155-169x300.jpeg 169w, https:\/\/vimagazine.com.br\/wp-content\/uploads\/2024\/08\/IMG_0155-576x1024.jpeg 576w, https:\/\/vimagazine.com.br\/wp-content\/uploads\/2024\/08\/IMG_0155-768x1365.jpeg 768w, https:\/\/vimagazine.com.br\/wp-content\/uploads\/2024\/08\/IMG_0155-864x1536.jpeg 864w, https:\/\/vimagazine.com.br\/wp-content\/uploads\/2024\/08\/IMG_0155-1024x1820.jpeg 1024w\" sizes=\"(max-width: 1080px) 100vw, 1080px\" \/><figcaption>Rita Cadillac<\/figcaption><\/figure>\n\n\n\n<figure class=\"wp-block-image size-large\"><img width=\"1080\" height=\"1920\" data-id=\"15413\"  src=\"https:\/\/vimagazine.com.br\/wp-content\/uploads\/2024\/08\/IMG_0160.jpeg\" alt=\"\" class=\"wp-image-15413\" srcset=\"https:\/\/vimagazine.com.br\/wp-content\/uploads\/2024\/08\/IMG_0160.jpeg 1080w, https:\/\/vimagazine.com.br\/wp-content\/uploads\/2024\/08\/IMG_0160-169x300.jpeg 169w, https:\/\/vimagazine.com.br\/wp-content\/uploads\/2024\/08\/IMG_0160-576x1024.jpeg 576w, https:\/\/vimagazine.com.br\/wp-content\/uploads\/2024\/08\/IMG_0160-768x1365.jpeg 768w, https:\/\/vimagazine.com.br\/wp-content\/uploads\/2024\/08\/IMG_0160-864x1536.jpeg 864w, https:\/\/vimagazine.com.br\/wp-content\/uploads\/2024\/08\/IMG_0160-1024x1820.jpeg 1024w\" sizes=\"(max-width: 1080px) 100vw, 1080px\" \/><figcaption><br>Giu Cota e atriz <a href=\"https:\/\/www.instagram.com\/lorenarodriguesoficial?igsh=MXRvNzVlYTZ6aXRwZA==\" title=\"Lorena Rodrigues \">Lorena Rodrigues <\/a><\/figcaption><\/figure>\n<\/figure>\n\n\n\n<p>Claro que este que aqui vos fala, nao iria perder a oportunidade de \u201ctietar\u201d nossa musa <strong><a href=\"https:\/\/www.instagram.com\/ritacadillac?igsh=MXN0NGc4bWxpaDNqOA==\" title=\"Rita Cadillac\">Rita Cadillac<\/a><\/strong>, as  atrizes mirim <strong>Bianca<\/strong> <strong>Fraz\u00e3o<\/strong>  e <strong>Lorena<\/strong> <strong>Rodrigues<\/strong> tamb\u00e9m marcaram presen\u00e7a no evento.<\/p>\n\n\n\n<p><em>Fique ligado nas minhas redes sociais e na minha coluna&nbsp;<\/em><strong><em>#NaVibeComGiuCota<\/em><\/strong><em>&nbsp;na&nbsp;<\/em><strong><em>#ViMagazine<\/em><\/strong><em>&nbsp;para mais conte\u00fados exclusivos!<\/em><\/p>\n\n\n\n<p>#<strong>GiuCota #Podcast #PodCota #ViMagazine #RobertoAssessor\u00a0<\/strong> <strong>#paquita\u00a0\u00a0#pituxita\u00a0<\/strong>#<strong>turnit<\/strong> <\/p>\n\n\n\n<p>Contato Assessoria Giu Cota:<br><strong>Roberto Rodrigues<\/strong><\/p>\n\n\n\n<p><strong>Giu Cota<\/strong><br><strong>Colunista Vi Magazine<\/strong><br><strong>\u201cNa Vibe com Giu Cota\u201d<\/strong><\/p>\n\n\n\n<p><\/p>\n\n\n\n<p><\/p>\n\n\n\n<p><\/p>\n\n\n\n<p><\/p>\n\n\n\n<p><\/p>\n\n\n\n<p><\/p>\n","protected":false},"excerpt":{"rendered":"<p>Quem entrou na Vive Com Giu Cota na noite do dia 20 de agosto, foi&#8230;<\/p>\n","protected":false},"author":37,"featured_media":0,"comment_status":"closed","ping_status":"open","sticky":false,"template":"","format":"standard","meta":{"om_disable_all_campaigns":false,"_monsterinsights_skip_tracking":false,"_monsterinsights_sitenote_active":false,"_monsterinsights_sitenote_note":"","_monsterinsights_sitenote_category":0,"spay_email":""},"categories":[1],"tags":[],"jetpack_featured_media_url":"","_links":{"self":[{"href":"https:\/\/vimagazine.com.br\/index.php?rest_route=\/wp\/v2\/posts\/15407"}],"collection":[{"href":"https:\/\/vimagazine.com.br\/index.php?rest_route=\/wp\/v2\/posts"}],"about":[{"href":"https:\/\/vimagazine.com.br\/index.php?rest_route=\/wp\/v2\/types\/post"}],"author":[{"embeddable":true,"href":"https:\/\/vimagazine.com.br\/index.php?rest_route=\/wp\/v2\/users\/37"}],"replies":[{"embeddable":true,"href":"https:\/\/vimagazine.com.br\/index.php?rest_route=%2Fwp%2Fv2%2Fcomments&post=15407"}],"version-history":[{"count":1,"href":"https:\/\/vimagazine.com.br\/index.php?rest_route=\/wp\/v2\/posts\/15407\/revisions"}],"predecessor-version":[{"id":15414,"href":"https:\/\/vimagazine.com.br\/index.php?rest_route=\/wp\/v2\/posts\/15407\/revisions\/15414"}],"wp:attachment":[{"href":"https:\/\/vimagazine.com.br\/index.php?rest_route=%2Fwp%2Fv2%2Fmedia&parent=15407"}],"wp:term":[{"taxonomy":"category","embeddable":true,"href":"https:\/\/vimagazine.com.br\/index.php?rest_route=%2Fwp%2Fv2%2Fcategories&post=15407"},{"taxonomy":"post_tag","embeddable":true,"href":"https:\/\/vimagazine.com.br\/index.php?rest_route=%2Fwp%2Fv2%2Ftags&post=15407"}],"curies":[{"name":"wp","href":"https:\/\/api.w.org\/{rel}","templated":true}]}}