{"id":15417,"date":"2024-08-22T16:17:27","date_gmt":"2024-08-22T19:17:27","guid":{"rendered":"https:\/\/vimagazine.com.br\/?p=15417"},"modified":"2024-08-22T16:18:44","modified_gmt":"2024-08-22T19:18:44","slug":"big-band-formada-por-musicos-jovens-leva-ensaio-aberto-a-casa-da-cultura-de-joinville","status":"publish","type":"post","link":"https:\/\/vimagazine.com.br\/?p=15417","title":{"rendered":"Big Band formada por m\u00fasicos jovens leva ensaio aberto \u00e0 Casa da Cultura de Joinville"},"content":{"rendered":"\n<p class=\"has-text-align-center\">Os dezesseis componentes da Experimental Big Band levam ao p\u00fablico seu primeiro ensaio aberto, nesta ter\u00e7a-feira, 20, \u00e0s 19h, no hall da Casa da Cultura de Joinville (Rua Dona Francisca, 800). <\/p>\n\n\n\n<p class=\"has-text-align-center\">Ser\u00e1 a chance de conferir uma palhinha do que ser\u00e1 o espet\u00e1culo que vem sendo montado desde o in\u00edcio do ano. <\/p>\n\n\n\n<p class=\"has-text-align-center\">\u201cDepois de cinco meses de ensaios da primeira e \u00fanica jazz band sub 30 de Santa Catarina, com integrantes de at\u00e9 29 anos de idade, os m\u00fasicos est\u00e3o muito animados. <\/p>\n\n\n\n<p class=\"has-text-align-center\">A expectativa \u00e9 de que todos apreciem o trabalho, e nos acompanhem nesta jornada\u201d, revela o diretor art\u00edstico e regente Cl\u00e1udio Moraes.<\/p>\n\n\n\n<p class=\"has-text-align-center\">A agenda da Experimental Big Band prev\u00ea mais um ensaio aberto, dia 27, no Shopping Mueller. <\/p>\n\n\n\n<p class=\"has-text-align-center\">Depois, cinco shows est\u00e3o programados. Confira:<\/p>\n\n\n\n<p class=\"has-text-align-center\">\u25aa 31 de agosto, 16h, Audit\u00f3rio do IFC, Araquari<br>\u25aa 1\u00ba de setembro 10h30, Feirinha do MAJ, Joinville<br>\u25aa 14 de setembro, 16h, Audit\u00f3rio do Cedup Prefeito Manoel Aguiar, Guaramirim<br>\u25aa 28 de setembro, 19h, Centro Cultural Dr. Gen\u00e9sio Turek, S\u00e3o Bento do Sul<br>\u25aa 29 de setembro, 16h, Cine Teatro X de Novembro, S\u00e3o Francisco do Sul<\/p>\n\n\n\n<p class=\"has-text-align-center\">A banda re\u00fane m\u00fasicos vindos de Joinville, Blumenau, Florian\u00f3polis, S\u00e3o Jos\u00e9, Schroeder, Barra Velha e Cambori\u00fa: Alan Pedro Liba Fr\u00f3es (sax bar\u00edtono), Alexander Fran\u00e7a Silva (bateria), Ana J\u00falia de Lima (piano), Anthony Mac\u00eado (sax tenor), Gabriel dos Santos (trompete), Gabriel Alves (trompete), Guilherme Espindola (guitarra), Jezriel de Souza (trompete), Juan Bastos (sax alto e flauta), Julio Leduc (sax alto), Leandro Guimar\u00e3es (trombone tenor), Leonardo de Almeida (sax tenor), Luan Bastos (trompete), Maicon Machado (contrabaixo), Michele Schade (trombone tenor) e Yohan Prestes (trombone tenor). <\/p>\n\n\n\n<p class=\"has-text-align-center\">O time se completa com dois m\u00fasicos convidados, para o trombone baixo:<\/p>\n\n\n\n<p class=\"has-text-align-center\"> Luciano Victorino da Costa, de Blumenau, e Evandro Hasse, de Itaja\u00ed.<\/p>\n\n\n\n<p class=\"has-text-align-center\">Calcado em um repert\u00f3rio jazz\u00edstico genuinamente brasileiro, de Pixinguinha a Hamilton de Holanda, de Noel Rosa a Hermeto Pascoal, o espet\u00e1culo re\u00fane pe\u00e7as consagradas com arranjos contempor\u00e2neos e, tamb\u00e9m, composi\u00e7\u00f5es in\u00e9ditas dos pr\u00f3prios m\u00fasicos. <\/p>\n\n\n\n<p class=\"has-text-align-center\">O formato de Big Band escolhido para o projeto remete ao jazz norte-americano dos anos 1920 a 1950, sendo reconhecido por grandes nomes como Duke Ellington, Benny Goodman e Frank Sinatra. <\/p>\n\n\n\n<p class=\"has-text-align-center\">No Brasil, destacam-se a hist\u00f3rica Orquestra Tabajara, de Severino Ara\u00fajo, e as atuais SpokFrevo Orquestra e Soundscape Big Band.<\/p>\n\n\n\n<p class=\"has-text-align-center\">A Experimental Big Band \u00e9 uma iniciativa da Sarau# Produ\u00e7\u00f5es, por meio do Programa de Incentivo \u00e0 Cultura (PIC) do Governo do Estado de Santa Catarina, com aprova\u00e7\u00e3o da Funda\u00e7\u00e3o Catarinense de Cultura. <\/p>\n\n\n\n<p class=\"has-text-align-center\">O projeto conta com o apoio do Campus Park Unisociesc, al\u00e9m do incentivo de importantes parceiros como Schulz Compressores, Ciser, Celesc e ICRH \u2013 o bra\u00e7o social do Grupo Tigre.<\/p>\n\n\n\n<p class=\"has-text-align-center\">Assessoria de imprensa Experimental Big Band:<\/p>\n\n\n\n<p class=\"has-text-align-center\"> Mercado de Comunica\u00e7\u00e3o. <\/p>\n\n\n\n<p class=\"has-text-align-center\">Jornalista respons\u00e1vel: <\/p>\n\n\n\n<p class=\"has-text-align-center\">Guilherme Diefenthaeler<\/p>\n\n\n\n<p class=\"has-text-align-center\"> (reg. prof. 6207\/RS). <\/p>\n\n\n\n<p class=\"has-text-align-center\">WhatsApp (47) 98403-2745.<\/p>\n\n\n\n<p><\/p>\n","protected":false},"excerpt":{"rendered":"<p>Os dezesseis componentes da Experimental Big Band levam ao p\u00fablico seu primeiro ensaio aberto, nesta&#8230;<\/p>\n","protected":false},"author":3,"featured_media":15418,"comment_status":"closed","ping_status":"open","sticky":false,"template":"","format":"standard","meta":{"om_disable_all_campaigns":false,"_monsterinsights_skip_tracking":false,"_monsterinsights_sitenote_active":false,"_monsterinsights_sitenote_note":"","_monsterinsights_sitenote_category":0,"spay_email":""},"categories":[1],"tags":[],"jetpack_featured_media_url":"https:\/\/vimagazine.com.br\/wp-content\/uploads\/2024\/08\/WhatsApp-Image-2024-08-19-at-08.24.28-e1724353990860.jpeg","_links":{"self":[{"href":"https:\/\/vimagazine.com.br\/index.php?rest_route=\/wp\/v2\/posts\/15417"}],"collection":[{"href":"https:\/\/vimagazine.com.br\/index.php?rest_route=\/wp\/v2\/posts"}],"about":[{"href":"https:\/\/vimagazine.com.br\/index.php?rest_route=\/wp\/v2\/types\/post"}],"author":[{"embeddable":true,"href":"https:\/\/vimagazine.com.br\/index.php?rest_route=\/wp\/v2\/users\/3"}],"replies":[{"embeddable":true,"href":"https:\/\/vimagazine.com.br\/index.php?rest_route=%2Fwp%2Fv2%2Fcomments&post=15417"}],"version-history":[{"count":1,"href":"https:\/\/vimagazine.com.br\/index.php?rest_route=\/wp\/v2\/posts\/15417\/revisions"}],"predecessor-version":[{"id":15419,"href":"https:\/\/vimagazine.com.br\/index.php?rest_route=\/wp\/v2\/posts\/15417\/revisions\/15419"}],"wp:featuredmedia":[{"embeddable":true,"href":"https:\/\/vimagazine.com.br\/index.php?rest_route=\/wp\/v2\/media\/15418"}],"wp:attachment":[{"href":"https:\/\/vimagazine.com.br\/index.php?rest_route=%2Fwp%2Fv2%2Fmedia&parent=15417"}],"wp:term":[{"taxonomy":"category","embeddable":true,"href":"https:\/\/vimagazine.com.br\/index.php?rest_route=%2Fwp%2Fv2%2Fcategories&post=15417"},{"taxonomy":"post_tag","embeddable":true,"href":"https:\/\/vimagazine.com.br\/index.php?rest_route=%2Fwp%2Fv2%2Ftags&post=15417"}],"curies":[{"name":"wp","href":"https:\/\/api.w.org\/{rel}","templated":true}]}}