{"id":15427,"date":"2024-08-22T18:29:47","date_gmt":"2024-08-22T21:29:47","guid":{"rendered":"https:\/\/vimagazine.com.br\/?p=15427"},"modified":"2024-08-22T18:32:16","modified_gmt":"2024-08-22T21:32:16","slug":"costao-inicia-operacao-balneario-camboriu","status":"publish","type":"post","link":"https:\/\/vimagazine.com.br\/?p=15427","title":{"rendered":"Costao inicia opera\u00e7\u00e3o Balne\u00e1rio Cambori\u00fa"},"content":{"rendered":"\n<p class=\"has-medium-font-size\"><br><em><strong>Foco ser\u00e1 na comercializa\u00e7\u00e3o da multipropriedade do empreendimento Costao Estaleirinho. As obras se iniciar\u00e3o no segundo semestre de 2024. Novo empreendimento estar\u00e1 anexo ao Multiparque do Grupo Tedesco.<\/strong><\/em><\/p>\n\n\n\n<p>A cidade com maior valoriza\u00e7\u00e3o imobili\u00e1ria do pa\u00eds passa a contar tamb\u00e9m com uma das maiores marcas hoteleiras do pa\u00eds: o Costao, que tem \u00e0 frente o vision\u00e1rio empres\u00e1rio Fernando Marcondes, inicia a comercializa\u00e7\u00e3o do Costao Estaleirinho, mais uma marca do grupo. O projeto j\u00e1 teve o registro de incorpora\u00e7\u00e3o aprovado e as obras devem se iniciar ainda no segundo semestre de 2024. Nos moldes do resort de Florian\u00f3polis, o Costao Estaleirinho ser\u00e1 multipropriedade com 180 apartamentos e 700 leitos, com acesso pela rodovia Interpraias, em uma \u00e1rea de mais de 17 mil metros quadrados e com capacidade para at\u00e9 520 h\u00f3spedes. &#8220;Iniciamos uma nova fase neste projeto com a apresenta\u00e7\u00e3o ao mercado das unidades de multipropriedade, um segmento em franco crescimento no pa\u00eds. A opera\u00e7\u00e3o em Balne\u00e1rio Cambori\u00fa, com o Costao Estaleirinho, vem a somar ainda mais para o lifestyle da cidade e para o desenvolvimento de todo o Litoral Norte catarinense&#8221;, destaca Rafael Pires, diretor de novos neg\u00f3cios do Costao.<\/p>\n\n\n\n<p>A estrutura do Costao Estaleirinho prev\u00ea bar, restaurante, lojas, lounges, piscinas, academia e amplo estacionamento, gerando mais de 150 empregos diretos na sua implanta\u00e7\u00e3o, al\u00e9m das mais de 100 vagas de trabalho durante a constru\u00e7\u00e3o. O investimento no Costao Estaleirinho \u00e9 da ordem de R$110 milh\u00f5es. &#8220;Importante destacar, ainda, como uma das principais caracter\u00edsticas do empreendimento, a gera\u00e7\u00e3o de novos empregos para a regi\u00e3o, tanto para atendimento pr\u00f3prio como aqueles voltados \u00e0 venda e comercializa\u00e7\u00e3o&#8221;, ressalta o empres\u00e1rio Fernando Marcondes.<\/p>\n\n\n\n<p>Marcondes explica que o Costao tomou uma importante e estrat\u00e9gica decis\u00e3o: usar a for\u00e7a de sua marca para alavancar novos neg\u00f3cios. &#8220;Decidimos partir para a execu\u00e7\u00e3o de projetos imobili\u00e1rios de multipropriedade, sistema em que o comprador adquire a propriedade em fra\u00e7\u00f5es de tempo de um apartamento, com escritura p\u00fablica. \u00c9 um modelo que se ajusta a tend\u00eancias de fam\u00edlias, que desejam usufruir suas f\u00e9rias nos melhores locais do Brasil e do mundo sem ter que despender de quantias elevadas na aquisi\u00e7\u00e3o sozinha de uma propriedade. A multipropriedade tem sido a grande revolu\u00e7\u00e3o do turismo brasileiro nos \u00faltimos anos&#8221;, comenta. O projeto busca fortalecer a sustentabilidade ambiental, onde ir\u00e1 buscar elementos construtivos que otimizem e contribuam para a efici\u00eancia energ\u00e9tica da edifica\u00e7\u00e3o.<\/p>\n\n\n\n<p>As primeiras vendas foram realizadas para o empres\u00e1rio Fernando Marcondes. &#8220;Esse \u00e9 mais um marco e como fomento, fui o primeiro a adquirir cotas, para presentear meus filhos&#8221;, celebrou o empres\u00e1rio.<\/p>\n\n\n\n<figure class=\"wp-container-2 wp-block-gallery-1 wp-block-gallery has-nested-images columns-default is-cropped\">\n<figure class=\"wp-block-image size-large\"><img width=\"1600\" height=\"1066\" data-id=\"15429\"  src=\"https:\/\/vimagazine.com.br\/wp-content\/uploads\/2024\/08\/cf28150b-4efc-40ba-b976-96765cb64158.jpeg\" alt=\"\" class=\"wp-image-15429\" srcset=\"https:\/\/vimagazine.com.br\/wp-content\/uploads\/2024\/08\/cf28150b-4efc-40ba-b976-96765cb64158.jpeg 1600w, https:\/\/vimagazine.com.br\/wp-content\/uploads\/2024\/08\/cf28150b-4efc-40ba-b976-96765cb64158-300x200.jpeg 300w, https:\/\/vimagazine.com.br\/wp-content\/uploads\/2024\/08\/cf28150b-4efc-40ba-b976-96765cb64158-1024x682.jpeg 1024w, https:\/\/vimagazine.com.br\/wp-content\/uploads\/2024\/08\/cf28150b-4efc-40ba-b976-96765cb64158-768x512.jpeg 768w, https:\/\/vimagazine.com.br\/wp-content\/uploads\/2024\/08\/cf28150b-4efc-40ba-b976-96765cb64158-1536x1023.jpeg 1536w\" sizes=\"(max-width: 1600px) 100vw, 1600px\" \/><\/figure>\n\n\n\n<figure class=\"wp-block-image size-large\"><img width=\"1600\" height=\"1066\" data-id=\"15428\"  src=\"https:\/\/vimagazine.com.br\/wp-content\/uploads\/2024\/08\/9984b151-4953-4a53-890f-542cc88f4244.jpeg\" alt=\"\" class=\"wp-image-15428\" srcset=\"https:\/\/vimagazine.com.br\/wp-content\/uploads\/2024\/08\/9984b151-4953-4a53-890f-542cc88f4244.jpeg 1600w, https:\/\/vimagazine.com.br\/wp-content\/uploads\/2024\/08\/9984b151-4953-4a53-890f-542cc88f4244-300x200.jpeg 300w, https:\/\/vimagazine.com.br\/wp-content\/uploads\/2024\/08\/9984b151-4953-4a53-890f-542cc88f4244-1024x682.jpeg 1024w, https:\/\/vimagazine.com.br\/wp-content\/uploads\/2024\/08\/9984b151-4953-4a53-890f-542cc88f4244-768x512.jpeg 768w, https:\/\/vimagazine.com.br\/wp-content\/uploads\/2024\/08\/9984b151-4953-4a53-890f-542cc88f4244-1536x1023.jpeg 1536w\" sizes=\"(max-width: 1600px) 100vw, 1600px\" \/><\/figure>\n<figcaption class=\"blocks-gallery-caption\">Empres\u00e1rio Fernando Marcondes assinando a primeira compra.                        Fernando Marcondes com as empres\u00e1rias Patricia e Juliana Tedesco.                                                                                                                    <\/figcaption><\/figure>\n\n\n\n<p><\/p>\n\n\n\n<p>As empres\u00e1rias Juliana e Patricia Tedesco tamb\u00e9m participaram desta nova fase e j\u00e1 garantiram suas unidades.<\/p>\n\n\n\n<p>Visando garantir os padr\u00f5es de excel\u00eancia, o Costao ser\u00e1 respons\u00e1vel pela constru\u00e7\u00e3o do empreendimento e da opera\u00e7\u00e3o hoteleira. &#8220;Assim continuamos com o foco de nossa marca, reconhecida no Brasil e no exterior. A parceria com a Fam\u00edlia Tedesco, com toda certeza, une a expertise deles em equipamentos tur\u00edsticos em Santa Catarina e ser\u00e1 uma uni\u00e3o duradoura&#8221;, completa o fundador do Costao do Santinho.<\/p>\n\n\n\n<p>O resort ser\u00e1 constru\u00eddo ao lado do Multiparque, novo empreendimento do Grupo Tedesco, possibilitando novas experi\u00eancias aos usu\u00e1rios do resort, que poder\u00e3o usufruir de toda a infraestrutura do parque.<\/p>\n\n\n\n<p>&#8220;Para atender essa crescente demanda estamos abrindo uma unidade de neg\u00f3cio em Balne\u00e1rio Cambori\u00fa e tamb\u00e9m estamos ampliando a expans\u00e3o para outras \u00e1reas potenciais no Brasil e no mercado LATAM. Temos certeza de que ser\u00e1 um projeto que tem muito a contribuir para o turismo em Santa Catarina, finaliza Rafael Pires, diretor de novos neg\u00f3cios do Costao.<\/p>\n\n\n\n<p>O empreendimento Costao Estaleirinho est\u00e1 localizado na Rodovia Rodesino Pavan (Interpraias), n\u00ba 11595, na Praia do Estaleirinho, em Balne\u00e1rio Cambori\u00fa. A sala de vendas est\u00e1 localizada na Barra Sul, na Avenida Normando Tedesco 1.350, Centro de Balne\u00e1rio Cambori\u00fa.<br><br><\/p>\n\n\n\n<p>Fotos: Costao\/divulga\u00e7\u00e3o<\/p>\n","protected":false},"excerpt":{"rendered":"<p>Foco ser\u00e1 na comercializa\u00e7\u00e3o da multipropriedade do empreendimento Costao Estaleirinho. As obras se iniciar\u00e3o no&#8230;<\/p>\n","protected":false},"author":1,"featured_media":15430,"comment_status":"closed","ping_status":"open","sticky":false,"template":"","format":"standard","meta":{"om_disable_all_campaigns":false,"_monsterinsights_skip_tracking":false,"_monsterinsights_sitenote_active":false,"_monsterinsights_sitenote_note":"","_monsterinsights_sitenote_category":0,"spay_email":""},"categories":[1],"tags":[],"jetpack_featured_media_url":"https:\/\/vimagazine.com.br\/wp-content\/uploads\/2024\/08\/a105fca7-6e8d-4958-b6cf-eab206e57b37.jpg","_links":{"self":[{"href":"https:\/\/vimagazine.com.br\/index.php?rest_route=\/wp\/v2\/posts\/15427"}],"collection":[{"href":"https:\/\/vimagazine.com.br\/index.php?rest_route=\/wp\/v2\/posts"}],"about":[{"href":"https:\/\/vimagazine.com.br\/index.php?rest_route=\/wp\/v2\/types\/post"}],"author":[{"embeddable":true,"href":"https:\/\/vimagazine.com.br\/index.php?rest_route=\/wp\/v2\/users\/1"}],"replies":[{"embeddable":true,"href":"https:\/\/vimagazine.com.br\/index.php?rest_route=%2Fwp%2Fv2%2Fcomments&post=15427"}],"version-history":[{"count":2,"href":"https:\/\/vimagazine.com.br\/index.php?rest_route=\/wp\/v2\/posts\/15427\/revisions"}],"predecessor-version":[{"id":15432,"href":"https:\/\/vimagazine.com.br\/index.php?rest_route=\/wp\/v2\/posts\/15427\/revisions\/15432"}],"wp:featuredmedia":[{"embeddable":true,"href":"https:\/\/vimagazine.com.br\/index.php?rest_route=\/wp\/v2\/media\/15430"}],"wp:attachment":[{"href":"https:\/\/vimagazine.com.br\/index.php?rest_route=%2Fwp%2Fv2%2Fmedia&parent=15427"}],"wp:term":[{"taxonomy":"category","embeddable":true,"href":"https:\/\/vimagazine.com.br\/index.php?rest_route=%2Fwp%2Fv2%2Fcategories&post=15427"},{"taxonomy":"post_tag","embeddable":true,"href":"https:\/\/vimagazine.com.br\/index.php?rest_route=%2Fwp%2Fv2%2Ftags&post=15427"}],"curies":[{"name":"wp","href":"https:\/\/api.w.org\/{rel}","templated":true}]}}