{"id":15447,"date":"2024-08-25T10:59:02","date_gmt":"2024-08-25T13:59:02","guid":{"rendered":"https:\/\/vimagazine.com.br\/?p=15447"},"modified":"2024-08-25T11:16:51","modified_gmt":"2024-08-25T14:16:51","slug":"mac-dia-feliz-artistas-mirins-e-solidariedade-iluminaram-a-vila-mariana","status":"publish","type":"post","link":"https:\/\/vimagazine.com.br\/?p=15447","title":{"rendered":"Mac Dia Feliz: Artistas Mirins e Solidariedade Iluminaram a Vila Mariana!"},"content":{"rendered":"\n<p>Quem entrou na Vibe com o <a href=\"https:\/\/www.instagram.com\/giucota?\" title=\"Giu Cota\">Giu Cota<\/a> foi o Instituto <strong>Ronald Macdonalds<\/strong> em uma edi\u00e7\u00e3o especial do <strong>Mac Dia Feliz<\/strong> que aconteceu ontem, dia 24 de agosto. Convidado pelo empres\u00e1rio <a href=\"https:\/\/www.instagram.com\/robertomhoreti?igsh=ZXRzeXVrb2poY2Jq\" title=\"Roberto Mhoreti\">Roberto Mhoreti<\/a>, tive a honra de participar dessa a\u00e7\u00e3o solid\u00e1ria realizada no McDonald&#8217;s da Vila Mariana, onde a alegria e o esp\u00edrito comunit\u00e1rio estiveram presentes.<\/p>\n\n\n\n<figure class=\"wp-container-2 wp-block-gallery-1 wp-block-gallery has-nested-images columns-default is-cropped\">\n<figure class=\"wp-block-image size-large\"><img width=\"999\" height=\"1280\" data-id=\"15449\"  src=\"https:\/\/vimagazine.com.br\/wp-content\/uploads\/2024\/08\/RobertoEGiu-MacDiaFeliiz24.jpg\" alt=\"\" class=\"wp-image-15449\" srcset=\"https:\/\/vimagazine.com.br\/wp-content\/uploads\/2024\/08\/RobertoEGiu-MacDiaFeliiz24.jpg 999w, https:\/\/vimagazine.com.br\/wp-content\/uploads\/2024\/08\/RobertoEGiu-MacDiaFeliiz24-234x300.jpg 234w, https:\/\/vimagazine.com.br\/wp-content\/uploads\/2024\/08\/RobertoEGiu-MacDiaFeliiz24-799x1024.jpg 799w, https:\/\/vimagazine.com.br\/wp-content\/uploads\/2024\/08\/RobertoEGiu-MacDiaFeliiz24-768x984.jpg 768w\" sizes=\"(max-width: 999px) 100vw, 999px\" \/><figcaption>Giu E Roberto <\/figcaption><\/figure>\n\n\n\n<figure class=\"wp-block-image size-large\"><img width=\"1280\" height=\"720\" data-id=\"15450\"  src=\"https:\/\/vimagazine.com.br\/wp-content\/uploads\/2024\/08\/TurmaMacDia-Feliz24.jpg\" alt=\"\" class=\"wp-image-15450\" srcset=\"https:\/\/vimagazine.com.br\/wp-content\/uploads\/2024\/08\/TurmaMacDia-Feliz24.jpg 1280w, https:\/\/vimagazine.com.br\/wp-content\/uploads\/2024\/08\/TurmaMacDia-Feliz24-300x169.jpg 300w, https:\/\/vimagazine.com.br\/wp-content\/uploads\/2024\/08\/TurmaMacDia-Feliz24-1024x576.jpg 1024w, https:\/\/vimagazine.com.br\/wp-content\/uploads\/2024\/08\/TurmaMacDia-Feliz24-768x432.jpg 768w\" sizes=\"(max-width: 1280px) 100vw, 1280px\" \/><figcaption>Artistas <\/figcaption><\/figure>\n<\/figure>\n\n\n\n<figure class=\"wp-block-video\"><video controls src=\"https:\/\/vimagazine.com.br\/wp-content\/uploads\/2024\/08\/MacDiaFeliz24.mov\"><\/video><figcaption><strong>Mac Dia Feliz<\/strong><\/figcaption><\/figure>\n\n\n\n<p>Para quem ainda n\u00e3o conhece, o <strong>Mac Dia Feliz<\/strong> \u00e9 uma iniciativa criada para promover a solidariedade e engajar a comunidade em a\u00e7\u00f5es beneficentes atrav\u00e9s de eventos realizados nas <strong>lojas McDonald&#8217;s<\/strong>. Desde sua cria\u00e7\u00e3o, em 1998, esse dia especial tem sido uma oportunidade para arrecadar fundos, sensibilizar a popula\u00e7\u00e3o e fomentar o esp\u00edrito de uni\u00e3o em prol de causas importantes.<\/p>\n\n\n\n<p>O evento de ontem foi enriquecido pela presen\u00e7a de jovens talentos que abrilhantaram a ocasi\u00e3o. Entre os artistas mirins presentes estavam as talentosas cantoras <a href=\"https:\/\/www.instagram.com\/michellevitoria_oficial?igsh=MXVvcGx5aWQ5c2V4Yw==\" title=\"Bianca Fraz\u00e3\">Bianca Fraz\u00e3<\/a>o, <a href=\"https:\/\/www.instagram.com\/clarinhaalves_oficial?igsh=MTJsOHR6NzlkeTYzeQ==\" title=\"Clarinha Alves\">Clarinha Alves<\/a>,<a href=\"https:\/\/www.instagram.com\/gemeas_domingues?igsh=MTJlZG41OWN6dTh2eQ==\" title=\" Laura e Lorena Domingues\"> Laura e Lorena Domingues<\/a>, <a href=\"https:\/\/www.instagram.com\/sophia.vitoria.campos?igsh=MWRuM3gydmNuenY0cQ==\" title=\"Sophia Campos\">Sophia Campos<\/a> e <a href=\"https:\/\/www.instagram.com\/michellevitoria_oficial?igsh=MXVvcGx5aWQ5c2V4Yw==\" title=\"Michele Vit\u00f3ria\">Michele Vit\u00f3ria<\/a>, que encantaram a todos com suas vozes, al\u00e9m da carism\u00e1tica atriz mirim <a href=\"https:\/\/www.instagram.com\/michellevitoria_oficial?igsh=MXVvcGx5aWQ5c2V4Yw==\" title=\"Lu\u00edsa Guedes\">Lu\u00edsa Guedes<\/a>, que trouxe ainda mais brilho ao evento com sua atua\u00e7\u00e3o.<\/p>\n\n\n\n<p>Foi um dia memor\u00e1vel, onde solidariedade e arte se uniram para demonstrar que, com amor e dedica\u00e7\u00e3o, podemos transformar vidas e fortalecer nossa comunidade. Agrade\u00e7o a todos os envolvidos e refor\u00e7o a import\u00e2ncia de iniciativas como essa para promover um mundo mais compassivo e unido.<\/p>\n\n\n\n<p>#GiuCota #Podcast #PodCota #RobertoAssessor #MacDiaFeliz<\/p>\n\n\n\n<p>#InstitutoRonaldMcDonald #Solidariedade #VilaMariana<\/p>\n\n\n\n<p>#ArtistasMirins #BiancaFraz\u00e3o #Laura&amp;Lorena<\/p>\n\n\n\n<p>#MicheleVit\u00f3ria #Lu\u00edsaGuedes<\/p>\n\n\n\n<p>#A\u00e7\u00e3oSolid\u00e1ria #McDonalds #TransformandoVidas<\/p>\n\n\n\n<p>#JuntosPorUmaCausa<\/p>\n\n\n\n<p>Acompanhe sempre a minha coluna <strong>#NaVibeComGiuCot<\/strong>a \u00a0na\u00a0<strong>#ViMagazine<\/strong>\u00a0para mais conte\u00fados exclusivos! para dicas exclusivas e entrevistas que fazem a diferen\u00e7a na sua vida!<\/p>\n\n\n\n<p>Contato Assessoria Giu Cota:<br><a href=\"https:\/\/www.instagram.com\/robertoassessor?\" title=\"Roberto Rodrigues\">Roberto Rodrigues<\/a><\/p>\n\n\n\n<p><strong>Giu Cota<\/strong><br>Colunista Vi Magazine<br>\u201cNa Vibe com Giu Cota\u201d<\/p>\n","protected":false},"excerpt":{"rendered":"<p>Quem entrou na Vibe com o Giu Cota foi o Instituto Ronald Macdonalds em uma&#8230;<\/p>\n","protected":false},"author":37,"featured_media":0,"comment_status":"closed","ping_status":"open","sticky":false,"template":"","format":"standard","meta":{"om_disable_all_campaigns":false,"_monsterinsights_skip_tracking":false,"_monsterinsights_sitenote_active":false,"_monsterinsights_sitenote_note":"","_monsterinsights_sitenote_category":0,"spay_email":""},"categories":[1],"tags":[],"jetpack_featured_media_url":"","_links":{"self":[{"href":"https:\/\/vimagazine.com.br\/index.php?rest_route=\/wp\/v2\/posts\/15447"}],"collection":[{"href":"https:\/\/vimagazine.com.br\/index.php?rest_route=\/wp\/v2\/posts"}],"about":[{"href":"https:\/\/vimagazine.com.br\/index.php?rest_route=\/wp\/v2\/types\/post"}],"author":[{"embeddable":true,"href":"https:\/\/vimagazine.com.br\/index.php?rest_route=\/wp\/v2\/users\/37"}],"replies":[{"embeddable":true,"href":"https:\/\/vimagazine.com.br\/index.php?rest_route=%2Fwp%2Fv2%2Fcomments&post=15447"}],"version-history":[{"count":3,"href":"https:\/\/vimagazine.com.br\/index.php?rest_route=\/wp\/v2\/posts\/15447\/revisions"}],"predecessor-version":[{"id":15455,"href":"https:\/\/vimagazine.com.br\/index.php?rest_route=\/wp\/v2\/posts\/15447\/revisions\/15455"}],"wp:attachment":[{"href":"https:\/\/vimagazine.com.br\/index.php?rest_route=%2Fwp%2Fv2%2Fmedia&parent=15447"}],"wp:term":[{"taxonomy":"category","embeddable":true,"href":"https:\/\/vimagazine.com.br\/index.php?rest_route=%2Fwp%2Fv2%2Fcategories&post=15447"},{"taxonomy":"post_tag","embeddable":true,"href":"https:\/\/vimagazine.com.br\/index.php?rest_route=%2Fwp%2Fv2%2Ftags&post=15447"}],"curies":[{"name":"wp","href":"https:\/\/api.w.org\/{rel}","templated":true}]}}