{"id":15466,"date":"2024-08-27T10:08:01","date_gmt":"2024-08-27T13:08:01","guid":{"rendered":"https:\/\/vimagazine.com.br\/?p=15466"},"modified":"2024-08-27T10:08:03","modified_gmt":"2024-08-27T13:08:03","slug":"varanda-gourmet-como-deixar-seu-espaco-mais-acolhedor-e-funcional","status":"publish","type":"post","link":"https:\/\/vimagazine.com.br\/?p=15466","title":{"rendered":"Varanda gourmet: Como deixar seu espa\u00e7o mais acolhedor e funcional \u00a0"},"content":{"rendered":"\n<p><\/p>\n\n\n\n<p style=\"font-size:30px\"><strong>Varanda gourmet: Como deixar seu espa\u00e7o mais acolhedor e funcional <\/strong>\u00a0<\/p>\n\n\n\n<p><\/p>\n\n\n\n<p>Quando compra ou aluga um im\u00f3vel o que mais se espera \u00e9&nbsp; um espa\u00e7o em que possa ficar tranquilo, ser um lugar de ref\u00fagio, reunir os amigos ou at\u00e9 mesmo ficar com a fam\u00edlia e a varanda &nbsp;\u00e9 uma \u00f3tima pedida para este momento. &nbsp;Hoje como \u00e9 &nbsp;considerada uma extens\u00e3o da casa, o local pode ter uma brinquedoteca, cozinha gourmet, jardim e\/ou at\u00e9 mesmo um m\u00f3vel de acr\u00edlico para otimizar o espa\u00e7o e manter a organiza\u00e7\u00e3o em dia.<\/p>\n\n\n\n<p>Antes, ela era considerada apenas um local onde tinha um ar melanc\u00f3lico, sem cor, j\u00e1 hoje existem in\u00fameras ideias para dar aquela repaginada no espa\u00e7o, &nbsp;o Leonardo Vigolo, diretor da L\u00e9o Acr\u00edlicos, &nbsp;apresenta alguns m\u00f3veis que otimizam e decoram o espa\u00e7o, tornando-o mais adequado para diversas superf\u00edcies.<\/p>\n\n\n\n<p>Para ter a varanda dos sonhos&nbsp; as dicas s\u00e3o incluir plantas e flores que deixam um ar de natureza, a ilumina\u00e7\u00e3o deve ser adequada para o local ficar aconchegante sendo mais intimista, j\u00e1 os m\u00f3veis ficam por conta da empresa L\u00e9o Acr\u00edlicos, que \u00e9 especialista na \u00e1rea, \u201c<em>Executamos qualquer projeto de acordo com a necessidade do cliente, respeitando o gosto e a vontade individual, dando um toque de personalidade para a sua varanda\u201d, enfatiza Vigolo.<\/em><\/p>\n\n\n\n<p>Este material multifacetado pode se adaptar em qualquer espa\u00e7o, ent\u00e3o quando quiser mudar de local, fique \u00e0 vontade, a dica de Leonardo \u00e9 \u201c<em>Tenha cuidado com o acr\u00edlico, ele \u00e9 resistente a diversos materiais, como \u00e1gua, bebidas, sab\u00e3o, subst\u00e2ncias abrasivas, por\u00e9m evite exposi\u00e7\u00e3o ao calor, uma vez que excede a 90\u00b0 graus, o produto come\u00e7ar\u00e1 a se deformar, ent\u00e3o, n\u00e3o exponha ao sol<\/em>\u201d, completa<\/p>\n\n\n\n<p>Foto destaque: <\/p>\n\n\n\n<p>Quando compra ou aluga um im\u00f3vel o que mais se espera \u00e9&nbsp; um espa\u00e7o em que possa ficar tranquilo, ser um lugar de ref\u00fagio, reunir os amigos ou at\u00e9 mesmo ficar com a fam\u00edlia e a varanda &nbsp;\u00e9 uma \u00f3tima pedida para este momento. &nbsp;Hoje como \u00e9 &nbsp;considerada uma extens\u00e3o da casa, o local pode ter uma brinquedoteca, cozinha gourmet, jardim e\/ou at\u00e9 mesmo um m\u00f3vel de acr\u00edlico para otimizar o espa\u00e7o e manter a organiza\u00e7\u00e3o em dia.<\/p>\n\n\n\n<p>Antes, ela era considerada apenas um local onde tinha um ar melanc\u00f3lico, sem cor, j\u00e1 hoje existem in\u00fameras ideias para dar aquela repaginada no espa\u00e7o, &nbsp;o Leonardo Vigolo, diretor da L\u00e9o Acr\u00edlicos, &nbsp;apresenta alguns m\u00f3veis que otimizam e decoram o espa\u00e7o, tornando-o mais adequado para diversas superf\u00edcies.<\/p>\n\n\n\n<p>Para ter a varanda dos sonhos&nbsp; as dicas s\u00e3o incluir plantas e flores que deixam um ar de natureza, a ilumina\u00e7\u00e3o deve ser adequada para o local ficar aconchegante sendo mais intimista, j\u00e1 os m\u00f3veis ficam por conta da empresa L\u00e9o Acr\u00edlicos, que \u00e9 especialista na \u00e1rea, \u201c<em>Executamos qualquer projeto de acordo com a necessidade do cliente, respeitando o gosto e a vontade individual, dando um toque de personalidade para a sua varanda\u201d, enfatiza Vigolo.<\/em><\/p>\n\n\n\n<p>Este material multifacetado pode se adaptar em qualquer espa\u00e7o, ent\u00e3o quando quiser mudar de local, fique \u00e0 vontade, a dica de Leonardo \u00e9 \u201c<em>Tenha cuidado com o acr\u00edlico, ele \u00e9 resistente a diversos materiais, como \u00e1gua, bebidas, sab\u00e3o, subst\u00e2ncias abrasivas, por\u00e9m evite exposi\u00e7\u00e3o ao calor, uma vez que excede a 90\u00b0 graus, o produto come\u00e7ar\u00e1 a se deformar, ent\u00e3o, n\u00e3o exponha ao sol<\/em>\u201d, completa<br><\/p>\n\n\n\n<p>Foto destaque: <\/p>\n\n\n\n<p>Quando compra ou aluga um im\u00f3vel o que mais se espera \u00e9&nbsp; um espa\u00e7o em que possa ficar tranquilo, ser um lugar de ref\u00fagio, reunir os amigos ou at\u00e9 mesmo ficar com a fam\u00edlia e a varanda &nbsp;\u00e9 uma \u00f3tima pedida para este momento. &nbsp;Hoje como \u00e9 &nbsp;considerada uma extens\u00e3o da casa, o local pode ter uma brinquedoteca, cozinha gourmet, jardim e\/ou at\u00e9 mesmo um m\u00f3vel de acr\u00edlico para otimizar o espa\u00e7o e manter a organiza\u00e7\u00e3o em dia.<\/p>\n\n\n\n<p>Antes, ela era considerada apenas um local onde tinha um ar melanc\u00f3lico, sem cor, j\u00e1 hoje existem in\u00fameras ideias para dar aquela repaginada no espa\u00e7o, &nbsp;o Leonardo Vigolo, diretor da L\u00e9o Acr\u00edlicos, &nbsp;apresenta alguns m\u00f3veis que otimizam e decoram o espa\u00e7o, tornando-o mais adequado para diversas superf\u00edcies.<\/p>\n\n\n\n<p>Para ter a varanda dos sonhos&nbsp; as dicas s\u00e3o incluir plantas e flores que deixam um ar de natureza, a ilumina\u00e7\u00e3o deve ser adequada para o local ficar aconchegante sendo mais intimista, j\u00e1 os m\u00f3veis ficam por conta da empresa L\u00e9o Acr\u00edlicos, que \u00e9 especialista na \u00e1rea, \u201c<em>Executamos qualquer projeto de acordo com a necessidade do cliente, respeitando o gosto e a vontade individual, dando um toque de personalidade para a sua varanda\u201d, enfatiza Vigolo.<\/em><\/p>\n\n\n\n<p>Este material multifacetado pode se adaptar em qualquer espa\u00e7o, ent\u00e3o quando quiser mudar de local, fique \u00e0 vontade, a dica de Leonardo \u00e9 \u201c<em>Tenha cuidado com o acr\u00edlico, ele \u00e9 resistente a diversos materiais, como \u00e1gua, bebidas, sab\u00e3o, subst\u00e2ncias abrasivas, por\u00e9m evite exposi\u00e7\u00e3o ao calor, uma vez que excede a 90\u00b0 graus, o produto come\u00e7ar\u00e1 a se deformar, ent\u00e3o, n\u00e3o exponha ao sol<\/em>\u201d, complet<\/p>\n\n\n\n<p><\/p>\n\n\n\n<p><\/p>\n\n\n\n<p>Foto Destaque: Leonardo Vigolo<\/p>\n","protected":false},"excerpt":{"rendered":"<p>Varanda gourmet: Como deixar seu espa\u00e7o mais acolhedor e funcional \u00a0 Quando compra ou aluga&#8230;<\/p>\n","protected":false},"author":1,"featured_media":15467,"comment_status":"closed","ping_status":"open","sticky":false,"template":"","format":"standard","meta":{"om_disable_all_campaigns":false,"_monsterinsights_skip_tracking":false,"_monsterinsights_sitenote_active":false,"_monsterinsights_sitenote_note":"","_monsterinsights_sitenote_category":0,"spay_email":""},"categories":[1],"tags":[],"jetpack_featured_media_url":"https:\/\/vimagazine.com.br\/wp-content\/uploads\/2024\/08\/acrilico.jpg","_links":{"self":[{"href":"https:\/\/vimagazine.com.br\/index.php?rest_route=\/wp\/v2\/posts\/15466"}],"collection":[{"href":"https:\/\/vimagazine.com.br\/index.php?rest_route=\/wp\/v2\/posts"}],"about":[{"href":"https:\/\/vimagazine.com.br\/index.php?rest_route=\/wp\/v2\/types\/post"}],"author":[{"embeddable":true,"href":"https:\/\/vimagazine.com.br\/index.php?rest_route=\/wp\/v2\/users\/1"}],"replies":[{"embeddable":true,"href":"https:\/\/vimagazine.com.br\/index.php?rest_route=%2Fwp%2Fv2%2Fcomments&post=15466"}],"version-history":[{"count":1,"href":"https:\/\/vimagazine.com.br\/index.php?rest_route=\/wp\/v2\/posts\/15466\/revisions"}],"predecessor-version":[{"id":15468,"href":"https:\/\/vimagazine.com.br\/index.php?rest_route=\/wp\/v2\/posts\/15466\/revisions\/15468"}],"wp:featuredmedia":[{"embeddable":true,"href":"https:\/\/vimagazine.com.br\/index.php?rest_route=\/wp\/v2\/media\/15467"}],"wp:attachment":[{"href":"https:\/\/vimagazine.com.br\/index.php?rest_route=%2Fwp%2Fv2%2Fmedia&parent=15466"}],"wp:term":[{"taxonomy":"category","embeddable":true,"href":"https:\/\/vimagazine.com.br\/index.php?rest_route=%2Fwp%2Fv2%2Fcategories&post=15466"},{"taxonomy":"post_tag","embeddable":true,"href":"https:\/\/vimagazine.com.br\/index.php?rest_route=%2Fwp%2Fv2%2Ftags&post=15466"}],"curies":[{"name":"wp","href":"https:\/\/api.w.org\/{rel}","templated":true}]}}