{"id":15472,"date":"2024-08-27T10:28:14","date_gmt":"2024-08-27T13:28:14","guid":{"rendered":"https:\/\/vimagazine.com.br\/?p=15472"},"modified":"2024-08-27T10:28:16","modified_gmt":"2024-08-27T13:28:16","slug":"inclusao-indevida-em-orgaos-de-negativacao-gera-3-mil-disputas-novas-por-dia-na-justica","status":"publish","type":"post","link":"https:\/\/vimagazine.com.br\/?p=15472","title":{"rendered":"Inclus\u00e3o indevida em \u00f3rg\u00e3os de negativa\u00e7\u00e3o gera 3 mil disputas novas por dia na Justi\u00e7a"},"content":{"rendered":"\n<p><\/p>\n\n\n\n<p style=\"font-size:30px\"><em>Total de processos novos por inclus\u00e3o indevida em cadastros como o Serasa aumentou 39% entre 2022 e 2023 com um salto de 804 mil para 1,1 milh\u00e3o de casos novos<\/em><\/p>\n\n\n\n<p><\/p>\n\n\n\n<p>De acordo com&nbsp;<strong>dados in\u00e9ditos extra\u00eddos do DataJud<\/strong>, o painel de estat\u00edsticas do CNJ (Conselho Nacional de Justi\u00e7a), o n\u00famero de a\u00e7\u00f5es novas na Justi\u00e7a relacionadas \u00e0 inclus\u00e3o indevida em cadastro de inadimplentes, como o Serasa, subiu de 804.705 para 1.119.327 entre 2022 e 2023, um aumento de 39%. Entre janeiro e maio de 2024, o montante acumulado j\u00e1 era de 678.177 processos novos. E, nesse per\u00edodo, surgiram 3.747 disputas novas por dia. O tema saltou da terceira para a primeira posi\u00e7\u00e3o entre os principais assuntos ajuizados no pa\u00eds em rela\u00e7\u00e3o ao Direito do Consumidor.<\/p>\n\n\n\n<p>Com exce\u00e7\u00e3o de oito estados, a maioria registrou alta. Representando aproximadamente metade dos casos de todo o pa\u00eds, a Bahia teve o maior aumento, de 88,3%, saltando de 309.536 para 582.910 novos processos. At\u00e9 junho de 2024, j\u00e1 havia registrado 400.011 casos.<br><\/p>\n\n\n\n<p><strong>Jo\u00e3o Valen\u00e7a, advogado especialista em Direito do Consumidor do VLV Advogados<\/strong>, avalia que &#8220;esse crescimento expressivo mostra que a inclus\u00e3o indevida em cadastros de inadimpl\u00eancia se tornou a principal quest\u00e3o no Direito do Consumidor, superando outras demandas&#8221;. Para ele, esse fen\u00f4meno est\u00e1 &#8220;bastante relacionado ao aumento na concess\u00e3o de cr\u00e9dito, \u00e0 prolifera\u00e7\u00e3o de servi\u00e7os financeiros digitais e a falhas no controle de dados dos consumidores, resultando em inclus\u00f5es indevidas&#8221;.<\/p>\n\n\n\n<p>Valen\u00e7a tamb\u00e9m destaca que o aumento nas a\u00e7\u00f5es judiciais reflete uma maior conscientiza\u00e7\u00e3o dos consumidores sobre seus direitos. &#8220;O consumidor est\u00e1 mais consciente de seus direitos, o que leva a um maior n\u00famero de a\u00e7\u00f5es judiciais para reverter inclus\u00f5es indevidas e buscar repara\u00e7\u00e3o por danos&#8221;, afirmou.<br><\/p>\n\n\n\n<p>Quanto ao processo de busca por justi\u00e7a, o consumidor deve reunir provas documentais do dano sofrido, como comprovantes da negativa\u00e7\u00e3o indevida, extratos banc\u00e1rios, correspond\u00eancias e comunica\u00e7\u00f5es com a empresa financeira respons\u00e1vel pela inclus\u00e3o. &#8220;Al\u00e9m da remo\u00e7\u00e3o do nome dos cadastros de inadimplentes, os consumidores podem pleitear repara\u00e7\u00e3o por danos materiais e morais, especialmente se a inclus\u00e3o indevida lhes causar constrangimento, ang\u00fastia ou abalo psicol\u00f3gico, como nos casos em que s\u00e3o impedidos de realizar opera\u00e7\u00f5es financeiras importantes, como a compra de um im\u00f3vel ou ve\u00edculo\u201d, orienta.<\/p>\n\n\n\n<p>O advogado ainda ressalta a import\u00e2ncia da educa\u00e7\u00e3o financeira e da conscientiza\u00e7\u00e3o dos consumidores sobre a necessidade de monitorar regularmente seus cadastros de cr\u00e9dito. &#8220;Com a crescente digitaliza\u00e7\u00e3o dos servi\u00e7os financeiros, o risco de fraudes e erros aumenta, tornando essencial que os consumidores estejam vigilantes e bem-informados sobre seus direitos&#8221;, alerta. \u201cO programa \u2018Meu Bolso em Dia\u2019, da Febraban e do Banco Central, tem sido uma ferramenta \u00fatil para promover a sa\u00fade financeira, ajudar na quita\u00e7\u00e3o de d\u00edvidas e fornecer orienta\u00e7\u00f5es sobre gest\u00e3o de dinheiro\u201d, avalia.<br><br><\/p>\n","protected":false},"excerpt":{"rendered":"<p>Total de processos novos por inclus\u00e3o indevida em cadastros como o Serasa aumentou 39% entre&#8230;<\/p>\n","protected":false},"author":1,"featured_media":15473,"comment_status":"closed","ping_status":"open","sticky":false,"template":"","format":"standard","meta":{"om_disable_all_campaigns":false,"_monsterinsights_skip_tracking":false,"_monsterinsights_sitenote_active":false,"_monsterinsights_sitenote_note":"","_monsterinsights_sitenote_category":0,"spay_email":""},"categories":[27,1],"tags":[901,902,899,898,900],"jetpack_featured_media_url":"https:\/\/vimagazine.com.br\/wp-content\/uploads\/2024\/08\/Rovena-Rosa-Abr.jpg","_links":{"self":[{"href":"https:\/\/vimagazine.com.br\/index.php?rest_route=\/wp\/v2\/posts\/15472"}],"collection":[{"href":"https:\/\/vimagazine.com.br\/index.php?rest_route=\/wp\/v2\/posts"}],"about":[{"href":"https:\/\/vimagazine.com.br\/index.php?rest_route=\/wp\/v2\/types\/post"}],"author":[{"embeddable":true,"href":"https:\/\/vimagazine.com.br\/index.php?rest_route=\/wp\/v2\/users\/1"}],"replies":[{"embeddable":true,"href":"https:\/\/vimagazine.com.br\/index.php?rest_route=%2Fwp%2Fv2%2Fcomments&post=15472"}],"version-history":[{"count":1,"href":"https:\/\/vimagazine.com.br\/index.php?rest_route=\/wp\/v2\/posts\/15472\/revisions"}],"predecessor-version":[{"id":15474,"href":"https:\/\/vimagazine.com.br\/index.php?rest_route=\/wp\/v2\/posts\/15472\/revisions\/15474"}],"wp:featuredmedia":[{"embeddable":true,"href":"https:\/\/vimagazine.com.br\/index.php?rest_route=\/wp\/v2\/media\/15473"}],"wp:attachment":[{"href":"https:\/\/vimagazine.com.br\/index.php?rest_route=%2Fwp%2Fv2%2Fmedia&parent=15472"}],"wp:term":[{"taxonomy":"category","embeddable":true,"href":"https:\/\/vimagazine.com.br\/index.php?rest_route=%2Fwp%2Fv2%2Fcategories&post=15472"},{"taxonomy":"post_tag","embeddable":true,"href":"https:\/\/vimagazine.com.br\/index.php?rest_route=%2Fwp%2Fv2%2Ftags&post=15472"}],"curies":[{"name":"wp","href":"https:\/\/api.w.org\/{rel}","templated":true}]}}