{"id":15487,"date":"2024-08-28T12:45:28","date_gmt":"2024-08-28T15:45:28","guid":{"rendered":"https:\/\/vimagazine.com.br\/?p=15487"},"modified":"2024-08-28T12:45:58","modified_gmt":"2024-08-28T15:45:58","slug":"jorge-bischoff-realiza-desfile-para-apresentar-sua-nova-colecao","status":"publish","type":"post","link":"https:\/\/vimagazine.com.br\/?p=15487","title":{"rendered":"Jorge Bischoff realiza desfile para apresentar sua nova cole\u00e7\u00e3o"},"content":{"rendered":"\n<p><\/p>\n\n\n\n<p style=\"font-size:25px\"><em><strong>Evento acontece nesta quinta-feira, dia 29 de agosto, e marca tamb\u00e9m a reinaugura\u00e7\u00e3o da loja, com conceito clean e com foco na experi\u00eancia. Al\u00e9m da modelo Jade Beitel, clientes da marca levar\u00e3o os produtos para a passarela.<\/strong><\/em><\/p>\n\n\n\n<p><\/p>\n\n\n\n<p><\/p>\n\n\n\n<p><\/p>\n\n\n\n<p>Nesta quinta-feira, a marca Jorge Bischoff realiza um desfile no Beiramar Shopping apresentando sua nova cole\u00e7\u00e3o e marcando a reinaugura\u00e7\u00e3o, o novo projeto arquitet\u00f4nico da marca, que tem como foco as experi\u00eancias dos consumidores, com predomin\u00e2ncia de tons claras e luzes direcionais. O evento ser\u00e1 em frente a loja, no piso L2, \u00e0s 19h30, e a partir das 17h ser\u00e1 oferecido um coquetel.<\/p>\n\n\n\n<p>Quem comandar\u00e1 a passarela ser\u00e1 a modelo Jade Beitel, acompanhada de clientes da marca, trazendo ainda mais personalidade e propriedade para os produtos apresentados. O desfile tamb\u00e9m apresentar\u00e1 para o p\u00fablico marcas parceiras, como Dudalina, B\u00e1rbara K, Cia Mar\u00edtima e produ\u00e7\u00e3o de Jacques Janine .<\/p>\n\n\n\n<p>O p\u00fablico vai conferir na passarela as tend\u00eancias das pr\u00f3ximas esta\u00e7\u00f5es, pautadas em quatro vertentes: os tons cl\u00e1ssicos como preto e branco, o floral, o po\u00e1 e o natural. Al\u00e9m disso, as bolsas voltam para o cen\u00e1rio como protagonistas, compondo os looks e permitindo a composi\u00e7\u00e3o de estilos. Nos sapatos, um dos destaques ser\u00e3o as biqueiras em cores e texturas contrastantes proporcionam estilo e fashionismo aos modelos minimalistas. E mais, a marca apresenta tamb\u00e9m seus produtos atemporais, trazendo a ess\u00eancia de sofistica\u00e7\u00e3o com a leveza e o frescor necess\u00e1rios para o clima de ver\u00e3o.<\/p>\n\n\n\n<p><\/p>\n\n\n\n<figure class=\"wp-container-2 wp-block-gallery-1 wp-block-gallery has-nested-images columns-default is-cropped\">\n<figure class=\"wp-block-image size-large\"><img width=\"1000\" height=\"806\" data-id=\"15488\"  src=\"https:\/\/vimagazine.com.br\/wp-content\/uploads\/2024\/08\/afb3b5cd-a7f8-4203-abc7-241422171ed0.jpg\" alt=\"\" class=\"wp-image-15488\" srcset=\"https:\/\/vimagazine.com.br\/wp-content\/uploads\/2024\/08\/afb3b5cd-a7f8-4203-abc7-241422171ed0.jpg 1000w, https:\/\/vimagazine.com.br\/wp-content\/uploads\/2024\/08\/afb3b5cd-a7f8-4203-abc7-241422171ed0-300x242.jpg 300w, https:\/\/vimagazine.com.br\/wp-content\/uploads\/2024\/08\/afb3b5cd-a7f8-4203-abc7-241422171ed0-768x619.jpg 768w\" sizes=\"(max-width: 1000px) 100vw, 1000px\" \/><\/figure>\n\n\n\n<figure class=\"wp-block-image size-large\"><img width=\"1000\" height=\"1736\" data-id=\"15489\"  src=\"https:\/\/vimagazine.com.br\/wp-content\/uploads\/2024\/08\/31b6ba52-9f50-4507-bf62-99c7812f5f01.jpg\" alt=\"\" class=\"wp-image-15489\" srcset=\"https:\/\/vimagazine.com.br\/wp-content\/uploads\/2024\/08\/31b6ba52-9f50-4507-bf62-99c7812f5f01.jpg 1000w, https:\/\/vimagazine.com.br\/wp-content\/uploads\/2024\/08\/31b6ba52-9f50-4507-bf62-99c7812f5f01-173x300.jpg 173w, https:\/\/vimagazine.com.br\/wp-content\/uploads\/2024\/08\/31b6ba52-9f50-4507-bf62-99c7812f5f01-590x1024.jpg 590w, https:\/\/vimagazine.com.br\/wp-content\/uploads\/2024\/08\/31b6ba52-9f50-4507-bf62-99c7812f5f01-768x1333.jpg 768w, https:\/\/vimagazine.com.br\/wp-content\/uploads\/2024\/08\/31b6ba52-9f50-4507-bf62-99c7812f5f01-885x1536.jpg 885w\" sizes=\"(max-width: 1000px) 100vw, 1000px\" \/><\/figure>\n<\/figure>\n","protected":false},"excerpt":{"rendered":"<p>Evento acontece nesta quinta-feira, dia 29 de agosto, e marca tamb\u00e9m a reinaugura\u00e7\u00e3o da loja,&#8230;<\/p>\n","protected":false},"author":1,"featured_media":15490,"comment_status":"closed","ping_status":"open","sticky":false,"template":"","format":"standard","meta":{"om_disable_all_campaigns":false,"_monsterinsights_skip_tracking":false,"_monsterinsights_sitenote_active":false,"_monsterinsights_sitenote_note":"","_monsterinsights_sitenote_category":0,"spay_email":""},"categories":[1],"tags":[],"jetpack_featured_media_url":"https:\/\/vimagazine.com.br\/wp-content\/uploads\/2024\/08\/01ff3f72-c60e-413b-b20a-b79509356428-1.jpg","_links":{"self":[{"href":"https:\/\/vimagazine.com.br\/index.php?rest_route=\/wp\/v2\/posts\/15487"}],"collection":[{"href":"https:\/\/vimagazine.com.br\/index.php?rest_route=\/wp\/v2\/posts"}],"about":[{"href":"https:\/\/vimagazine.com.br\/index.php?rest_route=\/wp\/v2\/types\/post"}],"author":[{"embeddable":true,"href":"https:\/\/vimagazine.com.br\/index.php?rest_route=\/wp\/v2\/users\/1"}],"replies":[{"embeddable":true,"href":"https:\/\/vimagazine.com.br\/index.php?rest_route=%2Fwp%2Fv2%2Fcomments&post=15487"}],"version-history":[{"count":2,"href":"https:\/\/vimagazine.com.br\/index.php?rest_route=\/wp\/v2\/posts\/15487\/revisions"}],"predecessor-version":[{"id":15492,"href":"https:\/\/vimagazine.com.br\/index.php?rest_route=\/wp\/v2\/posts\/15487\/revisions\/15492"}],"wp:featuredmedia":[{"embeddable":true,"href":"https:\/\/vimagazine.com.br\/index.php?rest_route=\/wp\/v2\/media\/15490"}],"wp:attachment":[{"href":"https:\/\/vimagazine.com.br\/index.php?rest_route=%2Fwp%2Fv2%2Fmedia&parent=15487"}],"wp:term":[{"taxonomy":"category","embeddable":true,"href":"https:\/\/vimagazine.com.br\/index.php?rest_route=%2Fwp%2Fv2%2Fcategories&post=15487"},{"taxonomy":"post_tag","embeddable":true,"href":"https:\/\/vimagazine.com.br\/index.php?rest_route=%2Fwp%2Fv2%2Ftags&post=15487"}],"curies":[{"name":"wp","href":"https:\/\/api.w.org\/{rel}","templated":true}]}}