{"id":15499,"date":"2024-08-28T14:54:27","date_gmt":"2024-08-28T17:54:27","guid":{"rendered":"https:\/\/vimagazine.com.br\/?p=15499"},"modified":"2024-08-28T14:54:28","modified_gmt":"2024-08-28T17:54:28","slug":"cdl-florianopolis-promove-capacitacao-sobre-o-uso-da-inteligencia-artificial-nos-negocios","status":"publish","type":"post","link":"https:\/\/vimagazine.com.br\/?p=15499","title":{"rendered":"CDL Florian\u00f3polis promove capacita\u00e7\u00e3o sobre o uso da intelig\u00eancia artificial nos neg\u00f3cios"},"content":{"rendered":"\n<p><\/p>\n\n\n\n<p><\/p>\n\n\n\n<p class=\"has-text-align-center\" style=\"font-size:22px\"><em><strong>&#8220;N\u00e3o h\u00e1 receita de bolo para aprender intelig\u00eancia artificial&#8221;, diz doutor em inova\u00e7\u00e3o. Juan Pablo Boeira afirma que as pessoas ter\u00e3o que aprender a lidar com a IA muito mais r\u00e1pido do que quando come\u00e7aram a utilizar a internet.<\/strong><\/em><\/p>\n\n\n\n<p><\/p>\n\n\n\n<p>Nesta sexta-feira, 30 de agosto, acontece em Florian\u00f3polis o IA NIT Summit, um evento promovido pelo N\u00facleo de Inova\u00e7\u00e3o e Tecnologia da CDL Florian\u00f3polis com foco no aprimoramento da utiliza\u00e7\u00e3o da intelig\u00eancia artificial nas empresas, que j\u00e1 \u00e9 uma realidade no dia a dia do mercado brasileiro. Segundo um novo estudo da Deloitte, 58% das empresas no pa\u00eds j\u00e1 usam intelig\u00eancia artificial no dia a dia. Ainda segundo a pesquisa, dentre as empresas que j\u00e1 usam, 79% pretendem aprofundar e estender a tecnologia para novas \u00e1reas.<\/p>\n\n\n\n<p>Entendendo essa transforma\u00e7\u00e3o mercadol\u00f3gica \u00e9 que surgiu a demanda de promover um encontro trazer a tem\u00e1tica e as aplicabilidades no dia a dia das empresas, com exemplos reais e pr\u00e1ticos. &#8220;Essa \u00e9 uma demanda latente de mercado e uma oportunidade para que empreendedores e profissionais se aprofundem na tem\u00e1tica,\u00a0 para saber o que \u00e9, como funciona e o futuro da Intelig\u00eancia Artificial nos neg\u00f3cios&#8221;, explica Filipe Santos, coordenador do N\u00facleo de Inova\u00e7\u00e3o e Tecnologia da CDL Florian\u00f3polis.<\/p>\n\n\n\n<p><\/p>\n\n\n\n<figure class=\"wp-block-image size-large\"><img width=\"1024\" height=\"681\" src=\"https:\/\/vimagazine.com.br\/wp-content\/uploads\/2024\/08\/f7b75e21-8853-4199-8f90-60d01fa8a412-1024x681.jpg\" alt=\"\" class=\"wp-image-15501\" srcset=\"https:\/\/vimagazine.com.br\/wp-content\/uploads\/2024\/08\/f7b75e21-8853-4199-8f90-60d01fa8a412-1024x681.jpg 1024w, https:\/\/vimagazine.com.br\/wp-content\/uploads\/2024\/08\/f7b75e21-8853-4199-8f90-60d01fa8a412-300x199.jpg 300w, https:\/\/vimagazine.com.br\/wp-content\/uploads\/2024\/08\/f7b75e21-8853-4199-8f90-60d01fa8a412-768x511.jpg 768w, https:\/\/vimagazine.com.br\/wp-content\/uploads\/2024\/08\/f7b75e21-8853-4199-8f90-60d01fa8a412.jpg 1280w\" sizes=\"(max-width: 1024px) 100vw, 1024px\" \/><\/figure>\n\n\n\n<p><\/p>\n\n\n\n<p>Hoje a maior parte do uso de AI se d\u00e1 na rotina administrativa (44% das empresas que usam AI usam para isso), no apoio \u00e0 tomada de decis\u00e3o (43%) e no atendimento e suporte ao cliente (39%). As \u00e1reas de tecnologia tamb\u00e9m est\u00e3o avan\u00e7adas, com 32% das empresas usando AI para an\u00e1lise de big data e 32% utilizando para apoiar o desenvolvimento de software.<\/p>\n\n\n\n<p>O evento contar\u00e1 com quatro interlocutores:<\/p>\n\n\n\n<p>&#8211; o empres\u00e1rio Jaime de Paula, \u00danico Founder da Neoway, CO-founder and CEO do Paradigma&#8217;s;<\/p>\n\n\n\n<p>&#8211; Dr. Juan Pablo d. Boeira, uma das maiores autoridades do Brasil em IA;<\/p>\n\n\n\n<p>&#8211; Rafael Milagre&nbsp;, diretor de IA da Nalk;<\/p>\n\n\n\n<p>&#8211; Caroline Dallacorte, CEO TRIA Partners, empresa especializada em Tecnologia, Resultados e Intelig\u00eancia Artificial.<\/p>\n\n\n\n<p>Na programa\u00e7\u00e3o, temas como &#8220;Entendendo sobre IA: Novos Modelos de Neg\u00f3cio e Aplica\u00e7\u00f5es com IA&#8221;, um workshop sobre estrat\u00e9gias de marketing e vendas com IA, gamifica\u00e7\u00e3o com IA, uma palestra sobre a nova fronteira da inova\u00e7\u00e3o: al\u00e9m do Imagin\u00e1vel e a Era da IA.<\/p>\n\n\n\n<p><\/p>\n\n\n\n<figure class=\"wp-block-image size-full\"><img width=\"888\" height=\"666\" src=\"https:\/\/vimagazine.com.br\/wp-content\/uploads\/2024\/08\/d4cbdb69-d846-4017-b8a4-cfda3029fae7.webp\" alt=\"\" class=\"wp-image-15500\" srcset=\"https:\/\/vimagazine.com.br\/wp-content\/uploads\/2024\/08\/d4cbdb69-d846-4017-b8a4-cfda3029fae7.webp 888w, https:\/\/vimagazine.com.br\/wp-content\/uploads\/2024\/08\/d4cbdb69-d846-4017-b8a4-cfda3029fae7-300x225.webp 300w, https:\/\/vimagazine.com.br\/wp-content\/uploads\/2024\/08\/d4cbdb69-d846-4017-b8a4-cfda3029fae7-768x576.webp 768w\" sizes=\"(max-width: 888px) 100vw, 888px\" \/><\/figure>\n\n\n\n<p>A revolu\u00e7\u00e3o da Intelig\u00eancia Artificial est\u00e1 moldando o presente e o futuro das empresas e da sociedade como um todo. Com a aplica\u00e7\u00e3o da IA em crescimento constante, surge a necessidade de tornar essa tecnologia acess\u00edvel \u00e0s pessoas comuns, n\u00e3o apenas especialistas em TI. &#8220;Intelig\u00eancia Artificial nos dias atuais, \u00e9 exatamente como a Internet na d\u00e9cada de 90. Muita gente n\u00e3o entendia o que era e para que servia ou viria a servir. Inclusive, escutei muito naquela \u00e9poca&#8230; para que vou ter um e-mail se eu posso enviar uma carta? Hoje, quem n\u00e3o sabe usar Internet, independente de ser uma &#8220;pessoa comum&#8221;, \u00e9 uma pessoa n\u00e3o apta para o mercado de trabalho. Logo mais, quem n\u00e3o souber lidar com IA, automaticamente n\u00e3o estar\u00e1 habilitado para o mercado de trabalho. Diante deste cen\u00e1rio, n\u00e3o existe uma &#8220;receita de bolo&#8221; para aprender a usar IA. Assim como cada pessoa aprendeu internet do seu jeito, cada um precisa buscar a sua melhor forma para isso. A diferen\u00e7a, \u00e9 que precisar\u00e1 aprender muito mais r\u00e1pido a lidar com IA do que a maioria levou para aprender a usar Internet&#8221;, destaca Juan Pablo Boeira.&nbsp;<\/p>\n\n\n\n<p>&#8220;A intelig\u00eancia artificial se tornou uma ferramenta indispens\u00e1vel para empresas que desejam melhorar seus procedimentos internos, melhorar a produtividade e se destacar no mercado. O grande desafio \u00e9 compreender a m\u00e1gica da IA para os neg\u00f3cios como forma de resolu\u00e7\u00e3o dos problemas da forma mais simples poss\u00edvel. Os empres\u00e1rios buscam compreender como ensinar a IA a trabalhar para eles e n\u00e3o o contr\u00e1rio. Ser\u00e1 um encontro produtivo e aberto para todos os players&#8221;, finaliza Filipe Santos.<\/p>\n\n\n\n<p><\/p>\n\n\n\n<p><strong>O que<\/strong>: capacita\u00e7\u00e3o sobre o uso da intelig\u00eancia artificial nos neg\u00f3cios<\/p>\n\n\n\n<p><strong>Quando:<\/strong> 30 de agosto \u2013 sexta-feira<\/p>\n\n\n\n<p><strong>Onde:<\/strong> CDL Florian\u00f3polis &#8211; Rua Felipe Schmidt, 679, CDL Tech, Centro &#8211; Florian\u00f3polis<\/p>\n\n\n\n<p><strong>Hor\u00e1rio:<\/strong> 14h<\/p>\n","protected":false},"excerpt":{"rendered":"<p>&#8220;N\u00e3o h\u00e1 receita de bolo para aprender intelig\u00eancia artificial&#8221;, diz doutor em inova\u00e7\u00e3o. Juan Pablo&#8230;<\/p>\n","protected":false},"author":1,"featured_media":15502,"comment_status":"closed","ping_status":"open","sticky":false,"template":"","format":"standard","meta":{"om_disable_all_campaigns":false,"_monsterinsights_skip_tracking":false,"_monsterinsights_sitenote_active":false,"_monsterinsights_sitenote_note":"","_monsterinsights_sitenote_category":0,"spay_email":""},"categories":[27,1],"tags":[],"jetpack_featured_media_url":"https:\/\/vimagazine.com.br\/wp-content\/uploads\/2024\/08\/d37a523d-6590-4ed8-be05-aef91d14680b.jpg","_links":{"self":[{"href":"https:\/\/vimagazine.com.br\/index.php?rest_route=\/wp\/v2\/posts\/15499"}],"collection":[{"href":"https:\/\/vimagazine.com.br\/index.php?rest_route=\/wp\/v2\/posts"}],"about":[{"href":"https:\/\/vimagazine.com.br\/index.php?rest_route=\/wp\/v2\/types\/post"}],"author":[{"embeddable":true,"href":"https:\/\/vimagazine.com.br\/index.php?rest_route=\/wp\/v2\/users\/1"}],"replies":[{"embeddable":true,"href":"https:\/\/vimagazine.com.br\/index.php?rest_route=%2Fwp%2Fv2%2Fcomments&post=15499"}],"version-history":[{"count":1,"href":"https:\/\/vimagazine.com.br\/index.php?rest_route=\/wp\/v2\/posts\/15499\/revisions"}],"predecessor-version":[{"id":15503,"href":"https:\/\/vimagazine.com.br\/index.php?rest_route=\/wp\/v2\/posts\/15499\/revisions\/15503"}],"wp:featuredmedia":[{"embeddable":true,"href":"https:\/\/vimagazine.com.br\/index.php?rest_route=\/wp\/v2\/media\/15502"}],"wp:attachment":[{"href":"https:\/\/vimagazine.com.br\/index.php?rest_route=%2Fwp%2Fv2%2Fmedia&parent=15499"}],"wp:term":[{"taxonomy":"category","embeddable":true,"href":"https:\/\/vimagazine.com.br\/index.php?rest_route=%2Fwp%2Fv2%2Fcategories&post=15499"},{"taxonomy":"post_tag","embeddable":true,"href":"https:\/\/vimagazine.com.br\/index.php?rest_route=%2Fwp%2Fv2%2Ftags&post=15499"}],"curies":[{"name":"wp","href":"https:\/\/api.w.org\/{rel}","templated":true}]}}