{"id":15507,"date":"2024-08-29T12:18:41","date_gmt":"2024-08-29T15:18:41","guid":{"rendered":"https:\/\/vimagazine.com.br\/?p=15507"},"modified":"2024-08-29T12:18:43","modified_gmt":"2024-08-29T15:18:43","slug":"praia-brava-tera-em-setembro-festival-gastronomico-da-primavera","status":"publish","type":"post","link":"https:\/\/vimagazine.com.br\/?p=15507","title":{"rendered":"Praia Brava ter\u00e1 em setembro Festival Gastron\u00f4mico da primavera"},"content":{"rendered":"\n<p><\/p>\n\n\n\n<p class=\"has-text-align-center\" style=\"font-size:22px\"><em>O BravaMall, localizado na Praia Brava de Itaja\u00ed, em Santa Catarina, anuncia a 5\u00aa edi\u00e7\u00e3o do Festival Gastron\u00f4mico, que acontece de 1\u00ba a 30 de setembro no Mercato, \u00e1rea gastron\u00f4mica do Mall. Com a tem\u00e1tica da primavera, o evento contar\u00e1 com 10 opera\u00e7\u00f5es que v\u00e3o oferecer uma sele\u00e7\u00e3o de pratos autorais que inclui op\u00e7\u00f5es com frutos do mar, carnes, aves e aperitivos para happy hour, todos ao valor fixo de R$79,90.<\/em> <\/p>\n\n\n\n<p><\/p>\n\n\n\n<p><\/p>\n\n\n\n<p>A 5\u00aa edi\u00e7\u00e3o do Festival Gastron\u00f4mico, que ser\u00e1 realizado no BravaMall, na Praia Brava de Itaja\u00ed, de 1\u00ba a 30 de setembro, entra no calend\u00e1rio de atra\u00e7\u00f5es do litoral catarinense para celebrar a primavera com uma sele\u00e7\u00e3o de pratos autorais, ingredientes frescos e de alta qualidade.<br><br>O restaurante Sesto Senso apresentar\u00e1 o&nbsp;<strong>Sapore di Mare<\/strong>, um Linguine Di Mare com Robalo al Cartoccio, que combina a leveza da massa fresca com o peixe grelhado. Enquanto isso, o Pesca trar\u00e1 o&nbsp;<strong>Atum Roti<\/strong>. O peixe \u00e9 selado em crosta de gergelim, servido sobre uma mousseline de batata-baroa e finalizado com molho roti e farofa de atum, acompanhado de uma salada do Mediterr\u00e2neo.<\/p>\n\n\n\n<p>J\u00e1 o Unizushi apresentar\u00e1 sua&nbsp;<strong>Bento Box<\/strong>, que inclui 90g de peixe do dia grelhado, gohan (arroz japon\u00eas) com furikake, legumes salteados, 2 unidades de Takoyaki, sunomono, 4 hossomakis e 4 Niguiris.&nbsp;<\/p>\n\n\n\n<p>\u201cA gastronomia criativa j\u00e1 se tornou atrativo da Praia Brava e os festivais gastron\u00f4micos exploram o talento dos estabelecimentos da regi\u00e3o ao trazer pratos de alt\u00edssima qualidade. Assim como as edi\u00e7\u00f5es anteriores, temos a convic\u00e7\u00e3o de que a 5\u00aa&nbsp; edi\u00e7\u00e3o do Festival Gastron\u00f4mico ser\u00e1 um sucesso. E para celebrar a primavera, os restaurantes est\u00e3o priorizando op\u00e7\u00f5es leves e frescas al\u00e9m de deliciosas, claro\u201d, afirma Miriam Almeida, diretora executiva do BravaMall.<\/p>\n\n\n\n<p>Para quem prefere pratos \u00e0 base de carne vermelha, o restaurante Shantal trar\u00e1 para o festival o&nbsp;<strong>Shantal Supreme<\/strong>, entrecot angus acompanhado de um cremoso risoto trufado e enchalot caramelizada em vinho do Porto. O Didge, por sua vez, pretende trazer o&nbsp;<strong>Australian Roast Chicken<\/strong>, frango assado no molho de laranja com mel. O prato \u00e9 servido com legumes da esta\u00e7\u00e3o salteados \u00e0 moda do chef, batata r\u00fastica da casa e remete \u00e0 culin\u00e1ria australiana.<\/p>\n\n\n\n<p>J\u00e1 o Choppemp\u00e9 apresentar\u00e1 as suas&nbsp;<strong>Croquetas de Pastrami<\/strong>, que combinam notas de noz moscada e p\u00e1prica em croquetas crocantes, acompanhadas de um molho de queijo brie. Para completar a refei\u00e7\u00e3o, o prato tamb\u00e9m vem com dois chopps Brahma de 300ml.<\/p>\n\n\n\n<p>A 5\u00aa Edi\u00e7\u00e3o do Festival Gastron\u00f4mico tamb\u00e9m contar\u00e1 com op\u00e7\u00f5es de caf\u00e9 da manh\u00e3, al\u00e9m de doces e sobremesas com a participa\u00e7\u00e3o dos restaurantes Spasso Gelato, JAH A\u00e7a\u00ed, Caf\u00e9 Po.\u00e8.me. A Peteca Pet tamb\u00e9m ter\u00e1 op\u00e7\u00f5es para os amigos de 4 patas.<\/p>\n\n\n\n<p><\/p>\n\n\n\n<figure class=\"wp-container-2 wp-block-gallery-1 wp-block-gallery has-nested-images columns-default is-cropped\">\n<figure class=\"wp-block-image size-large\"><img width=\"1920\" height=\"1080\" data-id=\"15509\"  src=\"https:\/\/vimagazine.com.br\/wp-content\/uploads\/2024\/08\/Didge-4.jpg\" alt=\"\" class=\"wp-image-15509\" srcset=\"https:\/\/vimagazine.com.br\/wp-content\/uploads\/2024\/08\/Didge-4.jpg 1920w, https:\/\/vimagazine.com.br\/wp-content\/uploads\/2024\/08\/Didge-4-300x169.jpg 300w, https:\/\/vimagazine.com.br\/wp-content\/uploads\/2024\/08\/Didge-4-1024x576.jpg 1024w, https:\/\/vimagazine.com.br\/wp-content\/uploads\/2024\/08\/Didge-4-768x432.jpg 768w, https:\/\/vimagazine.com.br\/wp-content\/uploads\/2024\/08\/Didge-4-1536x864.jpg 1536w\" sizes=\"(max-width: 1920px) 100vw, 1920px\" \/><\/figure>\n\n\n\n<figure class=\"wp-block-image size-large\"><img width=\"1920\" height=\"1079\" data-id=\"15510\"  src=\"https:\/\/vimagazine.com.br\/wp-content\/uploads\/2024\/08\/Shantal.jpg\" alt=\"\" class=\"wp-image-15510\" srcset=\"https:\/\/vimagazine.com.br\/wp-content\/uploads\/2024\/08\/Shantal.jpg 1920w, https:\/\/vimagazine.com.br\/wp-content\/uploads\/2024\/08\/Shantal-300x169.jpg 300w, https:\/\/vimagazine.com.br\/wp-content\/uploads\/2024\/08\/Shantal-1024x575.jpg 1024w, https:\/\/vimagazine.com.br\/wp-content\/uploads\/2024\/08\/Shantal-768x432.jpg 768w, https:\/\/vimagazine.com.br\/wp-content\/uploads\/2024\/08\/Shantal-1536x863.jpg 1536w\" sizes=\"(max-width: 1920px) 100vw, 1920px\" \/><\/figure>\n\n\n\n<figure class=\"wp-block-image size-large\"><img width=\"1920\" height=\"1079\" data-id=\"15511\"  src=\"https:\/\/vimagazine.com.br\/wp-content\/uploads\/2024\/08\/Choppempe.jpg\" alt=\"\" class=\"wp-image-15511\" srcset=\"https:\/\/vimagazine.com.br\/wp-content\/uploads\/2024\/08\/Choppempe.jpg 1920w, https:\/\/vimagazine.com.br\/wp-content\/uploads\/2024\/08\/Choppempe-300x169.jpg 300w, https:\/\/vimagazine.com.br\/wp-content\/uploads\/2024\/08\/Choppempe-1024x575.jpg 1024w, https:\/\/vimagazine.com.br\/wp-content\/uploads\/2024\/08\/Choppempe-768x432.jpg 768w, https:\/\/vimagazine.com.br\/wp-content\/uploads\/2024\/08\/Choppempe-1536x863.jpg 1536w\" sizes=\"(max-width: 1920px) 100vw, 1920px\" \/><\/figure>\n<figcaption class=\"blocks-gallery-caption\">Fotos: Paulo Staack Alves<\/figcaption><\/figure>\n\n\n\n<p><\/p>\n\n\n\n<p class=\"has-medium-font-size\"><\/p>\n\n\n\n<p><strong>O qu\u00ea:&nbsp;<\/strong>5\u00ba Festival Gastron\u00f4mico do BravaMall<\/p>\n\n\n\n<p><strong>Data:<\/strong>&nbsp;1\u00ba a 30 de setembro<br><strong>Hor\u00e1rio:<\/strong>&nbsp;Segunda a Quarta: 11h30 \u00e0s 22h;<br><strong>Quinta a S\u00e1bado:&nbsp;<\/strong>11h30 \u00e0s 23h;<br><strong>Domingos e Feriados:<\/strong>&nbsp;11h30 \u00e0s 22h;<\/p>\n\n\n\n<p><strong>Local:&nbsp;<\/strong>BravaMall \u2013 R. Delfim M\u00e1rio de P\u00e1dua Peixoto, 500 \u2013 Praia Brava, Itaja\u00ed \u2013 SC<\/p>\n\n\n\n<p><strong>Valor:<\/strong> R$79,90<br><\/p>\n\n\n\n<p class=\"has-medium-font-size\"><strong>Sobre o BravaMall<\/strong><\/p>\n\n\n\n<p>Entregue em 2019, o BravaMall \u00e9 um ambiente que traz o estilo de vida da famosa praia catarinense, a Brava, descolado e ao mesmo tempo sofisticado, com produtos e servi\u00e7os de alto padr\u00e3o incluindo gastronomia, eventos, moda e servi\u00e7os. A \u00e1rea comercial conta com espa\u00e7os que t\u00eam como enfoque o lar, beleza e bem-estar, moda feminina e infantil, literatura, supermercado, \u00e1rea pet, e tamb\u00e9m re\u00fane renomadas grifes de luxo, al\u00e9m de \u00e1rea gastron\u00f4mica com pratos autorais e restaurantes de alta gastronomia. O BravaMall \u00e9 assinado pela PROCAVE Investimentos e Incorpora\u00e7\u00f5es.<\/p>\n\n\n\n<p><\/p>\n\n\n\n<p><strong>Fotos Destaque:<\/strong> Paulo Staack Alves<\/p>\n\n\n\n<p><\/p>\n","protected":false},"excerpt":{"rendered":"<p>O BravaMall, localizado na Praia Brava de Itaja\u00ed, em Santa Catarina, anuncia a 5\u00aa edi\u00e7\u00e3o&#8230;<\/p>\n","protected":false},"author":1,"featured_media":15508,"comment_status":"closed","ping_status":"open","sticky":false,"template":"","format":"standard","meta":{"om_disable_all_campaigns":false,"_monsterinsights_skip_tracking":false,"_monsterinsights_sitenote_active":false,"_monsterinsights_sitenote_note":"","_monsterinsights_sitenote_category":0,"spay_email":""},"categories":[27,1],"tags":[],"jetpack_featured_media_url":"https:\/\/vimagazine.com.br\/wp-content\/uploads\/2024\/08\/Pesca.jpg","_links":{"self":[{"href":"https:\/\/vimagazine.com.br\/index.php?rest_route=\/wp\/v2\/posts\/15507"}],"collection":[{"href":"https:\/\/vimagazine.com.br\/index.php?rest_route=\/wp\/v2\/posts"}],"about":[{"href":"https:\/\/vimagazine.com.br\/index.php?rest_route=\/wp\/v2\/types\/post"}],"author":[{"embeddable":true,"href":"https:\/\/vimagazine.com.br\/index.php?rest_route=\/wp\/v2\/users\/1"}],"replies":[{"embeddable":true,"href":"https:\/\/vimagazine.com.br\/index.php?rest_route=%2Fwp%2Fv2%2Fcomments&post=15507"}],"version-history":[{"count":1,"href":"https:\/\/vimagazine.com.br\/index.php?rest_route=\/wp\/v2\/posts\/15507\/revisions"}],"predecessor-version":[{"id":15512,"href":"https:\/\/vimagazine.com.br\/index.php?rest_route=\/wp\/v2\/posts\/15507\/revisions\/15512"}],"wp:featuredmedia":[{"embeddable":true,"href":"https:\/\/vimagazine.com.br\/index.php?rest_route=\/wp\/v2\/media\/15508"}],"wp:attachment":[{"href":"https:\/\/vimagazine.com.br\/index.php?rest_route=%2Fwp%2Fv2%2Fmedia&parent=15507"}],"wp:term":[{"taxonomy":"category","embeddable":true,"href":"https:\/\/vimagazine.com.br\/index.php?rest_route=%2Fwp%2Fv2%2Fcategories&post=15507"},{"taxonomy":"post_tag","embeddable":true,"href":"https:\/\/vimagazine.com.br\/index.php?rest_route=%2Fwp%2Fv2%2Ftags&post=15507"}],"curies":[{"name":"wp","href":"https:\/\/api.w.org\/{rel}","templated":true}]}}