{"id":15529,"date":"2024-08-29T17:35:08","date_gmt":"2024-08-29T20:35:08","guid":{"rendered":"https:\/\/vimagazine.com.br\/?p=15529"},"modified":"2024-08-29T17:35:09","modified_gmt":"2024-08-29T20:35:09","slug":"shopping-cidade-sao-paulo-recebe-a-exposicao-quem-e-voce-quando-voa","status":"publish","type":"post","link":"https:\/\/vimagazine.com.br\/?p=15529","title":{"rendered":"Shopping Cidade S\u00e3o Paulo recebe a exposi\u00e7\u00e3o &#8220;Quem \u00e9 Voc\u00ea Quando Voa&#8221;"},"content":{"rendered":"\n<p><\/p>\n\n\n\n<p class=\"has-medium-font-size\"><em><strong>Mostra feita por crian\u00e7as e jovens autistas e PCD fica exposta at\u00e9 o dia 15 de setembro no empreendimento<\/strong><\/em><\/p>\n\n\n\n<p>At\u00e9 o dia 15 de setembro, no Piso 2, o Shopping Cidade S\u00e3o Paulo ser\u00e1 palco da exposi\u00e7\u00e3o com o projeto da ONG Nosso Olhar: \u201cQuem \u00e9 Voc\u00ea Quando Voa\u201d.<\/p>\n\n\n\n<p>A mostra re\u00fane trabalhos que s\u00e3o resultados das oficinas culturais (PROMAC) de pintura, artesanato, pipa, teatro e musicaliza\u00e7\u00e3o e a entrada \u00e9 gratuita. O projeto busca dar acesso \u00e0s pessoas com defici\u00eancia e jovens em situa\u00e7\u00e3o de vulnerabilidade social em oficinas de artes, totalmente gratuitas, com intuito de promover a igualdade e o exerc\u00edcio da cria\u00e7\u00e3o atrav\u00e9s da inclus\u00e3o social.<\/p>\n\n\n\n<p>A ONG Nosso Olhar \u00e9 um espa\u00e7o \u00fanico, pronto para receber crian\u00e7as, adolescentes, e jovens com defici\u00eancia e suas fam\u00edlias, al\u00e9m de promover sa\u00fade, educa\u00e7\u00e3o, inclus\u00e3o e autonomia. A ONG Nosso Olhar conta com profissionais especializados e terapeutas, oficinas e palestras, eventos e atividades sociais, capacita\u00e7\u00e3o profissional, pr\u00e1ticas esportivas, grupos assistidos e experi\u00eancias inclusivas.&nbsp;<\/p>\n\n\n\n<p><\/p>\n\n\n\n<p class=\"has-medium-font-size\"><strong>Exposi\u00e7\u00e3o \u201cQuem \u00e9 Voc\u00ea Quando Voa\u201d<\/strong><\/p>\n\n\n\n<p><strong>Data:<\/strong> At\u00e9 15 de setembro\u00a0<\/p>\n\n\n\n<p><strong>Hor\u00e1rios:<\/strong> De segunda \u00e0 s\u00e1bado das 10h \u00e0s 22h, domingos e feriados: das 11h \u00e0s 20h.\u00a0<\/p>\n\n\n\n<p><strong>Endere\u00e7o:<\/strong> Avenida Paulista, 1230 \u2013 Piso 2 \u2013 Ao lado do restaurante Pecorino\u00a0\u00a0<\/p>\n\n\n\n<p>Entrada Gratuita<\/p>\n\n\n\n<p class=\"has-medium-font-size\"><strong>Sobre o PROMAC&nbsp;<\/strong><\/p>\n\n\n\n<p>O Programa Municipal de Apoio a Projetos Culturais \u2013 PROMAC, institu\u00eddo pela Lei n\u00ba 15.948\/2013 e regulamentado pelo Decreto n\u00aa 62.159 de fevereiro de 2023, busca incentivar projetos culturais e art\u00edsticos por meio de ren\u00fancia fiscal. Os incentivadores contribuintes \u2013 pessoa f\u00edsica ou pessoa jur\u00eddica- poder\u00e3o destinar partes dos seus impostos municipais (ISS e IPTU) a projetos aprovados no programa.<\/p>\n\n\n\n<p>O PROMAC tem como objetivo apoiar e promover a diversidade cultural existente no Munic\u00edpio, reconhecer e patrocinar a\u00e7\u00f5es de produ\u00e7\u00e3o art\u00edstica e cultural, proteger o patrim\u00f4nio material e imaterial do Munic\u00edpio e ampliar o acesso e frui\u00e7\u00e3o de produ\u00e7\u00f5es art\u00edsticas e culturais, inclusive locais. (Refer\u00eancia \u2013 art. 2\u00ba da Lei Municipal n\u00ba 15.948\/2013).<\/p>\n\n\n\n<p>Para se inscrever no PROMAC, o proponente pode ser pessoa f\u00edsica ou jur\u00eddica que possua os direitos e autoriza\u00e7\u00f5es necess\u00e1rias sobre todas as obras envolvidas no projeto, al\u00e9m de residir ou ter sede no munic\u00edpio de S\u00e3o Paulo h\u00e1 pelo menos 2 (dois) anos.<\/p>\n\n\n\n<p>Os projetos inscritos ser\u00e3o avaliados por uma Comiss\u00e3o Julgadora de Projetos composta por membros da sociedade civil e administra\u00e7\u00e3o p\u00fablica e, a partir da aprova\u00e7\u00e3o, o proponente ter\u00e1 o ano em que foi aprovado acrescido de mais 1 (um) ano para captar os recursos e, ent\u00e3o, come\u00e7ar a executar o projeto.<\/p>\n\n\n\n<p>No Edital PROMAC voc\u00ea encontra todas as instru\u00e7\u00f5es necess\u00e1rias para inscrever o seu projeto! Em caso de d\u00favidas, encaminhar para: projetospromac@prefeitura.sp.gov.br<\/p>\n\n\n\n<p class=\"has-medium-font-size\"><strong>Sobre o Cidade S\u00e3o Paulo<\/strong>&nbsp;<\/p>\n\n\n\n<p>Inaugurado em 2015, o Shopping Cidade S\u00e3o Paulo, localizado na Avenida Paulista, conta com&nbsp;150 opera\u00e7\u00f5es entre lojas de diversas marcas, servi\u00e7os e gastronomia. O empreendimento tem em sua fachada um painel de led de 468 metros quadrados que j\u00e1 se tornou uma refer\u00eancia&nbsp;para os paulistanos. O Cidade S\u00e3o Paulo possui ainda uma \u00e1rea externa e um jardim de 2,4 mil&nbsp;metros quadrados que abriga mudas da Mata Atl\u00e2ntica, e ambos s\u00e3o cen\u00e1rios de diversas&nbsp;ativa\u00e7\u00f5es de grandes marcas. O Shopping \u00e9 um ponto de encontro da pluralidade do p\u00fablico&nbsp;que transita pela regi\u00e3o, como estudantes, executivos, fam\u00edlias e turistas, transformando o&nbsp;local em um ambiente diverso e que gera conex\u00e3o entre as pessoas. Ainda no&nbsp;empreendimento est\u00e3o redes de servi\u00e7o como Espa\u00e7o Fam\u00edlia, Cinema, Biciclet\u00e1rio, Personal&nbsp;Shopper, Co-working, al\u00e9m de ser Pet Friendly, contar com Wi-Fi gratuito e vagas exclusivas&nbsp;para pessoas com TEA (Transtorno do Espectro Autista). O Cidade S\u00e3o Paulo \u00e9 administrado&nbsp;pela SYN, uma das principais empresas de aquisi\u00e7\u00e3o, loca\u00e7\u00e3o, venda e opera\u00e7\u00e3o de im\u00f3veis&nbsp;comerciais do Brasil. &nbsp;<\/p>\n\n\n\n<p><\/p>\n","protected":false},"excerpt":{"rendered":"<p>Mostra feita por crian\u00e7as e jovens autistas e PCD fica exposta at\u00e9 o dia 15&#8230;<\/p>\n","protected":false},"author":1,"featured_media":15530,"comment_status":"closed","ping_status":"open","sticky":false,"template":"","format":"standard","meta":{"om_disable_all_campaigns":false,"_monsterinsights_skip_tracking":false,"_monsterinsights_sitenote_active":false,"_monsterinsights_sitenote_note":"","_monsterinsights_sitenote_category":0,"spay_email":""},"categories":[27,1],"tags":[],"jetpack_featured_media_url":"https:\/\/vimagazine.com.br\/wp-content\/uploads\/2024\/08\/61c4fa5e91fe25ccb4c930345b2ab338_medium.jpg","_links":{"self":[{"href":"https:\/\/vimagazine.com.br\/index.php?rest_route=\/wp\/v2\/posts\/15529"}],"collection":[{"href":"https:\/\/vimagazine.com.br\/index.php?rest_route=\/wp\/v2\/posts"}],"about":[{"href":"https:\/\/vimagazine.com.br\/index.php?rest_route=\/wp\/v2\/types\/post"}],"author":[{"embeddable":true,"href":"https:\/\/vimagazine.com.br\/index.php?rest_route=\/wp\/v2\/users\/1"}],"replies":[{"embeddable":true,"href":"https:\/\/vimagazine.com.br\/index.php?rest_route=%2Fwp%2Fv2%2Fcomments&post=15529"}],"version-history":[{"count":1,"href":"https:\/\/vimagazine.com.br\/index.php?rest_route=\/wp\/v2\/posts\/15529\/revisions"}],"predecessor-version":[{"id":15531,"href":"https:\/\/vimagazine.com.br\/index.php?rest_route=\/wp\/v2\/posts\/15529\/revisions\/15531"}],"wp:featuredmedia":[{"embeddable":true,"href":"https:\/\/vimagazine.com.br\/index.php?rest_route=\/wp\/v2\/media\/15530"}],"wp:attachment":[{"href":"https:\/\/vimagazine.com.br\/index.php?rest_route=%2Fwp%2Fv2%2Fmedia&parent=15529"}],"wp:term":[{"taxonomy":"category","embeddable":true,"href":"https:\/\/vimagazine.com.br\/index.php?rest_route=%2Fwp%2Fv2%2Fcategories&post=15529"},{"taxonomy":"post_tag","embeddable":true,"href":"https:\/\/vimagazine.com.br\/index.php?rest_route=%2Fwp%2Fv2%2Ftags&post=15529"}],"curies":[{"name":"wp","href":"https:\/\/api.w.org\/{rel}","templated":true}]}}