{"id":15532,"date":"2024-08-30T10:12:02","date_gmt":"2024-08-30T13:12:02","guid":{"rendered":"https:\/\/vimagazine.com.br\/?p=15532"},"modified":"2024-08-30T10:12:03","modified_gmt":"2024-08-30T13:12:03","slug":"feira-viva-cidade-acontece-neste-sabado-na-capital-catarinense","status":"publish","type":"post","link":"https:\/\/vimagazine.com.br\/?p=15532","title":{"rendered":"Feira Viva Cidade acontece neste s\u00e1bado na Capital Catarinense"},"content":{"rendered":"\n<p><\/p>\n\n\n\n<p style=\"font-size:22px\"><em><strong>Evento promovido pela CDL Florian\u00f3polis e Prefeitura Municipal de Florian\u00f3polis acontece neste s\u00e1bado, 31 de agosto, das 9h \u00e0s 16h, na rua Jo\u00e3o Pinto, no Centro.<\/strong><\/em><\/p>\n\n\n\n<p>Neste s\u00e1bado, 31 de agosto, a CDL Florian\u00f3polis promove mais uma edi\u00e7\u00e3o da Feira Viva a Cidade, na&nbsp;regi\u00e3o leste do Centro hist\u00f3rico de Florian\u00f3polis, das 9h \u00e0s 14h. A feira que exp\u00f5e artesanatos, antiguidades, sebos, brech\u00f3s e gastronomia diversificada, nesta edi\u00e7\u00e3o, contar\u00e1 com apresenta\u00e7\u00e3o cultural de boi de mam\u00e3o e apresenta\u00e7\u00e3o art\u00edstica, voz e viol\u00e3o, al\u00e9m da programa\u00e7\u00e3o, ter\u00e1 distribui\u00e7\u00e3o de algod\u00e3o-doce e pipoca para crian\u00e7as.<\/p>\n\n\n\n<p>&#8220;A Feira Viva a Cidade \u00e9 um evento que valoriza os produtos locais, resgata a identidade cultural de Florian\u00f3polis e incentiva o com\u00e9rcio local. A CDL tem como bandeira, no centro hist\u00f3rico, a luta pela requalifica\u00e7\u00e3o de toda a regi\u00e3o, trazendo fortalecimento e valoriza\u00e7\u00e3o das atividades produtivas e, acima de tudo, resgatar a conex\u00e3o da regi\u00e3o com todas as interfaces da cidade&#8221;, destaca o presidente da CDL Florian\u00f3polis, J\u00falio Geremias.<\/p>\n\n\n\n<p>A Feira Permanente Viva a Cidade \u00e9 realizada pela CDL de Florian\u00f3polis em parceria com a Prefeitura Municipal da Capital, e ocorre aos s\u00e1bados, das 9h \u00e0s 14h, na \u00e1rea leste do centro hist\u00f3rico, contando com a participa\u00e7\u00e3o de mais de 30 expositores. &#8220;O evento, que j\u00e1 se tornou uma tradi\u00e7\u00e3o na regi\u00e3o, \u00e9 um propulsor para as atividades econ\u00f4micas da regi\u00e3o, trazendo p\u00fablico para conhecer a diversidade do com\u00e9rcio local e tamb\u00e9m participar das atividades,&#8221; completa o presidente da CDL Florian\u00f3polis.<\/p>\n\n\n\n<p><\/p>\n\n\n\n<figure class=\"wp-container-2 wp-block-gallery-1 wp-block-gallery has-nested-images columns-2 is-cropped\">\n<figure class=\"wp-block-image size-large\"><img width=\"864\" height=\"576\" data-id=\"15535\"  src=\"https:\/\/vimagazine.com.br\/wp-content\/uploads\/2024\/08\/e2b45586-a3e1-41df-9886-28b01cb46458.jpg\" alt=\"\" class=\"wp-image-15535\" srcset=\"https:\/\/vimagazine.com.br\/wp-content\/uploads\/2024\/08\/e2b45586-a3e1-41df-9886-28b01cb46458.jpg 864w, https:\/\/vimagazine.com.br\/wp-content\/uploads\/2024\/08\/e2b45586-a3e1-41df-9886-28b01cb46458-300x200.jpg 300w, https:\/\/vimagazine.com.br\/wp-content\/uploads\/2024\/08\/e2b45586-a3e1-41df-9886-28b01cb46458-768x512.jpg 768w\" sizes=\"(max-width: 864px) 100vw, 864px\" \/><\/figure>\n\n\n\n<figure class=\"wp-block-image size-large\"><img width=\"1100\" height=\"733\" data-id=\"15533\"  src=\"https:\/\/vimagazine.com.br\/wp-content\/uploads\/2024\/08\/0a6aefea-8404-48d1-9176-ddc0621a95fe.jpg\" alt=\"\" class=\"wp-image-15533\" srcset=\"https:\/\/vimagazine.com.br\/wp-content\/uploads\/2024\/08\/0a6aefea-8404-48d1-9176-ddc0621a95fe.jpg 1100w, https:\/\/vimagazine.com.br\/wp-content\/uploads\/2024\/08\/0a6aefea-8404-48d1-9176-ddc0621a95fe-300x200.jpg 300w, https:\/\/vimagazine.com.br\/wp-content\/uploads\/2024\/08\/0a6aefea-8404-48d1-9176-ddc0621a95fe-1024x682.jpg 1024w, https:\/\/vimagazine.com.br\/wp-content\/uploads\/2024\/08\/0a6aefea-8404-48d1-9176-ddc0621a95fe-768x512.jpg 768w\" sizes=\"(max-width: 1100px) 100vw, 1100px\" \/><\/figure>\n\n\n\n<figure class=\"wp-block-image size-large\"><img width=\"1200\" height=\"630\" data-id=\"15534\"  src=\"https:\/\/vimagazine.com.br\/wp-content\/uploads\/2024\/08\/9eff9e43-ca9e-4a81-a305-71aafd3cbea0.webp\" alt=\"\" class=\"wp-image-15534\" srcset=\"https:\/\/vimagazine.com.br\/wp-content\/uploads\/2024\/08\/9eff9e43-ca9e-4a81-a305-71aafd3cbea0.webp 1200w, https:\/\/vimagazine.com.br\/wp-content\/uploads\/2024\/08\/9eff9e43-ca9e-4a81-a305-71aafd3cbea0-300x158.webp 300w, https:\/\/vimagazine.com.br\/wp-content\/uploads\/2024\/08\/9eff9e43-ca9e-4a81-a305-71aafd3cbea0-1024x538.webp 1024w, https:\/\/vimagazine.com.br\/wp-content\/uploads\/2024\/08\/9eff9e43-ca9e-4a81-a305-71aafd3cbea0-768x403.webp 768w\" sizes=\"(max-width: 1200px) 100vw, 1200px\" \/><\/figure>\n<\/figure>\n\n\n\n<p><\/p>\n\n\n\n<p class=\"has-medium-font-size\"><strong>Confira a programa\u00e7\u00e3o:<\/strong><\/p>\n\n\n\n<p>09h \u00e0s 14h &#8211; distribui\u00e7\u00e3o de pipoca e algod\u00e3o doce<\/p>\n\n\n\n<p>09h \u00e0s 14h &#8211; atividades desenvolvidas pelo SESC, com &nbsp;brinquedos educativos e atendimento ao p\u00fablico<\/p>\n\n\n\n<p>10h30 \u00e0s 12h30 \u2013 cobertura fotogr\u00e1fica com B\u00e1rbara Bloss<\/p>\n\n\n\n<p>10h \u00e0s 14h \u2013 recreadores, esculturas de bal\u00e3o e pintura facial<\/p>\n\n\n\n<p>11h \u00e0s 12h &#8211; apresenta\u00e7\u00e3o boi de mam\u00e3o<\/p>\n\n\n\n<p>10h \u00e0s 13h45 \u2013 apresenta\u00e7\u00e3o musical com Marcos Paulo, voz e viol\u00e3o<\/p>\n\n\n\n<p>&#8220;Importante ressaltar que a feira \u00e9 gratuita e o objetivo \u00e9 fortalecer o com\u00e9rcio e servi\u00e7os e criar uma nova rota de consumo, turismo e entretenimento na regi\u00e3o central da cidade&#8221;, finaliza J\u00falio Geremias, presidente da CDL.<\/p>\n","protected":false},"excerpt":{"rendered":"<p>Evento promovido pela CDL Florian\u00f3polis e Prefeitura Municipal de Florian\u00f3polis acontece neste s\u00e1bado, 31 de&#8230;<\/p>\n","protected":false},"author":1,"featured_media":15537,"comment_status":"closed","ping_status":"open","sticky":false,"template":"","format":"standard","meta":{"om_disable_all_campaigns":false,"_monsterinsights_skip_tracking":false,"_monsterinsights_sitenote_active":false,"_monsterinsights_sitenote_note":"","_monsterinsights_sitenote_category":0,"spay_email":""},"categories":[27,1],"tags":[],"jetpack_featured_media_url":"https:\/\/vimagazine.com.br\/wp-content\/uploads\/2024\/08\/5c9cd38b-f800-44d4-acca-9f4a5435c3a4-1.jpg","_links":{"self":[{"href":"https:\/\/vimagazine.com.br\/index.php?rest_route=\/wp\/v2\/posts\/15532"}],"collection":[{"href":"https:\/\/vimagazine.com.br\/index.php?rest_route=\/wp\/v2\/posts"}],"about":[{"href":"https:\/\/vimagazine.com.br\/index.php?rest_route=\/wp\/v2\/types\/post"}],"author":[{"embeddable":true,"href":"https:\/\/vimagazine.com.br\/index.php?rest_route=\/wp\/v2\/users\/1"}],"replies":[{"embeddable":true,"href":"https:\/\/vimagazine.com.br\/index.php?rest_route=%2Fwp%2Fv2%2Fcomments&post=15532"}],"version-history":[{"count":1,"href":"https:\/\/vimagazine.com.br\/index.php?rest_route=\/wp\/v2\/posts\/15532\/revisions"}],"predecessor-version":[{"id":15538,"href":"https:\/\/vimagazine.com.br\/index.php?rest_route=\/wp\/v2\/posts\/15532\/revisions\/15538"}],"wp:featuredmedia":[{"embeddable":true,"href":"https:\/\/vimagazine.com.br\/index.php?rest_route=\/wp\/v2\/media\/15537"}],"wp:attachment":[{"href":"https:\/\/vimagazine.com.br\/index.php?rest_route=%2Fwp%2Fv2%2Fmedia&parent=15532"}],"wp:term":[{"taxonomy":"category","embeddable":true,"href":"https:\/\/vimagazine.com.br\/index.php?rest_route=%2Fwp%2Fv2%2Fcategories&post=15532"},{"taxonomy":"post_tag","embeddable":true,"href":"https:\/\/vimagazine.com.br\/index.php?rest_route=%2Fwp%2Fv2%2Ftags&post=15532"}],"curies":[{"name":"wp","href":"https:\/\/api.w.org\/{rel}","templated":true}]}}