{"id":15540,"date":"2024-08-30T10:38:30","date_gmt":"2024-08-30T13:38:30","guid":{"rendered":"https:\/\/vimagazine.com.br\/?p=15540"},"modified":"2024-08-30T10:38:31","modified_gmt":"2024-08-30T13:38:31","slug":"o-apresentador-tata-marques","status":"publish","type":"post","link":"https:\/\/vimagazine.com.br\/?p=15540","title":{"rendered":"O apresentador Tat\u00e1 Marques"},"content":{"rendered":"\n<h2>O apresentador Tat\u00e1 Marques, \u00e2ncora do notici\u00e1rio &#8220;O Povo Na TV&#8221; do SBTMS.<\/h2>\n\n\n\n<p><em>Ao mencionarmos Atamaril Amaral Marques, ningu\u00e9m faz a parca ideia de ser o famoso comunicador TAT\u00c1 MARQUES. Nascido em Campo Grande, Mato Grosso do Sul, filho de um militar e uma dona-de-casa, desde a tenra idade demonstrou sua veia \u00e0 comunica\u00e7\u00e3o.<\/em><\/p>\n\n\n\n<p>Proveniente de fam\u00edlia simples, tinha absoluta certeza que o caminho para a prosperidade financeira e consequentemente social seria atrav\u00e9s dos estudos, uma vez que a criminalidade, a injusti\u00e7a ajudaram-no a moldar seu car\u00e1ter e que hoje, tem latente &nbsp;o desejo de defender aqueles que n\u00e3o possuem as mesmas oportunidades. Assim, graduou-se em Publicidade e Propaganda, Jornalismo e p\u00f3s-gradua\u00e7\u00e3o em Administra\u00e7\u00e3o de Marketing.<\/p>\n\n\n\n<figure class=\"wp-block-image aligncenter\"><img src=\"https:\/\/namidia.com.br\/wp-content\/uploads\/2024\/08\/WhatsApp-Image-2024-08-29-at-12.12.21-1-267x400.jpeg\" alt=\"O comunicador TAT\u00c1 MARQUES.\" class=\"wp-image-132775\" title=\"O comunicador TAT\u00c1 MARQUES.\" \/><\/figure>\n\n\n\n<p>Em sua carreira de comunicador, viajou a v\u00e1rios pa\u00edses, trabalhou em emissoras de televis\u00e3o e h\u00e1 13 anos est\u00e1 no SBT. Ainda, al\u00e9m de seu agu\u00e7ado senso de justi\u00e7a e determina\u00e7\u00e3o tamb\u00e9m possui a habilidade em divertir seu p\u00fablico. Durante o notici\u00e1rio no &#8220;O Povo Na TV&#8221;, Tat\u00e1 brinca e influencia atrav\u00e9s do &#8220;\u00e9gua&#8221;&nbsp; personagem que criou e afirma, ainda, que \u00e9 capaz de vender qualquer coisa.<\/p>\n\n\n\n<figure class=\"wp-block-image aligncenter\"><img src=\"https:\/\/namidia.com.br\/wp-content\/uploads\/2024\/08\/WhatsApp-Image-2024-08-29-at-12.12.21-3-267x400.jpeg\" alt=\"O comunicador TAT\u00c1 MARQUES.\" class=\"wp-image-132773\" title=\"O comunicador TAT\u00c1 MARQUES.\" \/><\/figure>\n\n\n\n<p>Al\u00e9m do sucesso profissional, por\u00e9m, Tat\u00e1 se orgulha do impacto positivo que sua comunica\u00e7\u00e3o teve na vida das pessoas. Ent\u00e3o, atualmente, seu projeto \u00e9 tornar as pessoas melhores por meio de suas palavras.<\/p>\n\n\n\n<figure class=\"wp-block-image aligncenter\"><img src=\"https:\/\/namidia.com.br\/wp-content\/uploads\/2024\/08\/WhatsApp-Image-2024-08-29-at-12.12.21-2-267x400.jpeg\" alt=\"O comunicador TAT\u00c1 MARQUES.\" class=\"wp-image-132774\" title=\"O comunicador TAT\u00c1 MARQUES.\" \/><\/figure>\n\n\n\n<p>Al\u00e9m da televis\u00e3o, Tat\u00e1 Marques pretende lan\u00e7ar um curso que ajude as pessoas a atingirem seus intentos, compartilhando os m\u00e9todos e protocolos que funcionaram para sua pr\u00f3pria vida. Com um largo sorriso, ainda firma que n\u00e3o abandonar\u00e1 a televis\u00e3o, pois&nbsp; \u201cO meu prop\u00f3sito \u00e9 sempre comunicar e a preocupa\u00e7\u00e3o genu\u00edna de quem nos assiste \u00e9 o que mais me emociona\u201d.<\/p>\n\n\n\n<h3>Conhe\u00e7a um pouco da trajet\u00f3ria de Tat\u00e1 Marques<\/h3>\n\n\n\n<figure class=\"wp-block-embed is-type-video is-provider-youtube wp-block-embed-youtube wp-embed-aspect-16-9 wp-has-aspect-ratio\"><div class=\"wp-block-embed__wrapper\">\n<iframe loading=\"lazy\" title=\"Tat\u00e1 Marques 10 anos\" width=\"640\" height=\"360\" src=\"https:\/\/www.youtube.com\/embed\/Ovl3P03RwJk?feature=oembed\" frameborder=\"0\" allow=\"accelerometer; autoplay; clipboard-write; encrypted-media; gyroscope; picture-in-picture; web-share\" referrerpolicy=\"strict-origin-when-cross-origin\" allowfullscreen><\/iframe>\n<\/div><\/figure>\n\n\n\n<p><em>&#8220;Um dos momentos mais importantes da minha vida. Um marco pessoal e profissional. Sou extremamente grato a dire\u00e7\u00e3o da emissora SBTMS e aos meus colegas profissionais da comunica\u00e7\u00e3o, que me apoiaram para juntos chegarmos nesse dia de vit\u00f3ria e comemora\u00e7\u00e3o. Esse document\u00e1rio n\u00e3o \u00e9 sobre mim. \u00c9 sobre a vida que lhe desafia, \u00e9 sobre a morte que lhe surpreende, \u00e9 sobre voc\u00ea acreditar mesmo que n\u00e3o veja e n\u00e3o desistir mesmo que lhe falte for\u00e7as!&#8221;<\/em><\/p>\n\n\n\n<p><\/p>\n\n\n\n<p><\/p>\n\n\n\n<p><\/p>\n","protected":false},"excerpt":{"rendered":"<p>O apresentador Tat\u00e1 Marques, \u00e2ncora do notici\u00e1rio &#8220;O Povo Na TV&#8221; do SBTMS. Ao mencionarmos&#8230;<\/p>\n","protected":false},"author":18,"featured_media":15541,"comment_status":"closed","ping_status":"open","sticky":false,"template":"","format":"standard","meta":{"om_disable_all_campaigns":false,"_monsterinsights_skip_tracking":false,"_monsterinsights_sitenote_active":false,"_monsterinsights_sitenote_note":"","_monsterinsights_sitenote_category":0,"spay_email":""},"categories":[26],"tags":[907],"jetpack_featured_media_url":"https:\/\/vimagazine.com.br\/wp-content\/uploads\/2024\/08\/WhatsApp-Image-2024-08-29-at-12.12.21-2.jpeg","_links":{"self":[{"href":"https:\/\/vimagazine.com.br\/index.php?rest_route=\/wp\/v2\/posts\/15540"}],"collection":[{"href":"https:\/\/vimagazine.com.br\/index.php?rest_route=\/wp\/v2\/posts"}],"about":[{"href":"https:\/\/vimagazine.com.br\/index.php?rest_route=\/wp\/v2\/types\/post"}],"author":[{"embeddable":true,"href":"https:\/\/vimagazine.com.br\/index.php?rest_route=\/wp\/v2\/users\/18"}],"replies":[{"embeddable":true,"href":"https:\/\/vimagazine.com.br\/index.php?rest_route=%2Fwp%2Fv2%2Fcomments&post=15540"}],"version-history":[{"count":1,"href":"https:\/\/vimagazine.com.br\/index.php?rest_route=\/wp\/v2\/posts\/15540\/revisions"}],"predecessor-version":[{"id":15542,"href":"https:\/\/vimagazine.com.br\/index.php?rest_route=\/wp\/v2\/posts\/15540\/revisions\/15542"}],"wp:featuredmedia":[{"embeddable":true,"href":"https:\/\/vimagazine.com.br\/index.php?rest_route=\/wp\/v2\/media\/15541"}],"wp:attachment":[{"href":"https:\/\/vimagazine.com.br\/index.php?rest_route=%2Fwp%2Fv2%2Fmedia&parent=15540"}],"wp:term":[{"taxonomy":"category","embeddable":true,"href":"https:\/\/vimagazine.com.br\/index.php?rest_route=%2Fwp%2Fv2%2Fcategories&post=15540"},{"taxonomy":"post_tag","embeddable":true,"href":"https:\/\/vimagazine.com.br\/index.php?rest_route=%2Fwp%2Fv2%2Ftags&post=15540"}],"curies":[{"name":"wp","href":"https:\/\/api.w.org\/{rel}","templated":true}]}}