{"id":15557,"date":"2024-08-31T08:42:14","date_gmt":"2024-08-31T11:42:14","guid":{"rendered":"https:\/\/vimagazine.com.br\/?p=15557"},"modified":"2024-08-31T08:42:18","modified_gmt":"2024-08-31T11:42:18","slug":"primeiro-domingo-com-teatro-de-setembro-apresenta-espetaculo-musical-para-celebrar-a-cultura-nacional","status":"publish","type":"post","link":"https:\/\/vimagazine.com.br\/?p=15557","title":{"rendered":"Primeiro Domingo com Teatro de setembro apresenta espet\u00e1culo musical para celebrar a cultura nacional\u00a0"},"content":{"rendered":"\n<p><\/p>\n\n\n\n<p class=\"has-text-align-center\"><em>Projeto promove o teatro infantil, com entrada gratuita e acessibilidade<\/em><\/p>\n\n\n\n<p class=\"has-text-align-center\">Para abrir a programa\u00e7\u00e3o de setembro, Felipe Ferro apresenta o espet\u00e1culo &#8220;Hist\u00f3rias Folcl\u00f3ricas e M\u00fasicas Populares&#8221; no Domingo com Teatro. <\/p>\n\n\n\n<p class=\"has-text-align-center\">A performance \u00e9 um convite \u00e0s brasilidades, com m\u00fasicas, brincadeiras e hist\u00f3rias que celebram a cultura nacional. Bruxas, boitat\u00e1s, lendas e personagens ic\u00f4nicos de Florian\u00f3polis s\u00e3o alguns dos temas explorados no espet\u00e1culo, que promete encantar o p\u00fablico com muita m\u00fasica e divers\u00e3o.<\/p>\n\n\n\n<p class=\"has-text-align-center\">O Domingo com Teatro \u00e9 um dos mais importantes projetos de promo\u00e7\u00e3o da cultura na inf\u00e2ncia e de forma\u00e7\u00e3o de plateia em Santa Catarina, promovendo apresenta\u00e7\u00f5es semanais de espet\u00e1culos infantis para curtir em fam\u00edlia. <\/p>\n\n\n\n<p class=\"has-text-align-center\">O projeto \u00e9 patrocinado pela Prefeitura Municipal de Florian\u00f3polis, Secretaria de Turismo, Cultura e Esporte e pela Funda\u00e7\u00e3o Cultural de Florian\u00f3polis Franklin Cascaes, por meio da Lei Municipal de Incentivo \u00e0 Cultura. <\/p>\n\n\n\n<p class=\"has-text-align-center\">O Domingo com Teatro tem apoio cultural do Villa Romana Shopping e Cinesystem, com coordena\u00e7\u00e3o geral da Marte Cultural.<\/p>\n\n\n\n<p class=\"has-text-align-center\"><strong>Agende-se<\/strong><\/p>\n\n\n\n<p class=\"has-text-align-center\">Domingo Com Teatro: Felipe Ferro \u2013 &#8220;Hist\u00f3rias Folcl\u00f3ricas e M\u00fasicas Populares&#8221;<\/p>\n\n\n\n<p class=\"has-text-align-center\">Quando: 01\/09\/2024, \u00e0s 11h30<\/p>\n\n\n\n<p class=\"has-text-align-center\">Onde: Cinesystem, 2\u00ba andar \u2013 Villa Romana Shopping (Av. Madre Benvenuta, 687, Santa M\u00f4nica, Florian\u00f3polis)<\/p>\n\n\n\n<p class=\"has-text-align-center\">Gratuito<\/p>\n\n\n\n<p class=\"has-text-align-center\">Classifica\u00e7\u00e3o: Livre<br>&#8212;&nbsp;<br>Atenciosamente,<\/p>\n\n\n\n<p class=\"has-text-align-center\"><strong>Escarlet Brizola&nbsp;<\/strong>(51) 989566839<a href=\"http:\/\/www.allpresscom.com.br\/\" target=\"_blank\" rel=\"noreferrer noopener\">Site&nbsp;<\/a>|&nbsp;<a href=\"http:\/\/www.facebook.com\/allpresscom\" target=\"_blank\" rel=\"noreferrer noopener\">Facebook&nbsp;<\/a>|&nbsp;<a href=\"http:\/\/www.instagram.com\/allpresscom\" target=\"_blank\" rel=\"noreferrer noopener\">Instagram&nbsp;<\/a>|&nbsp;<a href=\"https:\/\/www.linkedin.com\/company\/allpresscom\/\" target=\"_blank\" rel=\"noreferrer noopener\">LinkedIn<\/a><\/p>\n","protected":false},"excerpt":{"rendered":"<p>Projeto promove o teatro infantil, com entrada gratuita e acessibilidade Para abrir a programa\u00e7\u00e3o de&#8230;<\/p>\n","protected":false},"author":3,"featured_media":15558,"comment_status":"closed","ping_status":"open","sticky":false,"template":"","format":"standard","meta":{"om_disable_all_campaigns":false,"_monsterinsights_skip_tracking":false,"_monsterinsights_sitenote_active":false,"_monsterinsights_sitenote_note":"","_monsterinsights_sitenote_category":0,"spay_email":""},"categories":[1],"tags":[],"jetpack_featured_media_url":"https:\/\/vimagazine.com.br\/wp-content\/uploads\/2024\/08\/WhatsApp-Image-2024-08-30-at-12.52.14.jpeg","_links":{"self":[{"href":"https:\/\/vimagazine.com.br\/index.php?rest_route=\/wp\/v2\/posts\/15557"}],"collection":[{"href":"https:\/\/vimagazine.com.br\/index.php?rest_route=\/wp\/v2\/posts"}],"about":[{"href":"https:\/\/vimagazine.com.br\/index.php?rest_route=\/wp\/v2\/types\/post"}],"author":[{"embeddable":true,"href":"https:\/\/vimagazine.com.br\/index.php?rest_route=\/wp\/v2\/users\/3"}],"replies":[{"embeddable":true,"href":"https:\/\/vimagazine.com.br\/index.php?rest_route=%2Fwp%2Fv2%2Fcomments&post=15557"}],"version-history":[{"count":1,"href":"https:\/\/vimagazine.com.br\/index.php?rest_route=\/wp\/v2\/posts\/15557\/revisions"}],"predecessor-version":[{"id":15559,"href":"https:\/\/vimagazine.com.br\/index.php?rest_route=\/wp\/v2\/posts\/15557\/revisions\/15559"}],"wp:featuredmedia":[{"embeddable":true,"href":"https:\/\/vimagazine.com.br\/index.php?rest_route=\/wp\/v2\/media\/15558"}],"wp:attachment":[{"href":"https:\/\/vimagazine.com.br\/index.php?rest_route=%2Fwp%2Fv2%2Fmedia&parent=15557"}],"wp:term":[{"taxonomy":"category","embeddable":true,"href":"https:\/\/vimagazine.com.br\/index.php?rest_route=%2Fwp%2Fv2%2Fcategories&post=15557"},{"taxonomy":"post_tag","embeddable":true,"href":"https:\/\/vimagazine.com.br\/index.php?rest_route=%2Fwp%2Fv2%2Ftags&post=15557"}],"curies":[{"name":"wp","href":"https:\/\/api.w.org\/{rel}","templated":true}]}}