{"id":15585,"date":"2024-09-01T16:44:05","date_gmt":"2024-09-01T19:44:05","guid":{"rendered":"https:\/\/vimagazine.com.br\/?p=15585"},"modified":"2024-09-01T16:44:06","modified_gmt":"2024-09-01T19:44:06","slug":"prevencao-ao-suicidio","status":"publish","type":"post","link":"https:\/\/vimagazine.com.br\/?p=15585","title":{"rendered":"<strong>Preven\u00e7\u00e3o ao Suic\u00eddio<\/strong>"},"content":{"rendered":"\n<p><strong>Busquemos mais a Eros e menos a Thanatos em nossa vida.<\/strong><\/p>\n\n\n\n<p>Outro setembro que se inicia e como ele uma nova Campanha ao combate a um mal que se espalha de forma silenciosa e voraz. O suic\u00eddio \u00e9 um comportamento complexo, n\u00e3o respeita classe social, ra\u00e7a, credo, cor, sexo, idade etc., invade e toma a todos de forma intensa e destruidora.<\/p>\n\n\n\n<p>Segundo a<a href=\"https:\/\/www.who.int\/pt\/news-room\" title=\" Organiza\u00e7\u00e3o Mundial da Sa\u00fade (OMS)\"> Organiza\u00e7\u00e3o Mundial da Sa\u00fade (OMS)<\/a>, todos os anos morrem mais pessoas por suic\u00eddio que por HIV, mal\u00e1ria, c\u00e2ncer de mama, guerras ou homic\u00eddios.<br>\u00a0No Brasil, o Minist\u00e9rio da Sa\u00fade divulgou em setembro de 2022 n\u00fameros alarmantes. Entre 2016 e 2021 houve um aumento de cerca de 50% na taxa de mortalidade de adolescentes (15 a 19 anos) e cerca de 45% entre os adolescentes de 10 a 14 anos.<br>\u00a0Houve um decl\u00ednio nos n\u00fameros de suic\u00eddios na Europa, por\u00e9m aumento na \u00c1sia, Am\u00e9rica Central e Am\u00e9rica do Sul.<\/p>\n\n\n\n<p>Apenas 38 pa\u00edses dos 193 no mundo tem estrat\u00e9gias nacionais de preven\u00e7\u00e3o ao suic\u00eddio.<\/p>\n\n\n\n<p>Na Psican\u00e1lise, o foco s\u00e3o os conflitos internos e a mente inconsciente que s\u00e3o determinantes no comportamento humano. Sob essa vis\u00e3o, podemos tecer que o suic\u00eddio \u00e9 uma resultante de conflitos internos profundos, muitas vezes relacionadas a puls\u00f5es de vida (Eros) e de morte (Thanatos).<\/p>\n\n\n\n<p>A preven\u00e7\u00e3o ao suic\u00eddio, portanto, envolve a busca pela compreens\u00e3o e o tratamento desses conflitos internos utilizando ferramentas como a an\u00e1lise de sonhos, associa\u00e7\u00e3o livre, interpreta\u00e7\u00e3o da transfer\u00eancia e contratransfer\u00eancia e a hipnose.<\/p>\n\n\n\n<p>A ajuda de um terapeuta capacitado \u00e9 essencial para o estabelecimento de uma descoberta segura e produtiva para essa pessoa possuidora de conflitos. O terapeuta, inicialmente, deve estabelecer uma rela\u00e7\u00e3o de confian\u00e7a e segura, onde o paciente se sinta \u00e0 vontade para explorar seus pensamentos e sentimentos mais profundos.<\/p>\n\n\n\n<p>\u00c9 essencial na busca pela preven\u00e7\u00e3o que o paciente se sinta \u00e0 vontade e fa\u00e7a escolhas conscientes e saud\u00e1veis e isso \u00e9 conseguido atrav\u00e9s do fortalecimento do Ego. Quando o paciente aprende a lidar melhor com as puls\u00f5es vida e morte (Eros e Thanatos) mais consciente e integrada, isso faz que se reduza atos destrutivos, como o suic\u00eddio.<\/p>\n\n\n\n<p>Outra quest\u00e3o importante \u00e9 explorar a motiva\u00e7\u00e3o subjacente ao suic\u00eddio. Onde come\u00e7am a surgir pensamentos de morte como tentativa de resolver os conflitos internos ou de escapar das dificuldades psicol\u00f3gicas que envolvem a situa\u00e7\u00e3o. Quando esses pensamentos s\u00e3o analisados, o entendimento do conflito ajuda na descoberta e na solu\u00e7\u00e3o das ra\u00edzes do problema, o que leva a reduzir os atos suicidas.<\/p>\n\n\n\n<p>Outra vari\u00e1vel importante nessa complexa equa\u00e7\u00e3o de preven\u00e7\u00e3o \u00e9 a observ\u00e2ncia e aten\u00e7\u00e3o dos familiares, amigos e das pessoas pr\u00f3ximas. Quando percebemos mudan\u00e7as no comportamento desse indiv\u00edduo como: isolamento social, mudan\u00e7as bruscas de h\u00e1bitos, humor vari\u00e1vel e inconstante, comportamentos destrutivos, falta de zelo pr\u00f3prio, deve-se buscar ajuda profissional e dar apoio \u00e0 pessoa.<\/p>\n\n\n\n<p>Esse apoio pode vir em forma de palavras amigas e nunca julgamentos, pois a pessoa que passa por essa situa\u00e7\u00e3o j\u00e1 est\u00e1 em constante e severa avalia\u00e7\u00e3o por ela mesma.<\/p>\n\n\n\n<p>A busca pela ajuda<a href=\"http:\/\/www.marciorenzo.com.br\" title=\" terap\u00eautica e profissional\"> terap\u00eautica e profissional<\/a> \u00e9 muito importante e ao se deparar com pessoas nessa situa\u00e7\u00e3o, tente orientar e, acima de tudo, respeitar o espa\u00e7o e a vontade do indiv\u00edduo.<\/p>\n\n\n\n<p>Respeito e afeto s\u00e3o os principais componentes dessa ajuda.<\/p>\n","protected":false},"excerpt":{"rendered":"<p>Busquemos mais a Eros e menos a Thanatos em nossa vida. Outro setembro que se&#8230;<\/p>\n","protected":false},"author":4,"featured_media":15586,"comment_status":"open","ping_status":"open","sticky":false,"template":"","format":"standard","meta":{"om_disable_all_campaigns":false,"_monsterinsights_skip_tracking":false,"_monsterinsights_sitenote_active":false,"_monsterinsights_sitenote_note":"","_monsterinsights_sitenote_category":0,"spay_email":""},"categories":[126],"tags":[549,767,768,364,407,406],"jetpack_featured_media_url":"https:\/\/vimagazine.com.br\/wp-content\/uploads\/2024\/09\/setembro-amarelo.png","_links":{"self":[{"href":"https:\/\/vimagazine.com.br\/index.php?rest_route=\/wp\/v2\/posts\/15585"}],"collection":[{"href":"https:\/\/vimagazine.com.br\/index.php?rest_route=\/wp\/v2\/posts"}],"about":[{"href":"https:\/\/vimagazine.com.br\/index.php?rest_route=\/wp\/v2\/types\/post"}],"author":[{"embeddable":true,"href":"https:\/\/vimagazine.com.br\/index.php?rest_route=\/wp\/v2\/users\/4"}],"replies":[{"embeddable":true,"href":"https:\/\/vimagazine.com.br\/index.php?rest_route=%2Fwp%2Fv2%2Fcomments&post=15585"}],"version-history":[{"count":2,"href":"https:\/\/vimagazine.com.br\/index.php?rest_route=\/wp\/v2\/posts\/15585\/revisions"}],"predecessor-version":[{"id":15588,"href":"https:\/\/vimagazine.com.br\/index.php?rest_route=\/wp\/v2\/posts\/15585\/revisions\/15588"}],"wp:featuredmedia":[{"embeddable":true,"href":"https:\/\/vimagazine.com.br\/index.php?rest_route=\/wp\/v2\/media\/15586"}],"wp:attachment":[{"href":"https:\/\/vimagazine.com.br\/index.php?rest_route=%2Fwp%2Fv2%2Fmedia&parent=15585"}],"wp:term":[{"taxonomy":"category","embeddable":true,"href":"https:\/\/vimagazine.com.br\/index.php?rest_route=%2Fwp%2Fv2%2Fcategories&post=15585"},{"taxonomy":"post_tag","embeddable":true,"href":"https:\/\/vimagazine.com.br\/index.php?rest_route=%2Fwp%2Fv2%2Ftags&post=15585"}],"curies":[{"name":"wp","href":"https:\/\/api.w.org\/{rel}","templated":true}]}}