{"id":15593,"date":"2024-09-02T17:18:42","date_gmt":"2024-09-02T20:18:42","guid":{"rendered":"https:\/\/vimagazine.com.br\/?p=15593"},"modified":"2024-09-04T12:54:00","modified_gmt":"2024-09-04T15:54:00","slug":"carina-alves-lanca-o-aclamado-livro-de-poesias-brinco-de-ser-uma-no-brasil-com-grande-evento-em-brasilia","status":"publish","type":"post","link":"https:\/\/vimagazine.com.br\/?p=15593","title":{"rendered":"<strong>Carina Alves lan\u00e7a o aclamado livro de poesias \u2018brinco de ser UMA\u2019 no Brasil com grande evento em Bras\u00edlia<\/strong>"},"content":{"rendered":"\n<p>Prepare-se para se encantar com a profundidade e a beleza das palavras de Carina Alves, em um evento que celebra a diversidade e a poesia como ferramentas de transforma\u00e7\u00e3o social.<\/p>\n\n\n\n<p>Carina Alves, escritora premiada pela UNESCO, prepara-se para o grande lan\u00e7amento nacional de seu mais novo livro de poesias, \u2018brinco de ser UMA\u2019, em Bras\u00edlia, o evento promete ser um marco na carreira da autora, que j\u00e1 conquistou cora\u00e7\u00f5es em Portugal e agora traz sua obra para as m\u00e3os dos leitores brasileiros. A turn\u00ea nacional come\u00e7ar\u00e1 pela Capital Federal, no dia 5 de setembro, na Oca do Lago, um restaurante aconchegante e acolhedor, e ser\u00e1 cercado pelo p\u00f4r do Sol, poesia e m\u00fasica. E contar\u00e1 com a participa\u00e7\u00e3o da poeta Marina Mara&nbsp; e da cantora e DJ Lica Titto no palco.<\/p>\n\n\n\n<p>Em 2022, Carina Alves foi reconhecida em Abdjan, na Costa do Marfim, como uma das grandes promotoras da alfabetiza\u00e7\u00e3o mundial, ao receber um importante pr\u00eamio da UNESCO Paris. A doutora em Educa\u00e7\u00e3o e fundadora do Instituto Incluir, OSC dedicada \u00e0 inclus\u00e3o e acessibilidade no Brasil e em outros pa\u00edses, agora d\u00e1 um novo passo em sua trajet\u00f3ria com a publica\u00e7\u00e3o de sua primeira obra po\u00e9tica, que j\u00e1 foi aclamada em Portugal.<\/p>\n\n\n\n<p>&#8220;brinco de ser UMA\u201d chegou ao Brasil, a turn\u00ea vai iniciar por Bras\u00edlia em setembro e depois ir\u00e1 percorrer outros estados brasileiros (Rio, S\u00e3o Paulo, Fortaleza, Minas Gerais, Para\u00edba, entre outros). \u00c9 poesia para degustar e o livro busca exatamente a harmonia em nossa diversidade interna. Aceitar a pluralidade \u00e9, ao meu ver, o caminho para uma vida aut\u00eantica e plena,&#8221; compartilha a autora, mostrando a profundidade e o prop\u00f3sito por tr\u00e1s de sua obra.<\/p>\n\n\n\n<p>Carina Alves \u00e9 conhecida por seu trabalho em literatura infantojuvenil acess\u00edvel, com uma s\u00e9rie premiada de 10 livros que atendem a um p\u00fablico diversificado, incluindo pessoas com defici\u00eancia. No entanto, em \u2018brinco de ser UMA\u2019, ela se aventura em um novo g\u00eanero, explorando a poesia como um meio de expressar a pluralidade da exist\u00eancia humana.<\/p>\n\n\n\n<p>&#8220;Dividi o livro em trechos deste caminho, umbilicalmente ligados uns aos outros: o Amor, que representa a pr\u00f3pria jornada da vida, cheio de altos e baixos, e que leva \u00e0 Arte, ode \u00e0 beleza que nos cerca; a esperan\u00e7a \u00e9 o ref\u00fagio onde futuro rima com otimismo; e os devaneios, del\u00edrios que nos fazem viajar sem rumo,&#8221; explica a Carina.<\/p>\n\n\n\n<p>Os leitores brasileiros j\u00e1 podem garantir seu exemplar, pois a pr\u00e9-venda de \u2018brinco de ser UMA\u2019 j\u00e1 est\u00e1 dispon\u00edvel atrav\u00e9s do link da editora https:\/\/kotter.com.br\/loja\/pre-venda\/brinco-de-ser-uma\/.<\/p>\n\n\n\n<p>A turn\u00ea de lan\u00e7amento se estender\u00e1 por v\u00e1rias capitais brasileiras, como Rio de Janeiro, S\u00e3o Paulo, Fortaleza, Minas Gerais e Para\u00edba, onde Carina participar\u00e1 de eventos especiais de lan\u00e7amento. A expectativa \u00e9 que o livro, j\u00e1 elogiado em terras lusitanas, encontre um p\u00fablico \u00e1vido por novas experi\u00eancias po\u00e9ticas e reflex\u00f5es sobre a condi\u00e7\u00e3o humana.<\/p>\n\n\n\n<p>SERVI\u00c7O<\/p>\n\n\n\n<p>\u25cf Lan\u00e7amento Nacional de \u2018Brinco de ser UMA\u2019<\/p>\n\n\n\n<p>\u25cf Data: 5 de setembro de 2024<\/p>\n\n\n\n<p>\u25cf Hor\u00e1rio: \u00e0s 17h30<\/p>\n\n\n\n<p>\u25cf Local: Restaurante &nbsp;\u2018Oca do Lago\u2019, na Orla da Concha Ac\u00fastica, ASA NORTE &#8211; Bras\u00edlia<\/p>\n\n\n\n<p>\u25cf Ter\u00e1 um espet\u00e1culo de poesia musicada com 3 mulheres no palco: Marina Mara, Carina Alves e a cantora Lica Tito, mantendo a vibe nos grooves.<\/p>\n\n\n\n<figure class=\"wp-block-image size-full is-resized\"><img src=\"https:\/\/vimagazine.com.br\/wp-content\/uploads\/2024\/09\/1.jpg\" alt=\"Carina Alves lan\u00e7a o aclamado livro de poesias \u2018brinco de ser UMA\u2019 no Brasil com grande evento em Bras\u00edlia\" class=\"wp-image-15594\" width=\"400\" height=\"441\" srcset=\"https:\/\/vimagazine.com.br\/wp-content\/uploads\/2024\/09\/1.jpg 800w, https:\/\/vimagazine.com.br\/wp-content\/uploads\/2024\/09\/1-272x300.jpg 272w, https:\/\/vimagazine.com.br\/wp-content\/uploads\/2024\/09\/1-768x846.jpg 768w\" sizes=\"(max-width: 400px) 100vw, 400px\" \/><figcaption>Foto: divulga\u00e7\u00e3o<\/figcaption><\/figure>\n","protected":false},"excerpt":{"rendered":"<p>Prepare-se para se encantar com a profundidade e a beleza das palavras de Carina Alves,&#8230;<\/p>\n","protected":false},"author":2,"featured_media":15600,"comment_status":"closed","ping_status":"open","sticky":false,"template":"","format":"standard","meta":{"om_disable_all_campaigns":false,"_monsterinsights_skip_tracking":false,"_monsterinsights_sitenote_active":false,"_monsterinsights_sitenote_note":"","_monsterinsights_sitenote_category":0,"spay_email":""},"categories":[26,1],"tags":[414,97,909],"jetpack_featured_media_url":"https:\/\/vimagazine.com.br\/wp-content\/uploads\/2024\/09\/Captura-de-tela-2024-09-04-125220.jpg","_links":{"self":[{"href":"https:\/\/vimagazine.com.br\/index.php?rest_route=\/wp\/v2\/posts\/15593"}],"collection":[{"href":"https:\/\/vimagazine.com.br\/index.php?rest_route=\/wp\/v2\/posts"}],"about":[{"href":"https:\/\/vimagazine.com.br\/index.php?rest_route=\/wp\/v2\/types\/post"}],"author":[{"embeddable":true,"href":"https:\/\/vimagazine.com.br\/index.php?rest_route=\/wp\/v2\/users\/2"}],"replies":[{"embeddable":true,"href":"https:\/\/vimagazine.com.br\/index.php?rest_route=%2Fwp%2Fv2%2Fcomments&post=15593"}],"version-history":[{"count":2,"href":"https:\/\/vimagazine.com.br\/index.php?rest_route=\/wp\/v2\/posts\/15593\/revisions"}],"predecessor-version":[{"id":15601,"href":"https:\/\/vimagazine.com.br\/index.php?rest_route=\/wp\/v2\/posts\/15593\/revisions\/15601"}],"wp:featuredmedia":[{"embeddable":true,"href":"https:\/\/vimagazine.com.br\/index.php?rest_route=\/wp\/v2\/media\/15600"}],"wp:attachment":[{"href":"https:\/\/vimagazine.com.br\/index.php?rest_route=%2Fwp%2Fv2%2Fmedia&parent=15593"}],"wp:term":[{"taxonomy":"category","embeddable":true,"href":"https:\/\/vimagazine.com.br\/index.php?rest_route=%2Fwp%2Fv2%2Fcategories&post=15593"},{"taxonomy":"post_tag","embeddable":true,"href":"https:\/\/vimagazine.com.br\/index.php?rest_route=%2Fwp%2Fv2%2Ftags&post=15593"}],"curies":[{"name":"wp","href":"https:\/\/api.w.org\/{rel}","templated":true}]}}