{"id":15669,"date":"2024-09-09T11:11:03","date_gmt":"2024-09-09T14:11:03","guid":{"rendered":"https:\/\/vimagazine.com.br\/?p=15669"},"modified":"2024-09-09T11:11:06","modified_gmt":"2024-09-09T14:11:06","slug":"o-baile-do-swing-sai-dancando-apresenta-seu-novo-espetaculo","status":"publish","type":"post","link":"https:\/\/vimagazine.com.br\/?p=15669","title":{"rendered":"&#8220;O Baile do Swing &#8211; Sai Dan\u00e7ando&#8221; apresenta seu novo espet\u00e1culo"},"content":{"rendered":"\n<p>O Baile do Swing \u00e9 uma iniciativa cultural e social focada na celebra\u00e7\u00e3o da m\u00fasica e dan\u00e7a swing. Seu objetivo \u00e9 promover a integra\u00e7\u00e3o comunit\u00e1ria, incentivar a pr\u00e1tica de atividades f\u00edsicas de forma divertida e valorizar a heran\u00e7a cultural ligada ao swing. O evento contar\u00e1 com a presen\u00e7a de&nbsp;<strong>Augusto Swing e Banda Energia Total<\/strong>, que apresentar\u00e3o um repert\u00f3rio com&nbsp;<strong>samba-rock<\/strong>&nbsp;e &#8220;Brasilidades&#8221;, resgatando grandes cl\u00e1ssicos dan\u00e7antes de artistas como&nbsp;<strong>Jorge Ben, Tim Maia, Bebeto e Trio Mocot\u00f3<\/strong>&nbsp;em novas vers\u00f5es<\/p>\n\n\n\n<p>O&nbsp;<strong>Baile do Swing &#8211; Sai Dan\u00e7ando<\/strong>&nbsp;ser\u00e1 realizado no&nbsp;<strong>Teatro da Rotina<\/strong>, localizado na Rua Sim\u00e3o \u00c1lvares, 697. O evento acontecer\u00e1 no seguinte cronograma:<\/p>\n\n\n\n<p>Dia 25 de outubro 2024<\/p>\n\n\n\n<ul><li><strong>Abertura da casa<\/strong>: 19h<\/li><li><strong>In\u00edcio do show<\/strong>: 21h<\/li><li><strong>T\u00e9rmino<\/strong>: 00h<\/li><\/ul>\n\n\n\n<p>Durante o evento, o p\u00fablico poder\u00e1 desfrutar de cerveja gelada, uma variedade de vinhos e por\u00e7\u00f5es deliciosas.<\/p>\n\n\n\n<p>Para&nbsp;adquirir ingressos, voc\u00ea pode acessar o link:&nbsp;<a rel=\"noreferrer noopener\" target=\"_blank\" href=\"https:\/\/www.sympla.com.br\/baile-do-swing__2628105\">Sympla &#8211; Baile do Swing<\/a>.<\/p>\n\n\n\n<p>Augusto Swing m\u00fasico paulistano, cantor, compositor, multi-instrumentista, ao longo de sua carreira atuou ao lado de grandes m\u00fasicos brasileiros como: Nereu Mocot\u00f3, Marcos Ribas, Luiz Wagner, Clube do Balan\u00e7o, Samba Sonic entre outros.&nbsp;<\/p>\n\n\n\n<p>Traz em sua bagagem a experi\u00eancia Nacional e<\/p>\n\n\n\n<p>Internacional, se apresentando em alguns pa\u00edses da \u00c1sia, Europa e Am\u00e9rica Latina.<\/p>\n\n\n\n<p>&nbsp;produ\u00e7\u00e3o: @ss1producao_trajjano<br><\/p>\n","protected":false},"excerpt":{"rendered":"<p>O Baile do Swing \u00e9 uma iniciativa cultural e social focada na celebra\u00e7\u00e3o da m\u00fasica&#8230;<\/p>\n","protected":false},"author":19,"featured_media":15670,"comment_status":"closed","ping_status":"open","sticky":false,"template":"","format":"standard","meta":{"om_disable_all_campaigns":false,"_monsterinsights_skip_tracking":false,"_monsterinsights_sitenote_active":false,"_monsterinsights_sitenote_note":"","_monsterinsights_sitenote_category":0,"spay_email":""},"categories":[1],"tags":[],"jetpack_featured_media_url":"https:\/\/vimagazine.com.br\/wp-content\/uploads\/2024\/09\/IMG-20200228-WA0101.jpg","_links":{"self":[{"href":"https:\/\/vimagazine.com.br\/index.php?rest_route=\/wp\/v2\/posts\/15669"}],"collection":[{"href":"https:\/\/vimagazine.com.br\/index.php?rest_route=\/wp\/v2\/posts"}],"about":[{"href":"https:\/\/vimagazine.com.br\/index.php?rest_route=\/wp\/v2\/types\/post"}],"author":[{"embeddable":true,"href":"https:\/\/vimagazine.com.br\/index.php?rest_route=\/wp\/v2\/users\/19"}],"replies":[{"embeddable":true,"href":"https:\/\/vimagazine.com.br\/index.php?rest_route=%2Fwp%2Fv2%2Fcomments&post=15669"}],"version-history":[{"count":1,"href":"https:\/\/vimagazine.com.br\/index.php?rest_route=\/wp\/v2\/posts\/15669\/revisions"}],"predecessor-version":[{"id":15671,"href":"https:\/\/vimagazine.com.br\/index.php?rest_route=\/wp\/v2\/posts\/15669\/revisions\/15671"}],"wp:featuredmedia":[{"embeddable":true,"href":"https:\/\/vimagazine.com.br\/index.php?rest_route=\/wp\/v2\/media\/15670"}],"wp:attachment":[{"href":"https:\/\/vimagazine.com.br\/index.php?rest_route=%2Fwp%2Fv2%2Fmedia&parent=15669"}],"wp:term":[{"taxonomy":"category","embeddable":true,"href":"https:\/\/vimagazine.com.br\/index.php?rest_route=%2Fwp%2Fv2%2Fcategories&post=15669"},{"taxonomy":"post_tag","embeddable":true,"href":"https:\/\/vimagazine.com.br\/index.php?rest_route=%2Fwp%2Fv2%2Ftags&post=15669"}],"curies":[{"name":"wp","href":"https:\/\/api.w.org\/{rel}","templated":true}]}}