{"id":1573,"date":"2021-11-25T10:54:53","date_gmt":"2021-11-25T13:54:53","guid":{"rendered":"https:\/\/vimagazine.com.br\/?p=1573"},"modified":"2021-11-25T10:54:54","modified_gmt":"2021-11-25T13:54:54","slug":"um-rasante-na-beleza-carioca-novo-livro-de-carlos-fernando-galvao-sera-lancado-no-palacio-do-catete","status":"publish","type":"post","link":"https:\/\/vimagazine.com.br\/?p=1573","title":{"rendered":"\u201cUm Rasante na Beleza Carioca\u201d, novo livro de Carlos Fernando Galv\u00e3o, ser\u00e1 lan\u00e7ado no Pal\u00e1cio do Catete"},"content":{"rendered":"\n<p><em>A obra faz, de forma l\u00fadica, uma homenagem \u00e0s paisagens do Rio de Janeiro<\/em><br>O<strong>&nbsp;escritor carioca Carlos Fernando Galv\u00e3o<\/strong>&nbsp;lan\u00e7a mais um livro,&nbsp;<strong>\u201cUm Rasante na Beleza Carioca\u201d<\/strong>, pela&nbsp;Editora Passarinho (SP), no dia 28 de novembro (domingo), a partir das 11h, na varanda do Pal\u00e1cio do Catete, RJ, voltado para crian\u00e7as e pr\u00e9-adolescentes, mas, pela forma como o autor passeia pelos mais belos lugares do Rio de Janeiro, vai agradar a todos, j\u00e1 que mostra uma cidade que nunca deixou de ser maravilhosa. A obra homenageia sua cidade natal e suas belezas naturais.<\/p>\n\n\n\n<p>O livro conta a hist\u00f3ria de um menino que encontra um passarinho no ch\u00e3o e o leva para a sala de aula.&nbsp; A turma faz uma pequena excurs\u00e3o pela cidade quando o garoto come\u00e7a a contar a hist\u00f3ria dos pais do passarinho, que acaba por servir de roteiro para a viagem. Na hist\u00f3ria, duas gar\u00e7as brancas, moradores do Pantanal Matogrossense, v\u00eam se encontrar com seu amigo Mergulh\u00e3o, tipicamente um p\u00e1ssaro carioca, e este os guia por um sobrevoo pelo Rio de Janeiro. \u00c9 justamente durante este passeio, e ao longo da conversa deles, que conte\u00fados e conceitos de Geografia v\u00e3o sendo discutidos com o leitor.<\/p>\n\n\n\n<p>O Rio de Janeiro \u00e9, de algum modo, um personagem do livro, pois suas paisagens est\u00e3o presentes em todos os momentos. Al\u00e9m de cidade Patrim\u00f4nio da Humanidade e detentora de outros t\u00edtulos que lhe fazem ju\u00edzo, Carlos Fernando quis &nbsp;prestigiar a Cidade (ainda) Maravilhosa, palco de tantos momentos, lembran\u00e7as, eventos nacionais e internacionais.<\/p>\n\n\n\n<p><strong>site:&nbsp;<a href=\"http:\/\/www.editorapassarinho.com.br\/\" target=\"_blank\" rel=\"noreferrer noopener\">www.editorapassarinho.com.br<\/a><\/strong><br>Lan\u00e7amento: 28 de novembro de 2021, das 11h \u00e0s 13h<\/p>\n\n\n\n<figure class=\"wp-block-image\"><img src=\"https:\/\/ssl.gstatic.com\/ui\/v1\/icons\/mail\/images\/cleardot.gif\" alt=\"\" \/><\/figure>\n\n\n\n<p>Local: Pal\u00e1cio do Catete &#8211; Rua do Catete, 153, RJ &#8211; na varanda<br>Na ocasi\u00e3o, os leitores poder\u00e3o tamb\u00e9m adquirir o livro anterior,&nbsp;<strong>&#8220;Revolu\u00e7\u00e3o em Lagoa Linda&#8221;.&nbsp;<\/strong><\/p>\n\n\n\n<p><strong>Sobre o escritor:<\/strong><\/p>\n\n\n\n<p>Carlos Fernando Galv\u00e3o \u00e9 carioca, Bacharel e Licenciado em Geografia (UFF), Especialista em Gest\u00e3o Escolar (UFJF), Mestre em Ci\u00eancia da Informa\u00e7\u00e3o (UFRJ\/CNPQ), Doutor em Ci\u00eancias Sociais (UERJ) e P\u00f3s Doutor em Geografia Humana (UFF). Autor de mais de 120 artigos, entre jornal\u00edsticos e cient\u00edficos, escreveu para O Globo, Jornal do Brasil, Folha de S\u00e3o Paulo e Le Monde Diplomatique Brasil e Central de Jornalismo (onde \u00e9 colaborador atualmente). Tamb\u00e9m \u00e9 autor de outros 9 livros, com textos acad\u00eamicos e liter\u00e1rios.<\/p>\n\n\n\n<p><strong>Sobre o ilustrador:<\/strong><\/p>\n\n\n\n<p>Mauricio Planel \u00e9 ilustrador, mora no Rio de Janeiro desde crian\u00e7a, sempre com tesouras e pap\u00e9is nas m\u00e3os, recortando e criando. Escolheu cada peda\u00e7o de imagem com todo o cuidado, para fazer as colagens. Lendo o texto lembrou que j\u00e1 havia passado por alguns lugares onde Marcos e sua turma viveram essa grande aventura.<\/p>\n\n\n\n<p><strong>Sobre a designer:<\/strong><\/p>\n\n\n\n<p>Adriana Campor \u00e9 Arquiteta, formada pela FAU-USP, integrou a diretoria da ADG \u2013 Associa\u00e7\u00e3o dos Designers Gr\u00e1ficos, \u00e9 professora de design influences na Miami AD School\/ESPM [desde 2004]. Atua desde 1994 com design gr\u00e1fico, atendendo grandes e pequenas empresas nas \u00e1reas de identidade, branding, editorial, cultural e novas m\u00eddias. Em 2020 foi jurada do Pr\u00eamio Jabuti.<br>T\u00edtulo: Um Rasante na Beleza CariocaAutor: Carlos Fernando Galv\u00e3oEditora: Passarinho (SP)Edi\u00e7\u00e3o: 1\u00aa<br>O uso de m\u00e1scaras e o comprovante de vacina\u00e7\u00e3o s\u00e3o necess\u00e1rios, bem como o respeito ao distanciamento. Mas poderemos nos encontrar e conversar depois de quase 2 anos. Contamos com a presen\u00e7a de todos.<br>Assessoria de Imprensa:<br>Paula Ramagem \/Arte Cult\u00a0@artecult<\/p>\n","protected":false},"excerpt":{"rendered":"<p>A obra faz, de forma l\u00fadica, uma homenagem \u00e0s paisagens do Rio de JaneiroO&nbsp;escritor carioca&#8230;<\/p>\n","protected":false},"author":3,"featured_media":1575,"comment_status":"closed","ping_status":"open","sticky":false,"template":"","format":"standard","meta":{"om_disable_all_campaigns":false,"_monsterinsights_skip_tracking":false,"_monsterinsights_sitenote_active":false,"_monsterinsights_sitenote_note":"","_monsterinsights_sitenote_category":0,"spay_email":""},"categories":[1],"tags":[94,95,97,96],"jetpack_featured_media_url":"https:\/\/vimagazine.com.br\/wp-content\/uploads\/2021\/11\/IMG-20210913-WA0019-e1637848377967.jpg","_links":{"self":[{"href":"https:\/\/vimagazine.com.br\/index.php?rest_route=\/wp\/v2\/posts\/1573"}],"collection":[{"href":"https:\/\/vimagazine.com.br\/index.php?rest_route=\/wp\/v2\/posts"}],"about":[{"href":"https:\/\/vimagazine.com.br\/index.php?rest_route=\/wp\/v2\/types\/post"}],"author":[{"embeddable":true,"href":"https:\/\/vimagazine.com.br\/index.php?rest_route=\/wp\/v2\/users\/3"}],"replies":[{"embeddable":true,"href":"https:\/\/vimagazine.com.br\/index.php?rest_route=%2Fwp%2Fv2%2Fcomments&post=1573"}],"version-history":[{"count":2,"href":"https:\/\/vimagazine.com.br\/index.php?rest_route=\/wp\/v2\/posts\/1573\/revisions"}],"predecessor-version":[{"id":1576,"href":"https:\/\/vimagazine.com.br\/index.php?rest_route=\/wp\/v2\/posts\/1573\/revisions\/1576"}],"wp:featuredmedia":[{"embeddable":true,"href":"https:\/\/vimagazine.com.br\/index.php?rest_route=\/wp\/v2\/media\/1575"}],"wp:attachment":[{"href":"https:\/\/vimagazine.com.br\/index.php?rest_route=%2Fwp%2Fv2%2Fmedia&parent=1573"}],"wp:term":[{"taxonomy":"category","embeddable":true,"href":"https:\/\/vimagazine.com.br\/index.php?rest_route=%2Fwp%2Fv2%2Fcategories&post=1573"},{"taxonomy":"post_tag","embeddable":true,"href":"https:\/\/vimagazine.com.br\/index.php?rest_route=%2Fwp%2Fv2%2Ftags&post=1573"}],"curies":[{"name":"wp","href":"https:\/\/api.w.org\/{rel}","templated":true}]}}