{"id":15737,"date":"2024-09-16T12:27:50","date_gmt":"2024-09-16T15:27:50","guid":{"rendered":"https:\/\/vimagazine.com.br\/?p=15737"},"modified":"2024-09-16T12:27:52","modified_gmt":"2024-09-16T15:27:52","slug":"fabio-gontijo-tira-mini-ferias-na-grecia","status":"publish","type":"post","link":"https:\/\/vimagazine.com.br\/?p=15737","title":{"rendered":"F\u00e1bio Gontijo tira Mini F\u00e9rias na Gr\u00e9cia"},"content":{"rendered":"\n<p><\/p>\n\n\n\n<p style=\"font-size:18px\">Entre tantos compromissos , o m\u00e9dico e influencer Dr. F\u00e1bio Gontijo aproveitou uma semana de f\u00e9rias para curtir a Gr\u00e9cia.<\/p>\n\n\n\n<p style=\"font-size:18px\">Ap\u00f3s passar pelo reality \u201cA grande conquista da Record,&#8221; F\u00e1bio resolveu curtir o ver\u00e3o europeu, onde visitou diversos pontos tur\u00edsticos em Atenas, Mykonos e Santorini .<br>Para a estadia escolheu um hotel famoso entre as celebridades brasileiras.<\/p>\n\n\n\n<p style=\"font-size:18px\">\u201cNada melhor do que se desconectar da rotina\u201d &#8211; ressalta F\u00e1bio.<\/p>\n\n\n\n<p style=\"font-size:18px\">De volta ao Brasil, F\u00e1bio tem cumprido sua agenda de compromissos na cl\u00ednica. Presen\u00e7a vip em eventos, participou da a\u00e7\u00e3o social na Casa Ronald Mc Donalds, dentre outros projetos.<\/p>\n\n\n\n<p><\/p>\n\n\n\n<figure class=\"wp-block-image size-large is-resized\"><img src=\"https:\/\/vimagazine.com.br\/wp-content\/uploads\/2024\/09\/WhatsApp-Image-2024-09-13-at-20.40.47-845x1024.jpeg\" alt=\"\" class=\"wp-image-15738\" width=\"634\" height=\"768\" srcset=\"https:\/\/vimagazine.com.br\/wp-content\/uploads\/2024\/09\/WhatsApp-Image-2024-09-13-at-20.40.47-845x1024.jpeg 845w, https:\/\/vimagazine.com.br\/wp-content\/uploads\/2024\/09\/WhatsApp-Image-2024-09-13-at-20.40.47-248x300.jpeg 248w, https:\/\/vimagazine.com.br\/wp-content\/uploads\/2024\/09\/WhatsApp-Image-2024-09-13-at-20.40.47-768x931.jpeg 768w, https:\/\/vimagazine.com.br\/wp-content\/uploads\/2024\/09\/WhatsApp-Image-2024-09-13-at-20.40.47-1024x1241.jpeg 1024w, https:\/\/vimagazine.com.br\/wp-content\/uploads\/2024\/09\/WhatsApp-Image-2024-09-13-at-20.40.47.jpeg 1200w\" sizes=\"(max-width: 634px) 100vw, 634px\" \/><\/figure>\n\n\n\n<p><\/p>\n\n\n\n<p style=\"font-size:18px\"><strong>Sobre F\u00e1bio Gontijo<\/strong><\/p>\n\n\n\n<p style=\"font-size:18px\"><br>\u00c9 apresentador, especialista em sa\u00fade e bem estar, uma das grandes refer\u00eancias como m\u00e9dico dermatologista, reconhecido em ressaltar a beleza natural com sa\u00fade e longevidade. Atua com atendimento personalizado e diferenciado na medicina e todos os projetos que assina trazendo a exclusividade, excel\u00eancia e inclus\u00e3o social \u00e0 frente de sua marca. <br>Doutor com especializa\u00e7\u00e3o em doen\u00e7as raras de pele, tem como prop\u00f3sito levar a informa\u00e7\u00e3o segura e de valor social, al\u00e9m de seus consult\u00f3rios ao m\u00e1ximo de pessoas. <\/p>\n\n\n\n<p style=\"font-size:18px\">Como empres\u00e1rio e creator produz conte\u00fados di\u00e1rios em suas redes, informando ao seu publico, como ter qualidade de vida e melhor conhecimento sobre sa\u00fade, procedimentos est\u00e9ticos, dermatologia.<\/p>\n\n\n\n<p style=\"font-size:18px\">Apresentou a s\u00e9rie \u2018A Melhor Vers\u00e3o\u2019 na Band TV (2020-2021),<br>Com destaque nos principais canais de comunica\u00e7\u00e3o do Brasil, foi capa do caderno Sa\u00fade e Est\u00e9tica da Revista Caras e da Revista Forbes International.<\/p>\n\n\n\n<p style=\"font-size:18px\">Em 2023 venceu juntamente com sua ex-esposa Jenny Miranda do reality Casais em Apuros da TV Record. Tamb\u00e9m esteve no reality show A Grande Conquista 2 no ar pela Record.<\/p>\n\n\n\n<p style=\"font-size:18px\">\u00c9 formado em Medicina pela UFMG, especialista em Dermatologia pelo Hospital Albert Einstein e fellow na University of Southern California. \u00c9 mestre pela Santa Casa de Belo Horizonte e possui outras 4 p\u00f3s-gradua\u00e7\u00f5es na \u00e1rea m\u00e9dica e de business.<\/p>\n\n\n\n<p style=\"font-size:18px\">Atua tamb\u00e9m junto a organiza\u00e7\u00f5es n\u00e3o-governamentais e luta pelas causas dos pacientes com doen\u00e7as de pele raras.<\/p>\n\n\n\n<p><\/p>\n\n\n\n<figure class=\"wp-block-image size-large is-resized\"><img src=\"https:\/\/vimagazine.com.br\/wp-content\/uploads\/2024\/09\/WhatsApp-Image-2024-09-13-at-12.05.55-682x1024.jpeg\" alt=\"\" class=\"wp-image-15739\" width=\"512\" height=\"768\" srcset=\"https:\/\/vimagazine.com.br\/wp-content\/uploads\/2024\/09\/WhatsApp-Image-2024-09-13-at-12.05.55-682x1024.jpeg 682w, https:\/\/vimagazine.com.br\/wp-content\/uploads\/2024\/09\/WhatsApp-Image-2024-09-13-at-12.05.55-200x300.jpeg 200w, https:\/\/vimagazine.com.br\/wp-content\/uploads\/2024\/09\/WhatsApp-Image-2024-09-13-at-12.05.55-768x1154.jpeg 768w, https:\/\/vimagazine.com.br\/wp-content\/uploads\/2024\/09\/WhatsApp-Image-2024-09-13-at-12.05.55.jpeg 852w\" sizes=\"(max-width: 512px) 100vw, 512px\" \/><\/figure>\n","protected":false},"excerpt":{"rendered":"<p>Entre tantos compromissos , o m\u00e9dico e influencer Dr. F\u00e1bio Gontijo aproveitou uma semana de&#8230;<\/p>\n","protected":false},"author":1,"featured_media":15740,"comment_status":"closed","ping_status":"open","sticky":false,"template":"","format":"standard","meta":{"om_disable_all_campaigns":false,"_monsterinsights_skip_tracking":false,"_monsterinsights_sitenote_active":false,"_monsterinsights_sitenote_note":"","_monsterinsights_sitenote_category":0,"spay_email":""},"categories":[27,1],"tags":[],"jetpack_featured_media_url":"https:\/\/vimagazine.com.br\/wp-content\/uploads\/2024\/09\/WhatsApp-Image-2024-09-13-at-12.04.30.jpeg","_links":{"self":[{"href":"https:\/\/vimagazine.com.br\/index.php?rest_route=\/wp\/v2\/posts\/15737"}],"collection":[{"href":"https:\/\/vimagazine.com.br\/index.php?rest_route=\/wp\/v2\/posts"}],"about":[{"href":"https:\/\/vimagazine.com.br\/index.php?rest_route=\/wp\/v2\/types\/post"}],"author":[{"embeddable":true,"href":"https:\/\/vimagazine.com.br\/index.php?rest_route=\/wp\/v2\/users\/1"}],"replies":[{"embeddable":true,"href":"https:\/\/vimagazine.com.br\/index.php?rest_route=%2Fwp%2Fv2%2Fcomments&post=15737"}],"version-history":[{"count":1,"href":"https:\/\/vimagazine.com.br\/index.php?rest_route=\/wp\/v2\/posts\/15737\/revisions"}],"predecessor-version":[{"id":15741,"href":"https:\/\/vimagazine.com.br\/index.php?rest_route=\/wp\/v2\/posts\/15737\/revisions\/15741"}],"wp:featuredmedia":[{"embeddable":true,"href":"https:\/\/vimagazine.com.br\/index.php?rest_route=\/wp\/v2\/media\/15740"}],"wp:attachment":[{"href":"https:\/\/vimagazine.com.br\/index.php?rest_route=%2Fwp%2Fv2%2Fmedia&parent=15737"}],"wp:term":[{"taxonomy":"category","embeddable":true,"href":"https:\/\/vimagazine.com.br\/index.php?rest_route=%2Fwp%2Fv2%2Fcategories&post=15737"},{"taxonomy":"post_tag","embeddable":true,"href":"https:\/\/vimagazine.com.br\/index.php?rest_route=%2Fwp%2Fv2%2Ftags&post=15737"}],"curies":[{"name":"wp","href":"https:\/\/api.w.org\/{rel}","templated":true}]}}