{"id":15742,"date":"2024-09-16T13:17:47","date_gmt":"2024-09-16T16:17:47","guid":{"rendered":"https:\/\/vimagazine.com.br\/?p=15742"},"modified":"2024-09-16T21:49:53","modified_gmt":"2024-09-17T00:49:53","slug":"analice-nicolau-fala-sobre-sua-estreia-como-colunista-digital-da-gowhere","status":"publish","type":"post","link":"https:\/\/vimagazine.com.br\/?p=15742","title":{"rendered":"<strong>Analice Nicolau fala sobre sua estreia como colunista digital da GoWhere<\/strong>"},"content":{"rendered":"\n<p class=\"has-text-align-center\"><em>A jornalista, comunicadora, palestrante e mentora de comunica\u00e7\u00e3o Analice Nicolau acaba de assumir a coluna &#8220;Comunica\u00e7\u00e3o Estrat\u00e9gica por Analice Nicolau&#8221; na Revista GoWhere.<\/em><\/p>\n\n\n\n<p>Com uma carreira de 18 anos como \u00e2ncora dos principais telejornais do SBT e atualmente CEO da AN CONNECT \u2014 sua empresa de consultoria de comunica\u00e7\u00e3o h\u00e1 4 anos \u2014 Analice traz sua vasta experi\u00eancia para esse novo desafio editorial. Ela, que j\u00e1 ministra mentorias para empres\u00e1rios e profissionais de diversos setores, se diz extremamente satisfeita com os resultados vis\u00edveis alcan\u00e7ados por seus mentorados e clientes, tanto em suas rela\u00e7\u00f5es profissionais quanto sociais. Esses resultados comprovam a efic\u00e1cia de uma comunica\u00e7\u00e3o estrat\u00e9gica positiva e bem direcionada.<\/p>\n\n\n\n<figure class=\"wp-block-image size-large is-resized\"><img src=\"https:\/\/vimagazine.com.br\/wp-content\/uploads\/2024\/09\/2-1-748x1024.jpg\" alt=\"\" class=\"wp-image-15744\" width=\"779\" height=\"1066\" srcset=\"https:\/\/vimagazine.com.br\/wp-content\/uploads\/2024\/09\/2-1-748x1024.jpg 748w, https:\/\/vimagazine.com.br\/wp-content\/uploads\/2024\/09\/2-1-219x300.jpg 219w, https:\/\/vimagazine.com.br\/wp-content\/uploads\/2024\/09\/2-1-768x1051.jpg 768w, https:\/\/vimagazine.com.br\/wp-content\/uploads\/2024\/09\/2-1.jpg 800w\" sizes=\"(max-width: 779px) 100vw, 779px\" \/><\/figure>\n\n\n\n<p>Segundo Analice, a coluna ser\u00e1 uma oportunidade de compartilhar ferramentas pr\u00e1ticas e reflex\u00f5es profundas sobre o papel transformador da comunica\u00e7\u00e3o em um mundo cada vez mais digital e acelerado. O foco principal ser\u00e1 explorar os diferentes aspectos da comunica\u00e7\u00e3o, n\u00e3o apenas para informar, mas tamb\u00e9m para inspirar e motivar o p\u00fablico. Al\u00e9m disso, a coluna abordar\u00e1 estrat\u00e9gias que promovam o engajamento aut\u00eantico e a constru\u00e7\u00e3o de relacionamentos s\u00f3lidos e duradouros, tanto no \u00e2mbito pessoal quanto no profissional.<\/p>\n\n\n\n<p>&#8220;Vivemos em tempos de comunica\u00e7\u00e3o instant\u00e2nea, mas muitas vezes superficial&#8221;, comentou Analice. Por isso, ela pretende destacar a import\u00e2ncia de uma abordagem mais intencional e estrat\u00e9gica. &#8220;A comunica\u00e7\u00e3o eficaz precisa ir al\u00e9m de uma simples troca de informa\u00e7\u00f5es; ela deve ser uma ponte que cria empatia, constr\u00f3i confian\u00e7a e promove o entendimento, especialmente em tempos de polariza\u00e7\u00e3o e distanciamento social&#8221;, afirmou.<\/p>\n\n\n\n<p>&#8220;Esta oportunidade de compartilhar insights sobre Comunica\u00e7\u00e3o Estrat\u00e9gica Positiva \u00e9 um marco importante em minha trajet\u00f3ria como jornalista e mentora&#8221;, ressaltou Analice. Para ela, a comunica\u00e7\u00e3o eficaz se tornou mais crucial do que nunca. A capacidade de transmitir mensagens de forma assertiva e positiva fortalece marcas e personas, ao mesmo tempo que enriquece as intera\u00e7\u00f5es di\u00e1rias. &#8220;A comunica\u00e7\u00e3o \u00e9 a ponte que conecta ideias, valores e pessoas, e quando feita de forma estrat\u00e9gica e positiva, tem o poder de transformar realidades&#8221;, acrescentou.<\/p>\n\n\n\n<p>Al\u00e9m das t\u00e1ticas tradicionais de comunica\u00e7\u00e3o, Analice promete que a coluna vai explorar novas abordagens. Ela pretende compartilhar hist\u00f3rias de sucesso, estudos de caso e experi\u00eancias pessoais, ilustrando como a comunica\u00e7\u00e3o pode ser uma ferramenta poderosa de transforma\u00e7\u00e3o social. **&#8221;Quero ajudar as pessoas a perceberem que a comunica\u00e7\u00e3o n\u00e3o \u00e9 apenas sobre o que dizemos, mas como dizemos e, principalmente, como fazemos as outras pessoas se sentirem&#8221;, explicou.<\/p>\n\n\n\n<p>Para Analice, uma comunica\u00e7\u00e3o bem-sucedida \u00e9 aquela que cria conex\u00f5es profundas com o p\u00fablico, gerando la\u00e7os significativos e duradouros. Ela acredita que, tanto nas rela\u00e7\u00f5es corporativas quanto nas rela\u00e7\u00f5es pessoais, o segredo est\u00e1 em comunicar com prop\u00f3sito, sempre buscando o entendimento m\u00fatuo, confian\u00e7a e a constru\u00e7\u00e3o de algo maior. &#8220;A comunica\u00e7\u00e3o n\u00e3o deve ser vista apenas como uma ferramenta de marketing, mas como um agente de mudan\u00e7a que pode moldar comportamentos, atitudes e at\u00e9 sociedades&#8221;, destacou.<\/p>\n\n\n\n<p>Ela tamb\u00e9m expressou sua gratid\u00e3o \u00e0 equipe da revista: &#8220;Agrade\u00e7o \u00e0 equipe da Revista GoWhere por esta oportunidade \u00fanica de contribuir com um p\u00fablico t\u00e3o distinto e exigente. Estou ansiosa para embarcar nesta jornada de aprendizado e troca de experi\u00eancias, explorando juntos as in\u00fameras possibilidades que a Comunica\u00e7\u00e3o Estrat\u00e9gica Positiva pode oferecer&#8221;, concluiu.<\/p>\n\n\n\n<p><strong><em>Sobre Analice Nicolau<\/em><\/strong><\/p>\n\n\n\n<p>&nbsp;&nbsp; Analice Nicolau foi \u00e2ncora dos principais telejornais do SBT por 18 anos. Atualmente, \u00e9 CEO da AN CONNECT, onde atua h\u00e1 4 anos ajudando empres\u00e1rios a aprimorarem a comunica\u00e7\u00e3o de suas marcas, incluindo o compliance na comunica\u00e7\u00e3o corporativa. Al\u00e9m disso, \u00e9 jornalista e colunista do Jornal de Bras\u00edlia, empres\u00e1ria, palestrante e mentora em Comunica\u00e7\u00e3o, Marketing Digital e Rela\u00e7\u00f5es P\u00fablicas.<\/p>\n\n\n\n<p>Ao longo de sua carreira, Analice desenvolveu uma abordagem \u00fanica, na qual a comunica\u00e7\u00e3o \u00e9 vista como uma ferramenta estrat\u00e9gica para transformar n\u00e3o apenas empresas e marcas, mas tamb\u00e9m indiv\u00edduos e sociedades. Sua paix\u00e3o pela comunica\u00e7\u00e3o vai al\u00e9m da teoria; ela acredita que, em um mundo cada vez mais conectado, a comunica\u00e7\u00e3o tem o poder de unir pessoas, promover mudan\u00e7as significativas e curar algumas das feridas sociais mais profundas.<\/p>\n","protected":false},"excerpt":{"rendered":"<p>A jornalista, comunicadora, palestrante e mentora de comunica\u00e7\u00e3o Analice Nicolau acaba de assumir a coluna&#8230;<\/p>\n","protected":false},"author":2,"featured_media":15752,"comment_status":"closed","ping_status":"open","sticky":false,"template":"","format":"standard","meta":{"om_disable_all_campaigns":false,"_monsterinsights_skip_tracking":false,"_monsterinsights_sitenote_active":false,"_monsterinsights_sitenote_note":"","_monsterinsights_sitenote_category":0,"spay_email":""},"categories":[26,1],"tags":[511,929],"jetpack_featured_media_url":"https:\/\/vimagazine.com.br\/wp-content\/uploads\/2024\/09\/ANALICE.jpg","_links":{"self":[{"href":"https:\/\/vimagazine.com.br\/index.php?rest_route=\/wp\/v2\/posts\/15742"}],"collection":[{"href":"https:\/\/vimagazine.com.br\/index.php?rest_route=\/wp\/v2\/posts"}],"about":[{"href":"https:\/\/vimagazine.com.br\/index.php?rest_route=\/wp\/v2\/types\/post"}],"author":[{"embeddable":true,"href":"https:\/\/vimagazine.com.br\/index.php?rest_route=\/wp\/v2\/users\/2"}],"replies":[{"embeddable":true,"href":"https:\/\/vimagazine.com.br\/index.php?rest_route=%2Fwp%2Fv2%2Fcomments&post=15742"}],"version-history":[{"count":2,"href":"https:\/\/vimagazine.com.br\/index.php?rest_route=\/wp\/v2\/posts\/15742\/revisions"}],"predecessor-version":[{"id":15754,"href":"https:\/\/vimagazine.com.br\/index.php?rest_route=\/wp\/v2\/posts\/15742\/revisions\/15754"}],"wp:featuredmedia":[{"embeddable":true,"href":"https:\/\/vimagazine.com.br\/index.php?rest_route=\/wp\/v2\/media\/15752"}],"wp:attachment":[{"href":"https:\/\/vimagazine.com.br\/index.php?rest_route=%2Fwp%2Fv2%2Fmedia&parent=15742"}],"wp:term":[{"taxonomy":"category","embeddable":true,"href":"https:\/\/vimagazine.com.br\/index.php?rest_route=%2Fwp%2Fv2%2Fcategories&post=15742"},{"taxonomy":"post_tag","embeddable":true,"href":"https:\/\/vimagazine.com.br\/index.php?rest_route=%2Fwp%2Fv2%2Ftags&post=15742"}],"curies":[{"name":"wp","href":"https:\/\/api.w.org\/{rel}","templated":true}]}}