{"id":15756,"date":"2024-09-17T16:05:47","date_gmt":"2024-09-17T19:05:47","guid":{"rendered":"https:\/\/vimagazine.com.br\/?p=15756"},"modified":"2024-09-17T16:05:47","modified_gmt":"2024-09-17T19:05:47","slug":"encontro-de-claudia-metne-e-amigas-na-inauguracao-de-novo-espaco-da-culinaria-libanesa","status":"publish","type":"post","link":"https:\/\/vimagazine.com.br\/?p=15756","title":{"rendered":"Encontro de Claudia M\u00e9tne e amigas na inaugura\u00e7\u00e3o de novo espa\u00e7o da culin\u00e1ria libanesa"},"content":{"rendered":"\n<p>Claudia M\u00e9tne comemorou o inicio da Primavera com a inaugura\u00e7\u00e3o de mais um espa\u00e7o gastron\u00f4mico elegante e charmoso para&nbsp; degustar o melhor da culin\u00e1ria libanesa em S\u00e3o Paulo , com um card\u00e1pio de dar \u00e1gua na boca !<\/p>\n\n\n\n<p>A inaugura\u00e7\u00e3o desse novo espa\u00e7o no Maxifour Lebanon foi uma celebra\u00e7\u00e3o de alegria e com os quitutes deliciosos da casa comandada por Sonia Kheir, com Claudia M\u00e9tne reunindo empres\u00e1rias e amigas em torno da rica culin\u00e1ria libanesa. &nbsp;<br><a rel=\"noreferrer noopener\" target=\"_blank\" href=\"https:\/\/www.instagram.com\/maxifour.lebanon\/\">@maxifour.lebanon<\/a><br>.<br>.<\/p>\n\n\n\n<p>servi\u00e7o: Maxifour Lebanon<\/p>\n\n\n\n<p>Av. Moreira Guimar\u00e3es, 900 &#8211; Indian\u00f3polis, S\u00e3o Paulo &#8211; SP, 04074-020&nbsp;<br>.<br>.<br>Look style&nbsp;<a rel=\"noreferrer noopener\" target=\"_blank\" href=\"https:\/\/www.instagram.com\/aloiciamoda\/\">@aloiciamoda<\/a><br><a rel=\"noreferrer noopener\" target=\"_blank\" href=\"https:\/\/www.instagram.com\/explore\/tags\/joias\/\">#joias<\/a><a rel=\"noreferrer noopener\" target=\"_blank\" href=\"https:\/\/www.instagram.com\/bffsemijoiaseprata925\/\">@bffsemijoiaseprata925<\/a><br><a rel=\"noreferrer noopener\" target=\"_blank\" href=\"https:\/\/www.instagram.com\/explore\/tags\/beauty\/\">#beauty<\/a><a rel=\"noreferrer noopener\" target=\"_blank\" href=\"https:\/\/www.instagram.com\/marcosgasparoficial\/\">@marcosgasparoficial<\/a><br>.<br>.<\/p>\n\n\n\n<p><a rel=\"noreferrer noopener\" target=\"_blank\" href=\"https:\/\/www.instagram.com\/polianapss\/\">@polianapss<\/a><br><a rel=\"noreferrer noopener\" target=\"_blank\" href=\"https:\/\/www.instagram.com\/ceciliabourdon\/\">@ceciliabourdon<\/a><br><a rel=\"noreferrer noopener\" target=\"_blank\" href=\"https:\/\/www.instagram.com\/lollo.tenucci\/\">@lollo.tenucci<\/a><br><a rel=\"noreferrer noopener\" target=\"_blank\" href=\"https:\/\/www.instagram.com\/solangeasuzuki\/\">@solangeasuzuki<\/a><br><a rel=\"noreferrer noopener\" target=\"_blank\" href=\"https:\/\/www.instagram.com\/reginamiguelheide\/\">@reginamiguelheide<\/a><br><a rel=\"noreferrer noopener\" target=\"_blank\" href=\"https:\/\/www.instagram.com\/paula_rgomes\/\">@paula_rgomes<\/a><br><a rel=\"noreferrer noopener\" target=\"_blank\" href=\"https:\/\/www.instagram.com\/dica_baeza\/\">@dica_baeza<\/a><br><a rel=\"noreferrer noopener\" target=\"_blank\" href=\"https:\/\/www.instagram.com\/nicole.camilos\/\">@nicole.camilos<\/a><br><a rel=\"noreferrer noopener\" target=\"_blank\" href=\"https:\/\/www.instagram.com\/erikacoimbra\/\">@erikacoimbra<\/a><br><a rel=\"noreferrer noopener\" target=\"_blank\" href=\"https:\/\/www.instagram.com\/renatapassarin\/\">@renatapassarin<\/a><br><a rel=\"noreferrer noopener\" target=\"_blank\" href=\"https:\/\/www.instagram.com\/estampasdagi\/\">@estampasdagi<\/a><br><a rel=\"noreferrer noopener\" target=\"_blank\" href=\"https:\/\/www.instagram.com\/rosana.figueira.18\/\">@rosana.figueira.18<\/a><br><a rel=\"noreferrer noopener\" target=\"_blank\" href=\"https:\/\/www.instagram.com\/clinicagoute\/\">@clinicagoute<\/a><br><a rel=\"noreferrer noopener\" target=\"_blank\" href=\"https:\/\/www.instagram.com\/cecbrasil\/\">@cecbrasil<\/a><br><a rel=\"noreferrer noopener\" target=\"_blank\" href=\"https:\/\/www.instagram.com\/brunabiancanicolau\/\">@brunabiancanicolau<\/a><br><a rel=\"noreferrer noopener\" target=\"_blank\" href=\"https:\/\/www.instagram.com\/luciana\/\">@luciana<\/a><\/p>\n","protected":false},"excerpt":{"rendered":"<p>Claudia M\u00e9tne comemorou o inicio da Primavera com a inaugura\u00e7\u00e3o de mais um espa\u00e7o gastron\u00f4mico&#8230;<\/p>\n","protected":false},"author":19,"featured_media":15757,"comment_status":"closed","ping_status":"open","sticky":false,"template":"","format":"standard","meta":{"om_disable_all_campaigns":false,"_monsterinsights_skip_tracking":false,"_monsterinsights_sitenote_active":false,"_monsterinsights_sitenote_note":"","_monsterinsights_sitenote_category":0,"spay_email":""},"categories":[1],"tags":[],"jetpack_featured_media_url":"https:\/\/vimagazine.com.br\/wp-content\/uploads\/2024\/09\/WhatsApp-Image-2024-09-13-at-20.33.46-1.jpeg","_links":{"self":[{"href":"https:\/\/vimagazine.com.br\/index.php?rest_route=\/wp\/v2\/posts\/15756"}],"collection":[{"href":"https:\/\/vimagazine.com.br\/index.php?rest_route=\/wp\/v2\/posts"}],"about":[{"href":"https:\/\/vimagazine.com.br\/index.php?rest_route=\/wp\/v2\/types\/post"}],"author":[{"embeddable":true,"href":"https:\/\/vimagazine.com.br\/index.php?rest_route=\/wp\/v2\/users\/19"}],"replies":[{"embeddable":true,"href":"https:\/\/vimagazine.com.br\/index.php?rest_route=%2Fwp%2Fv2%2Fcomments&post=15756"}],"version-history":[{"count":1,"href":"https:\/\/vimagazine.com.br\/index.php?rest_route=\/wp\/v2\/posts\/15756\/revisions"}],"predecessor-version":[{"id":15758,"href":"https:\/\/vimagazine.com.br\/index.php?rest_route=\/wp\/v2\/posts\/15756\/revisions\/15758"}],"wp:featuredmedia":[{"embeddable":true,"href":"https:\/\/vimagazine.com.br\/index.php?rest_route=\/wp\/v2\/media\/15757"}],"wp:attachment":[{"href":"https:\/\/vimagazine.com.br\/index.php?rest_route=%2Fwp%2Fv2%2Fmedia&parent=15756"}],"wp:term":[{"taxonomy":"category","embeddable":true,"href":"https:\/\/vimagazine.com.br\/index.php?rest_route=%2Fwp%2Fv2%2Fcategories&post=15756"},{"taxonomy":"post_tag","embeddable":true,"href":"https:\/\/vimagazine.com.br\/index.php?rest_route=%2Fwp%2Fv2%2Ftags&post=15756"}],"curies":[{"name":"wp","href":"https:\/\/api.w.org\/{rel}","templated":true}]}}