{"id":15874,"date":"2024-09-25T10:05:43","date_gmt":"2024-09-25T13:05:43","guid":{"rendered":"https:\/\/vimagazine.com.br\/?p=15874"},"modified":"2024-09-25T10:07:06","modified_gmt":"2024-09-25T13:07:06","slug":"claudia-meloyara-castanha-e-mario-gomes-sao-homenageados-em-jantar-de-premiacao-na-barra-da-tijuca","status":"publish","type":"post","link":"https:\/\/vimagazine.com.br\/?p=15874","title":{"rendered":"CLAUDIA MELO,YARA CASTANHA e MARIO GOMES S\u00c3O HOMENAGEADOS EM JANTAR DE PREMIA\u00c7\u00c3O NA BARRA DA TIJUCA\u00a0"},"content":{"rendered":"\n<p><\/p>\n\n\n\n<p>Na \u00faltima segunda-feira, dia 23 de setembro, a atriz Claudia Melo e Yara Castanha foram homenageadas em um elegante jantar de premia\u00e7\u00e3o realizado na churrascaria Tour\u00e3o, na Barra da Tijuca. As atrizes receberam o pr\u00eamio em reconhecimento aos seus talentos, profissionalismo e \u00e0 sua admir\u00e1vel trajet\u00f3ria no mundo art\u00edstico.&nbsp;Na ocasi\u00e3o o ator M\u00e1rio Gomes tamb\u00e9m foi premiado pela sua excelente contribui\u00e7\u00e3o no universo art\u00edstico e cultural.<\/p>\n\n\n\n<p>Claudia discursou de forma emocionante sobre sua trajet\u00f3ria art\u00edstica e pessoal, destacou o valor do artista na sociedade, o poder da comunica\u00e7\u00e3o no mundo, refor\u00e7ando a import\u00e2ncia das mulheres no cen\u00e1rio art\u00edstico brasileiro. Yara tamb\u00e9m discursou sobre seus feitos como atriz e empres\u00e1ria.&nbsp;<\/p>\n\n\n\n<p>O evento reuniu diversas personalidades, como o ator M\u00e1rio Gomes tamb\u00e9m premiado,, o renomado diretor M\u00e1rio Meirelles, a apresentadora e realizadora do evento Gisa Masser, o Estilista dos famosos Hermes Inoc\u00eancio, o CEO da Revista Mais Bonita Andr\u00e9 Lap e a assessora de imprensa D\u00e9borah Gon\u00e7alves, que prestigiaram a cerim\u00f4nia.<\/p>\n\n\n\n<p>O jantar foi uma celebra\u00e7\u00e3o repleta de emo\u00e7\u00f5es e reconhecimento, marcando mais um cap\u00edtulo importante na carreira dos envolvidos, que seguem conquistando espa\u00e7o e admiradores com versatilidade e dedica\u00e7\u00e3o.<\/p>\n\n\n\n<p><\/p>\n\n\n\n<figure class=\"wp-container-2 wp-block-gallery-1 wp-block-gallery has-nested-images columns-2 is-cropped\">\n<figure class=\"wp-block-image size-large\"><img width=\"1440\" height=\"1920\" data-id=\"15875\"  src=\"https:\/\/vimagazine.com.br\/wp-content\/uploads\/2024\/09\/Atriz-Premiada-Claudia-Melo-IMG-20240924-WA0088.jpg\" alt=\"\" class=\"wp-image-15875\" srcset=\"https:\/\/vimagazine.com.br\/wp-content\/uploads\/2024\/09\/Atriz-Premiada-Claudia-Melo-IMG-20240924-WA0088.jpg 1440w, https:\/\/vimagazine.com.br\/wp-content\/uploads\/2024\/09\/Atriz-Premiada-Claudia-Melo-IMG-20240924-WA0088-225x300.jpg 225w, https:\/\/vimagazine.com.br\/wp-content\/uploads\/2024\/09\/Atriz-Premiada-Claudia-Melo-IMG-20240924-WA0088-768x1024.jpg 768w, https:\/\/vimagazine.com.br\/wp-content\/uploads\/2024\/09\/Atriz-Premiada-Claudia-Melo-IMG-20240924-WA0088-1152x1536.jpg 1152w, https:\/\/vimagazine.com.br\/wp-content\/uploads\/2024\/09\/Atriz-Premiada-Claudia-Melo-IMG-20240924-WA0088-1024x1365.jpg 1024w\" sizes=\"(max-width: 1440px) 100vw, 1440px\" \/><\/figure>\n\n\n\n<figure class=\"wp-block-image size-large\"><img width=\"1440\" height=\"1920\" data-id=\"15876\"  src=\"https:\/\/vimagazine.com.br\/wp-content\/uploads\/2024\/09\/Mario-Gomes-Hermes-Inocencio-Yara-Castanha-Claudia-Melo-IMG_3501.jpg\" alt=\"\" class=\"wp-image-15876\" srcset=\"https:\/\/vimagazine.com.br\/wp-content\/uploads\/2024\/09\/Mario-Gomes-Hermes-Inocencio-Yara-Castanha-Claudia-Melo-IMG_3501.jpg 1440w, https:\/\/vimagazine.com.br\/wp-content\/uploads\/2024\/09\/Mario-Gomes-Hermes-Inocencio-Yara-Castanha-Claudia-Melo-IMG_3501-225x300.jpg 225w, https:\/\/vimagazine.com.br\/wp-content\/uploads\/2024\/09\/Mario-Gomes-Hermes-Inocencio-Yara-Castanha-Claudia-Melo-IMG_3501-768x1024.jpg 768w, https:\/\/vimagazine.com.br\/wp-content\/uploads\/2024\/09\/Mario-Gomes-Hermes-Inocencio-Yara-Castanha-Claudia-Melo-IMG_3501-1152x1536.jpg 1152w, https:\/\/vimagazine.com.br\/wp-content\/uploads\/2024\/09\/Mario-Gomes-Hermes-Inocencio-Yara-Castanha-Claudia-Melo-IMG_3501-1024x1365.jpg 1024w\" sizes=\"(max-width: 1440px) 100vw, 1440px\" \/><\/figure>\n\n\n\n<figure class=\"wp-block-image size-large\"><img width=\"1024\" height=\"1280\" data-id=\"15877\"  src=\"https:\/\/vimagazine.com.br\/wp-content\/uploads\/2024\/09\/Atriz-Premiada-Yara-Castanha-IMG-20240924-WA0059.jpg\" alt=\"\" class=\"wp-image-15877\" srcset=\"https:\/\/vimagazine.com.br\/wp-content\/uploads\/2024\/09\/Atriz-Premiada-Yara-Castanha-IMG-20240924-WA0059.jpg 1024w, https:\/\/vimagazine.com.br\/wp-content\/uploads\/2024\/09\/Atriz-Premiada-Yara-Castanha-IMG-20240924-WA0059-240x300.jpg 240w, https:\/\/vimagazine.com.br\/wp-content\/uploads\/2024\/09\/Atriz-Premiada-Yara-Castanha-IMG-20240924-WA0059-819x1024.jpg 819w, https:\/\/vimagazine.com.br\/wp-content\/uploads\/2024\/09\/Atriz-Premiada-Yara-Castanha-IMG-20240924-WA0059-768x960.jpg 768w\" sizes=\"(max-width: 1024px) 100vw, 1024px\" \/><\/figure>\n\n\n\n<figure class=\"wp-block-image size-large\"><img width=\"1440\" height=\"1920\" data-id=\"15878\"  src=\"https:\/\/vimagazine.com.br\/wp-content\/uploads\/2024\/09\/Atriz-Yara-Castanha-Diretor-Mario-Meirelles-e-atriz-Claudia-Melo-IMG-20240924-WA0084.jpg\" alt=\"\" class=\"wp-image-15878\" srcset=\"https:\/\/vimagazine.com.br\/wp-content\/uploads\/2024\/09\/Atriz-Yara-Castanha-Diretor-Mario-Meirelles-e-atriz-Claudia-Melo-IMG-20240924-WA0084.jpg 1440w, https:\/\/vimagazine.com.br\/wp-content\/uploads\/2024\/09\/Atriz-Yara-Castanha-Diretor-Mario-Meirelles-e-atriz-Claudia-Melo-IMG-20240924-WA0084-225x300.jpg 225w, https:\/\/vimagazine.com.br\/wp-content\/uploads\/2024\/09\/Atriz-Yara-Castanha-Diretor-Mario-Meirelles-e-atriz-Claudia-Melo-IMG-20240924-WA0084-768x1024.jpg 768w, https:\/\/vimagazine.com.br\/wp-content\/uploads\/2024\/09\/Atriz-Yara-Castanha-Diretor-Mario-Meirelles-e-atriz-Claudia-Melo-IMG-20240924-WA0084-1152x1536.jpg 1152w, https:\/\/vimagazine.com.br\/wp-content\/uploads\/2024\/09\/Atriz-Yara-Castanha-Diretor-Mario-Meirelles-e-atriz-Claudia-Melo-IMG-20240924-WA0084-1024x1365.jpg 1024w\" sizes=\"(max-width: 1440px) 100vw, 1440px\" \/><\/figure>\n\n\n\n<figure class=\"wp-block-image size-large\"><img width=\"1073\" height=\"1073\" data-id=\"15880\"  src=\"https:\/\/vimagazine.com.br\/wp-content\/uploads\/2024\/09\/Apresentadora-Gisa-Masser-Ceo-Andre-Lap-Yara-Castanha-e-Claudia-Melo-IMG-20240924-WA0082.jpg\" alt=\"\" class=\"wp-image-15880\" srcset=\"https:\/\/vimagazine.com.br\/wp-content\/uploads\/2024\/09\/Apresentadora-Gisa-Masser-Ceo-Andre-Lap-Yara-Castanha-e-Claudia-Melo-IMG-20240924-WA0082.jpg 1073w, https:\/\/vimagazine.com.br\/wp-content\/uploads\/2024\/09\/Apresentadora-Gisa-Masser-Ceo-Andre-Lap-Yara-Castanha-e-Claudia-Melo-IMG-20240924-WA0082-300x300.jpg 300w, https:\/\/vimagazine.com.br\/wp-content\/uploads\/2024\/09\/Apresentadora-Gisa-Masser-Ceo-Andre-Lap-Yara-Castanha-e-Claudia-Melo-IMG-20240924-WA0082-1024x1024.jpg 1024w, https:\/\/vimagazine.com.br\/wp-content\/uploads\/2024\/09\/Apresentadora-Gisa-Masser-Ceo-Andre-Lap-Yara-Castanha-e-Claudia-Melo-IMG-20240924-WA0082-150x150.jpg 150w, https:\/\/vimagazine.com.br\/wp-content\/uploads\/2024\/09\/Apresentadora-Gisa-Masser-Ceo-Andre-Lap-Yara-Castanha-e-Claudia-Melo-IMG-20240924-WA0082-768x768.jpg 768w\" sizes=\"(max-width: 1073px) 100vw, 1073px\" \/><\/figure>\n\n\n\n<figure class=\"wp-block-image size-large\"><img width=\"1440\" height=\"1920\" data-id=\"15881\"  src=\"https:\/\/vimagazine.com.br\/wp-content\/uploads\/2024\/09\/Deborah-Goncalves-Yara-Castanha-e-ClaudiaMelo-IMG-20240924-WA0090.jpg\" alt=\"\" class=\"wp-image-15881\" srcset=\"https:\/\/vimagazine.com.br\/wp-content\/uploads\/2024\/09\/Deborah-Goncalves-Yara-Castanha-e-ClaudiaMelo-IMG-20240924-WA0090.jpg 1440w, https:\/\/vimagazine.com.br\/wp-content\/uploads\/2024\/09\/Deborah-Goncalves-Yara-Castanha-e-ClaudiaMelo-IMG-20240924-WA0090-225x300.jpg 225w, https:\/\/vimagazine.com.br\/wp-content\/uploads\/2024\/09\/Deborah-Goncalves-Yara-Castanha-e-ClaudiaMelo-IMG-20240924-WA0090-768x1024.jpg 768w, https:\/\/vimagazine.com.br\/wp-content\/uploads\/2024\/09\/Deborah-Goncalves-Yara-Castanha-e-ClaudiaMelo-IMG-20240924-WA0090-1152x1536.jpg 1152w, https:\/\/vimagazine.com.br\/wp-content\/uploads\/2024\/09\/Deborah-Goncalves-Yara-Castanha-e-ClaudiaMelo-IMG-20240924-WA0090-1024x1365.jpg 1024w\" sizes=\"(max-width: 1440px) 100vw, 1440px\" \/><\/figure>\n<\/figure>\n","protected":false},"excerpt":{"rendered":"<p>Na \u00faltima segunda-feira, dia 23 de setembro, a atriz Claudia Melo e Yara Castanha foram&#8230;<\/p>\n","protected":false},"author":1,"featured_media":15883,"comment_status":"closed","ping_status":"open","sticky":false,"template":"","format":"standard","meta":{"om_disable_all_campaigns":false,"_monsterinsights_skip_tracking":false,"_monsterinsights_sitenote_active":false,"_monsterinsights_sitenote_note":"","_monsterinsights_sitenote_category":0,"spay_email":""},"categories":[1],"tags":[],"jetpack_featured_media_url":"https:\/\/vimagazine.com.br\/wp-content\/uploads\/2024\/09\/Atores-Yara-CastanhaMario-Gomes-e-ClaudiaMeloIMG-20240924-WA0058-1.jpg","_links":{"self":[{"href":"https:\/\/vimagazine.com.br\/index.php?rest_route=\/wp\/v2\/posts\/15874"}],"collection":[{"href":"https:\/\/vimagazine.com.br\/index.php?rest_route=\/wp\/v2\/posts"}],"about":[{"href":"https:\/\/vimagazine.com.br\/index.php?rest_route=\/wp\/v2\/types\/post"}],"author":[{"embeddable":true,"href":"https:\/\/vimagazine.com.br\/index.php?rest_route=\/wp\/v2\/users\/1"}],"replies":[{"embeddable":true,"href":"https:\/\/vimagazine.com.br\/index.php?rest_route=%2Fwp%2Fv2%2Fcomments&post=15874"}],"version-history":[{"count":2,"href":"https:\/\/vimagazine.com.br\/index.php?rest_route=\/wp\/v2\/posts\/15874\/revisions"}],"predecessor-version":[{"id":15885,"href":"https:\/\/vimagazine.com.br\/index.php?rest_route=\/wp\/v2\/posts\/15874\/revisions\/15885"}],"wp:featuredmedia":[{"embeddable":true,"href":"https:\/\/vimagazine.com.br\/index.php?rest_route=\/wp\/v2\/media\/15883"}],"wp:attachment":[{"href":"https:\/\/vimagazine.com.br\/index.php?rest_route=%2Fwp%2Fv2%2Fmedia&parent=15874"}],"wp:term":[{"taxonomy":"category","embeddable":true,"href":"https:\/\/vimagazine.com.br\/index.php?rest_route=%2Fwp%2Fv2%2Fcategories&post=15874"},{"taxonomy":"post_tag","embeddable":true,"href":"https:\/\/vimagazine.com.br\/index.php?rest_route=%2Fwp%2Fv2%2Ftags&post=15874"}],"curies":[{"name":"wp","href":"https:\/\/api.w.org\/{rel}","templated":true}]}}