{"id":15982,"date":"2024-10-02T21:29:14","date_gmt":"2024-10-03T00:29:14","guid":{"rendered":"https:\/\/vimagazine.com.br\/?p=15982"},"modified":"2024-10-02T21:33:36","modified_gmt":"2024-10-03T00:33:36","slug":"familia-schurmann-sc-tera-exposicao-inedita","status":"publish","type":"post","link":"https:\/\/vimagazine.com.br\/?p=15982","title":{"rendered":"Fam\u00edlia Schurmann: SC ter\u00e1 exposi\u00e7\u00e3o in\u00e9dita"},"content":{"rendered":"\n<p><\/p>\n\n\n\n<p><em><strong>O BravaMall, na Praia Brava de Itaja\u00ed, ser\u00e1 palco para exposi\u00e7\u00e3o em homenagem aos 40 anos de hist\u00f3ria da fam\u00edlia de velejadores brasileiros mais famosa do mundo, com fotos e v\u00eddeos de expedi\u00e7\u00f5es do acervo Schurmann. A exposi\u00e7\u00e3o marca tamb\u00e9m a recente inaugura\u00e7\u00e3o no mall do quiosque da Alma Catarina, marca de moda sustent\u00e1vel licenciada pela Voz dos Oceanos.<\/strong><\/em><\/p>\n\n\n\n<p><\/p>\n\n\n\n<p>A partir da pr\u00f3xima segunda-feira (7), o BravaMall, na Praia Brava de Itaja\u00ed\/SC, ser\u00e1 palco para uma exposi\u00e7\u00e3o in\u00e9dita em homenagem \u00e0 Fam\u00edlia Schurmann. Em alus\u00e3o aos 40 anos da primeira volta ao mundo feita pelos famosos velejadores brasileiros, o Alameda Norte do mall ser\u00e1 palco para um \u2018storytelling\u2019 da fam\u00edlia, com totens informativos, fotos e v\u00eddeos das expedi\u00e7\u00f5es e sua trajet\u00f3ria desde o interesse do casal Helo\u00edsa e Vilfredo pela vela, passando pelas tr\u00eas voltas ao mundo realizadas at\u00e9 o momento, culminando na cria\u00e7\u00e3o do projeto Voz dos Oceanos. Paralelo \u00e0 exposi\u00e7\u00e3o, recentemente foi inaugurado no&nbsp;<a href=\"http:\/\/www.bravamall.com.br\/\" target=\"_blank\" rel=\"noreferrer noopener\">BravaMall<\/a>&nbsp;um quiosque da Alma Catarina, marca de moda que tem a sustentabilidade como pilar e que desenvolveu uma cole\u00e7\u00e3o de camisetas tendo como premissa esse sonho poss\u00edvel, salvar os oceanos. O design do quiosque foi inspirado no veleiro Kat e tem o formato de barco.&nbsp;<\/p>\n\n\n\n<figure class=\"wp-container-2 wp-block-gallery-1 wp-block-gallery has-nested-images columns-default is-cropped\">\n<figure class=\"wp-block-image size-large\"><img width=\"740\" height=\"897\" data-id=\"15985\"  src=\"https:\/\/vimagazine.com.br\/wp-content\/uploads\/2024\/10\/Familia-Schurmann-1-PierreVilfredoHeloisaDavidWilhelm.jpg\" alt=\"\" class=\"wp-image-15985\" srcset=\"https:\/\/vimagazine.com.br\/wp-content\/uploads\/2024\/10\/Familia-Schurmann-1-PierreVilfredoHeloisaDavidWilhelm.jpg 740w, https:\/\/vimagazine.com.br\/wp-content\/uploads\/2024\/10\/Familia-Schurmann-1-PierreVilfredoHeloisaDavidWilhelm-247x300.jpg 247w\" sizes=\"(max-width: 740px) 100vw, 740px\" \/><\/figure>\n\n\n\n<figure class=\"wp-block-image size-large\"><img width=\"500\" height=\"400\" data-id=\"15990\"  src=\"https:\/\/vimagazine.com.br\/wp-content\/uploads\/2024\/10\/Familia-Schurmann-reunida-a-bordo-para-Magalhaes-Global-Adventure-segunda-volta-ao-mundo.jpg\" alt=\"\" class=\"wp-image-15990\" srcset=\"https:\/\/vimagazine.com.br\/wp-content\/uploads\/2024\/10\/Familia-Schurmann-reunida-a-bordo-para-Magalhaes-Global-Adventure-segunda-volta-ao-mundo.jpg 500w, https:\/\/vimagazine.com.br\/wp-content\/uploads\/2024\/10\/Familia-Schurmann-reunida-a-bordo-para-Magalhaes-Global-Adventure-segunda-volta-ao-mundo-300x240.jpg 300w\" sizes=\"(max-width: 500px) 100vw, 500px\" \/><\/figure>\n\n\n\n<figure class=\"wp-block-image size-large\"><img width=\"828\" height=\"1038\" data-id=\"15988\"  src=\"https:\/\/vimagazine.com.br\/wp-content\/uploads\/2024\/10\/WI53F3_1-1.jpg\" alt=\"\" class=\"wp-image-15988\" srcset=\"https:\/\/vimagazine.com.br\/wp-content\/uploads\/2024\/10\/WI53F3_1-1.jpg 828w, https:\/\/vimagazine.com.br\/wp-content\/uploads\/2024\/10\/WI53F3_1-1-239x300.jpg 239w, https:\/\/vimagazine.com.br\/wp-content\/uploads\/2024\/10\/WI53F3_1-1-817x1024.jpg 817w, https:\/\/vimagazine.com.br\/wp-content\/uploads\/2024\/10\/WI53F3_1-1-768x963.jpg 768w\" sizes=\"(max-width: 828px) 100vw, 828px\" \/><\/figure>\n\n\n\n<figure class=\"wp-block-image size-large\"><img width=\"1920\" height=\"1440\" data-id=\"15989\"  src=\"https:\/\/vimagazine.com.br\/wp-content\/uploads\/2024\/10\/Familia-Schurmann-3-Divulgacao-Foto-Emmanuel-Schurmann.jpg\" alt=\"\" class=\"wp-image-15989\" srcset=\"https:\/\/vimagazine.com.br\/wp-content\/uploads\/2024\/10\/Familia-Schurmann-3-Divulgacao-Foto-Emmanuel-Schurmann.jpg 1920w, https:\/\/vimagazine.com.br\/wp-content\/uploads\/2024\/10\/Familia-Schurmann-3-Divulgacao-Foto-Emmanuel-Schurmann-300x225.jpg 300w, https:\/\/vimagazine.com.br\/wp-content\/uploads\/2024\/10\/Familia-Schurmann-3-Divulgacao-Foto-Emmanuel-Schurmann-1024x768.jpg 1024w, https:\/\/vimagazine.com.br\/wp-content\/uploads\/2024\/10\/Familia-Schurmann-3-Divulgacao-Foto-Emmanuel-Schurmann-768x576.jpg 768w, https:\/\/vimagazine.com.br\/wp-content\/uploads\/2024\/10\/Familia-Schurmann-3-Divulgacao-Foto-Emmanuel-Schurmann-1536x1152.jpg 1536w\" sizes=\"(max-width: 1920px) 100vw, 1920px\" \/><\/figure>\n<\/figure>\n\n\n\n<p><\/p>\n\n\n\n<p>A marca de moda desenvolveu camisetas unissex feitas em algod\u00e3o 100% brasileiro com certifica\u00e7\u00e3o org\u00e2nica, produzidos por meio da agricultura familiar, trazendo economia de \u00e1gua e aus\u00eancia de defensivos agr\u00edcolas no processo produtivo. Para todos os produtos, a fundadora da Alma Catarina, Maria Isabel Silva, Ocean\u00f3grafa de forma\u00e7\u00e3o e que se apaixonou pelo mundo da moda sustent\u00e1vel, revela que o objetivo \u00e9 diminuir o impacto ambiental em diferentes vertentes.<\/p>\n\n\n\n<p>\u201cAssim como a Voz dos Oceanos, que se dedica a conscientiza\u00e7\u00e3o ambiental em prol da preserva\u00e7\u00e3o dos mares e oceanos, toda a cadeia produtiva para o desenvolvimento da cole\u00e7\u00e3o foi pensada de forma a gerar menos impacto, o que foi poss\u00edvel por meio da escolha da mat\u00e9ria-prima, de um design inovador para melhor aproveitamento dessa mat\u00e9ria-prima, valoriza\u00e7\u00e3o da produ\u00e7\u00e3o local, rastreio de toda a produ\u00e7\u00e3o garantindo transpar\u00eancia e um resultado alinhado aos pilares do projeto Voz os Oceanos. Inclusive as etiquetas das pe\u00e7as foram produzidas a partir dos res\u00edduos t\u00eaxteis da produ\u00e7\u00e3o.\u201d, conta Maria Isabel. Todas as pe\u00e7as comercializadas pela Alma Catarina t\u00eam 10% do seu valor de custo destinado ao Instituto Voz dos Oceanos para fomentar suas a\u00e7\u00f5es e projetos.<\/p>\n\n\n\n<p>Em parceria com a empresa Marulho Produtos Criativos (@marulhoeco), de Ilha Grande (RJ), a Alma Catarina disponibiliza embalagens feitas com redes de pesca que seriam descartadas e que s\u00e3o confeccionadas por pescadores locais, gerando renda e evitando que esse material vira redes de pesca fantasmas..<\/p>\n\n\n\n<p>\u201cTermos aqui na Praia Brava esta exposi\u00e7\u00e3o da Fam\u00edlia Schurmann com sua&nbsp; linda hist\u00f3ria, suas expedi\u00e7\u00f5es e preserva\u00e7\u00e3o oceanos tamb\u00e9m demonstra o nosso comprometimento em trazer viv\u00eancias de qualidade que agreguem aos visitantes arte, cultura e conscientiza\u00e7\u00e3o ambiental. Tamb\u00e9m destaco o quiosque da Alma Catarina com belas pe\u00e7as e repletas de hist\u00f3ria, e que vai ao encontro da filosofia da fam\u00edlia e tamb\u00e9m com o BravaMall\u201d, afirma a diretora executiva do BravaMall, Miriam Almeida.<\/p>\n\n\n\n<p><\/p>\n\n\n\n<p><\/p>\n\n\n\n<figure class=\"wp-container-4 wp-block-gallery-3 wp-block-gallery has-nested-images columns-default is-cropped\">\n<figure class=\"wp-block-image size-large\"><img width=\"1920\" height=\"1080\" data-id=\"15993\"  src=\"https:\/\/vimagazine.com.br\/wp-content\/uploads\/2024\/10\/dji_export_1651096593089.jpg\" alt=\"\" class=\"wp-image-15993\" srcset=\"https:\/\/vimagazine.com.br\/wp-content\/uploads\/2024\/10\/dji_export_1651096593089.jpg 1920w, https:\/\/vimagazine.com.br\/wp-content\/uploads\/2024\/10\/dji_export_1651096593089-300x169.jpg 300w, https:\/\/vimagazine.com.br\/wp-content\/uploads\/2024\/10\/dji_export_1651096593089-1024x576.jpg 1024w, https:\/\/vimagazine.com.br\/wp-content\/uploads\/2024\/10\/dji_export_1651096593089-768x432.jpg 768w, https:\/\/vimagazine.com.br\/wp-content\/uploads\/2024\/10\/dji_export_1651096593089-1536x864.jpg 1536w\" sizes=\"(max-width: 1920px) 100vw, 1920px\" \/><figcaption>default<\/figcaption><\/figure>\n\n\n\n<figure class=\"wp-block-image size-large\"><img width=\"1920\" height=\"1280\" data-id=\"15998\"  src=\"https:\/\/vimagazine.com.br\/wp-content\/uploads\/2024\/10\/Wilhelm-praticando-windsurf-durante-a-Expedicao-Oriente-1.jpg\" alt=\"\" class=\"wp-image-15998\" srcset=\"https:\/\/vimagazine.com.br\/wp-content\/uploads\/2024\/10\/Wilhelm-praticando-windsurf-durante-a-Expedicao-Oriente-1.jpg 1920w, https:\/\/vimagazine.com.br\/wp-content\/uploads\/2024\/10\/Wilhelm-praticando-windsurf-durante-a-Expedicao-Oriente-1-300x200.jpg 300w, https:\/\/vimagazine.com.br\/wp-content\/uploads\/2024\/10\/Wilhelm-praticando-windsurf-durante-a-Expedicao-Oriente-1-1024x683.jpg 1024w, https:\/\/vimagazine.com.br\/wp-content\/uploads\/2024\/10\/Wilhelm-praticando-windsurf-durante-a-Expedicao-Oriente-1-768x512.jpg 768w, https:\/\/vimagazine.com.br\/wp-content\/uploads\/2024\/10\/Wilhelm-praticando-windsurf-durante-a-Expedicao-Oriente-1-1536x1024.jpg 1536w\" sizes=\"(max-width: 1920px) 100vw, 1920px\" \/><\/figure>\n\n\n\n<figure class=\"wp-block-image size-large\"><img width=\"1920\" height=\"1372\" data-id=\"15997\"  src=\"https:\/\/vimagazine.com.br\/wp-content\/uploads\/2024\/10\/Wilhelm-praticando-stand-up-em-Paradise-Bay-durante-Expedicao-Oriente.jpg\" alt=\"\" class=\"wp-image-15997\" srcset=\"https:\/\/vimagazine.com.br\/wp-content\/uploads\/2024\/10\/Wilhelm-praticando-stand-up-em-Paradise-Bay-durante-Expedicao-Oriente.jpg 1920w, https:\/\/vimagazine.com.br\/wp-content\/uploads\/2024\/10\/Wilhelm-praticando-stand-up-em-Paradise-Bay-durante-Expedicao-Oriente-300x214.jpg 300w, https:\/\/vimagazine.com.br\/wp-content\/uploads\/2024\/10\/Wilhelm-praticando-stand-up-em-Paradise-Bay-durante-Expedicao-Oriente-1024x732.jpg 1024w, https:\/\/vimagazine.com.br\/wp-content\/uploads\/2024\/10\/Wilhelm-praticando-stand-up-em-Paradise-Bay-durante-Expedicao-Oriente-768x549.jpg 768w, https:\/\/vimagazine.com.br\/wp-content\/uploads\/2024\/10\/Wilhelm-praticando-stand-up-em-Paradise-Bay-durante-Expedicao-Oriente-1536x1098.jpg 1536w\" sizes=\"(max-width: 1920px) 100vw, 1920px\" \/><\/figure>\n\n\n\n<figure class=\"wp-block-image size-large\"><img width=\"1920\" height=\"1080\" data-id=\"15992\"  src=\"https:\/\/vimagazine.com.br\/wp-content\/uploads\/2024\/10\/Voz-dos-Oceanos-em-Tahaa-Bora-Bora-5.jpg\" alt=\"\" class=\"wp-image-15992\" srcset=\"https:\/\/vimagazine.com.br\/wp-content\/uploads\/2024\/10\/Voz-dos-Oceanos-em-Tahaa-Bora-Bora-5.jpg 1920w, https:\/\/vimagazine.com.br\/wp-content\/uploads\/2024\/10\/Voz-dos-Oceanos-em-Tahaa-Bora-Bora-5-300x169.jpg 300w, https:\/\/vimagazine.com.br\/wp-content\/uploads\/2024\/10\/Voz-dos-Oceanos-em-Tahaa-Bora-Bora-5-1024x576.jpg 1024w, https:\/\/vimagazine.com.br\/wp-content\/uploads\/2024\/10\/Voz-dos-Oceanos-em-Tahaa-Bora-Bora-5-768x432.jpg 768w, https:\/\/vimagazine.com.br\/wp-content\/uploads\/2024\/10\/Voz-dos-Oceanos-em-Tahaa-Bora-Bora-5-1536x864.jpg 1536w\" sizes=\"(max-width: 1920px) 100vw, 1920px\" \/><figcaption>default<\/figcaption><\/figure>\n<\/figure>\n\n\n\n<p><\/p>\n\n\n\n<p><strong>O qu\u00ea:<\/strong>&nbsp;Exposi\u00e7\u00e3o \u201cFam\u00edlia Schurmann &#8211; 40 anos ecoando a Voz dos Oceanos\u201d e inaugura\u00e7\u00e3o do quiosque da marca Alma Catarina<br><strong>Quando:<\/strong>&nbsp;A partir de 7 de outubro.<br>De segunda a s\u00e1bado das 11h \u00e0s 21h.<br>Domingos e feriados das 13h \u00e0s 20h.<br><strong>Onde:<\/strong>&nbsp;Alameda Norte do BravaMall. Rua Delfim M\u00e1rio de P\u00e1dua Peixoto, 500 &#8211; Praia Brava, Itaja\u00ed &#8211; SC, 88306-806<\/p>\n\n\n\n<p><\/p>\n\n\n\n<p><strong>Sobre o BravaMall<\/strong><\/p>\n\n\n\n<p>Entregue em 2019, o BravaMall \u00e9 um ambiente que traz o estilo de vida da famosa praia catarinense, a Brava, descolado e ao mesmo tempo sofisticado, com produtos e servi\u00e7os de alto padr\u00e3o incluindo gastronomia, eventos, moda e servi\u00e7os. A \u00e1rea comercial conta com espa\u00e7os que t\u00eam como enfoque o lar, beleza e bem-estar, moda feminina e infantil, literatura, supermercado, \u00e1rea pet, e tamb\u00e9m re\u00fane renomadas grifes de luxo, al\u00e9m de \u00e1rea gastron\u00f4mica com pratos autorais e restaurantes de alta gastronomia. O BravaMall \u00e9 assinado pela PROCAVE Investimentos e Incorpora\u00e7\u00f5es.<\/p>\n\n\n\n<p><\/p>\n\n\n\n<p><a href=\"https:\/\/www.bravamall.com.br\/\" target=\"_blank\" rel=\"noreferrer noopener\">https:\/\/www.bravamall.com.br\/<\/a>&nbsp;|&nbsp;<a href=\"https:\/\/www.instagram.com\/bravamall\/\" target=\"_blank\" rel=\"noreferrer noopener\">https:\/\/www.instagram.com\/bravamall\/<\/a><\/p>\n","protected":false},"excerpt":{"rendered":"<p>O BravaMall, na Praia Brava de Itaja\u00ed, ser\u00e1 palco para exposi\u00e7\u00e3o em homenagem aos 40&#8230;<\/p>\n","protected":false},"author":1,"featured_media":15991,"comment_status":"closed","ping_status":"open","sticky":false,"template":"","format":"standard","meta":{"om_disable_all_campaigns":false,"_monsterinsights_skip_tracking":false,"_monsterinsights_sitenote_active":false,"_monsterinsights_sitenote_note":"","_monsterinsights_sitenote_category":0,"spay_email":""},"categories":[26,1],"tags":[],"jetpack_featured_media_url":"https:\/\/vimagazine.com.br\/wp-content\/uploads\/2024\/10\/Veleiro-Kat-Divulgacao-Familia-Schurmann.jpg","_links":{"self":[{"href":"https:\/\/vimagazine.com.br\/index.php?rest_route=\/wp\/v2\/posts\/15982"}],"collection":[{"href":"https:\/\/vimagazine.com.br\/index.php?rest_route=\/wp\/v2\/posts"}],"about":[{"href":"https:\/\/vimagazine.com.br\/index.php?rest_route=\/wp\/v2\/types\/post"}],"author":[{"embeddable":true,"href":"https:\/\/vimagazine.com.br\/index.php?rest_route=\/wp\/v2\/users\/1"}],"replies":[{"embeddable":true,"href":"https:\/\/vimagazine.com.br\/index.php?rest_route=%2Fwp%2Fv2%2Fcomments&post=15982"}],"version-history":[{"count":2,"href":"https:\/\/vimagazine.com.br\/index.php?rest_route=\/wp\/v2\/posts\/15982\/revisions"}],"predecessor-version":[{"id":16000,"href":"https:\/\/vimagazine.com.br\/index.php?rest_route=\/wp\/v2\/posts\/15982\/revisions\/16000"}],"wp:featuredmedia":[{"embeddable":true,"href":"https:\/\/vimagazine.com.br\/index.php?rest_route=\/wp\/v2\/media\/15991"}],"wp:attachment":[{"href":"https:\/\/vimagazine.com.br\/index.php?rest_route=%2Fwp%2Fv2%2Fmedia&parent=15982"}],"wp:term":[{"taxonomy":"category","embeddable":true,"href":"https:\/\/vimagazine.com.br\/index.php?rest_route=%2Fwp%2Fv2%2Fcategories&post=15982"},{"taxonomy":"post_tag","embeddable":true,"href":"https:\/\/vimagazine.com.br\/index.php?rest_route=%2Fwp%2Fv2%2Ftags&post=15982"}],"curies":[{"name":"wp","href":"https:\/\/api.w.org\/{rel}","templated":true}]}}