{"id":16001,"date":"2024-10-03T09:43:05","date_gmt":"2024-10-03T12:43:05","guid":{"rendered":"https:\/\/vimagazine.com.br\/?p=16001"},"modified":"2024-10-03T09:43:08","modified_gmt":"2024-10-03T12:43:08","slug":"clube-mastermind-forum-das-americas-protagonistas-do-brasil-realizam-22-evento-em-sao-paulo","status":"publish","type":"post","link":"https:\/\/vimagazine.com.br\/?p=16001","title":{"rendered":"<strong>Clube MasterMind F\u00f3rum das Am\u00e9ricas &amp; Protagonistas do Brasil realizam 22\u00b0 evento em S\u00e3o Paulo<\/strong>"},"content":{"rendered":"\n<p>\u00a0\u00a0Tadeu Lockermann, CEO Protagonistas do Brasil ressaltou: \u201cTivemos uma palestra surpresa de Geraldo Rufino que foi ovacionada de p\u00e9. Na sequ\u00eancia tivemos um painel muito enriquecedor com a participa\u00e7\u00e3o de Walter Longo, Gustavo Cerbasi e Fl\u00e1vio Figueiredo, esse que trouxe o case da Lecar, que surge no cen\u00e1rio determinada a revolucionar a ind\u00fastria automobil\u00edstica brasileira\u201d.<\/p>\n\n\n\n<figure class=\"wp-block-image size-full\"><img width=\"800\" height=\"532\" src=\"https:\/\/vimagazine.com.br\/wp-content\/uploads\/2024\/10\/1.jpg\" alt=\"Clube MasterMind F\u00f3rum das Am\u00e9ricas &amp; Protagonistas do Brasil realizam 22\u00b0 evento em S\u00e3o Paulo\" class=\"wp-image-16003\" srcset=\"https:\/\/vimagazine.com.br\/wp-content\/uploads\/2024\/10\/1.jpg 800w, https:\/\/vimagazine.com.br\/wp-content\/uploads\/2024\/10\/1-300x200.jpg 300w, https:\/\/vimagazine.com.br\/wp-content\/uploads\/2024\/10\/1-768x511.jpg 768w\" sizes=\"(max-width: 800px) 100vw, 800px\" \/><\/figure>\n\n\n\n<p>&nbsp;&nbsp;De acordo com a avalia\u00e7\u00e3o de Lockermann, os eventos do Protagonistas do Brasil ficam mais s\u00f3lido e robusto a cada novo m\u00eas, e nesse sentido, v\u00e3o firmando o posicionamento do grupo no mercado, estando entre os grandes nomes de grupos de relacionamentos e neg\u00f3cios do pa\u00eds.<\/p>\n\n\n\n<p>O 22\u00ba Almo\u00e7o Empresarial do Clube Protagonistas do Brasil, realizado no dia 24 de setembro, \u00e0s 12h, em parceria com o Mastermind &amp; F\u00f3rum das Am\u00e9ricas, proporcionou uma oportunidade \u00edmpar para empres\u00e1rios e l\u00edderes fortalecerem suas redes de contato, compartilharem conhecimentos e discutirem as tend\u00eancias globais que moldam o futuro dos neg\u00f3cios no Brasil e no mundo. Este evento especial consolidou-se como um espa\u00e7o de inova\u00e7\u00e3o e troca de experi\u00eancias estrat\u00e9gicas, reunindo os principais protagonistas do cen\u00e1rio empresarial brasileiro.<\/p>\n\n\n\n<p>Nesta edi\u00e7\u00e3o, dois grandes nomes trouxeram vis\u00f5es inovadoras e experi\u00eancias transformadoras:<\/p>\n\n\n\n<ul><li><strong>Walter Longo<\/strong>&nbsp;\u2013 Reconhecido como um dos maiores especialistas em Inova\u00e7\u00e3o e Transforma\u00e7\u00e3o Digital do Brasil, Longo \u00e9 s\u00f3cio-diretor da Unimark Comunica\u00e7\u00e3o e ex-presidente do Grupo Abril. Sua trajet\u00f3ria inclui uma destacada participa\u00e7\u00e3o como conselheiro de Roberto Justus no reality show de neg\u00f3cios&nbsp;<strong>&#8220;O Aprendiz&#8221;<\/strong>, onde se evidenciou por suas an\u00e1lises estrat\u00e9gicas afiadas. Ao longo de sua carreira, Walter tem sido um defensor incans\u00e1vel da inova\u00e7\u00e3o, ajudando empresas a se adaptarem \u00e0s r\u00e1pidas mudan\u00e7as tecnol\u00f3gicas e a explorarem novas oportunidades de mercado.<\/li><li><strong>Gustavo Cerbasi<\/strong>&nbsp;\u2013 Mestre em Finan\u00e7as pela USP e formado em Administra\u00e7\u00e3o P\u00fablica pela FGV-SP, Cerbasi \u00e9 consultor, professor e autor de 16 livros, cujas vendas ultrapassam 3 milh\u00f5es de exemplares. Entre seus maiores sucessos est\u00e1 o best-seller&nbsp;<strong>\u201cCasais Inteligentes Enriquecem Juntos\u201d<\/strong>, que inspirou a trilogia cinematogr\u00e1fica&nbsp;<strong>\u201cAt\u00e9 que a Sorte nos Separe\u201d<\/strong>, a primeira grande franquia do cinema brasileiro. Cerbasi foi eleito pela Revista \u00c9poca como um dos 100 brasileiros mais influentes e, atualmente, \u00e9 s\u00f3cio da&nbsp;<strong>SuperRico Sa\u00fade Financeira<\/strong>, uma plataforma inovadora que oferece solu\u00e7\u00f5es de bem-estar financeiro com curadoria de planejadores profissionais.<\/li><\/ul>\n\n\n\n<p>Al\u00e9m das palestras inspiradoras, o evento tamb\u00e9m ofereceu um ambiente prop\u00edcio para&nbsp;<strong>networking<\/strong>, permitindo que empres\u00e1rios, l\u00edderes e empreendedores de diversos setores trocassem experi\u00eancias e criassem conex\u00f5es estrat\u00e9gicas. O&nbsp;<strong>Clube Protagonistas do Brasil<\/strong>&nbsp;e o&nbsp;<strong>Mastermind &amp; F\u00f3rum das Am\u00e9ricas<\/strong>&nbsp;t\u00eam como principal objetivo promover o desenvolvimento do protagonismo empresarial brasileiro, fomentando a inova\u00e7\u00e3o, o empreendedorismo e a capacidade de lideran\u00e7a em um cen\u00e1rio econ\u00f4mico cada vez mais desafiador e din\u00e2mico.<\/p>\n\n\n\n<p>\u201cContinuar em franca ascens\u00e3o, sempre sendo capaz de surpreender e superar as expectativas, agrupando em nossos ecossistemas pessoas de extrema relev\u00e2ncia na cena empresarial e pol\u00edtica brasileira, s\u00e3o as perspectivas que temos\u201d, finalizou Tadeu Lockermann.<\/p>\n","protected":false},"excerpt":{"rendered":"<p>\u00a0\u00a0Tadeu Lockermann, CEO Protagonistas do Brasil ressaltou: \u201cTivemos uma palestra surpresa de Geraldo Rufino que&#8230;<\/p>\n","protected":false},"author":2,"featured_media":16002,"comment_status":"closed","ping_status":"open","sticky":false,"template":"","format":"standard","meta":{"om_disable_all_campaigns":false,"_monsterinsights_skip_tracking":false,"_monsterinsights_sitenote_active":false,"_monsterinsights_sitenote_note":"","_monsterinsights_sitenote_category":0,"spay_email":""},"categories":[26,75],"tags":[949,883],"jetpack_featured_media_url":"https:\/\/vimagazine.com.br\/wp-content\/uploads\/2024\/10\/2.jpg","_links":{"self":[{"href":"https:\/\/vimagazine.com.br\/index.php?rest_route=\/wp\/v2\/posts\/16001"}],"collection":[{"href":"https:\/\/vimagazine.com.br\/index.php?rest_route=\/wp\/v2\/posts"}],"about":[{"href":"https:\/\/vimagazine.com.br\/index.php?rest_route=\/wp\/v2\/types\/post"}],"author":[{"embeddable":true,"href":"https:\/\/vimagazine.com.br\/index.php?rest_route=\/wp\/v2\/users\/2"}],"replies":[{"embeddable":true,"href":"https:\/\/vimagazine.com.br\/index.php?rest_route=%2Fwp%2Fv2%2Fcomments&post=16001"}],"version-history":[{"count":1,"href":"https:\/\/vimagazine.com.br\/index.php?rest_route=\/wp\/v2\/posts\/16001\/revisions"}],"predecessor-version":[{"id":16004,"href":"https:\/\/vimagazine.com.br\/index.php?rest_route=\/wp\/v2\/posts\/16001\/revisions\/16004"}],"wp:featuredmedia":[{"embeddable":true,"href":"https:\/\/vimagazine.com.br\/index.php?rest_route=\/wp\/v2\/media\/16002"}],"wp:attachment":[{"href":"https:\/\/vimagazine.com.br\/index.php?rest_route=%2Fwp%2Fv2%2Fmedia&parent=16001"}],"wp:term":[{"taxonomy":"category","embeddable":true,"href":"https:\/\/vimagazine.com.br\/index.php?rest_route=%2Fwp%2Fv2%2Fcategories&post=16001"},{"taxonomy":"post_tag","embeddable":true,"href":"https:\/\/vimagazine.com.br\/index.php?rest_route=%2Fwp%2Fv2%2Ftags&post=16001"}],"curies":[{"name":"wp","href":"https:\/\/api.w.org\/{rel}","templated":true}]}}