{"id":16019,"date":"2024-10-04T13:23:13","date_gmt":"2024-10-04T16:23:13","guid":{"rendered":"https:\/\/vimagazine.com.br\/?p=16019"},"modified":"2024-10-04T13:23:14","modified_gmt":"2024-10-04T16:23:14","slug":"empresa-joinvilense-anuncia-investimentos-de-r-30-milhoes-em-nova-sede-e-confirma-expansao-internacional","status":"publish","type":"post","link":"https:\/\/vimagazine.com.br\/?p=16019","title":{"rendered":"Empresa Joinvilense anuncia investimentos de R$ 30 milh\u00f5es em nova sede e confirma expans\u00e3o internacional"},"content":{"rendered":"\n<p><\/p>\n\n\n\n<p>A Novalogic, empresa refer\u00eancia em infraestrutura cr\u00edtica e data center no Brasil, com sede em Joinville (SC), anunciou um investimento significativo de R$ 30 milh\u00f5es na constru\u00e7\u00e3o de sua nova sede. Este movimento faz parte da estrat\u00e9gia do grupo para ampliar a atua\u00e7\u00e3o e fortalecer a presen\u00e7a no mercado internacional, com foco na Am\u00e9rica Latina e Am\u00e9rica do Norte.<\/p>\n\n\n\n<p>Com um hist\u00f3rico s\u00f3lido no setor e expertise comprovada, a Novalogic est\u00e1 em busca de novas oportunidades e parcerias estrat\u00e9gicas. A empresa est\u00e1 visitando universidades e governos locais de v\u00e1rios pa\u00edses, para o desenvolvimento de projetos inovadores em data centers, que ir\u00e3o impulsionar o avan\u00e7o tecnol\u00f3gico, digital e intelig\u00eancia artificial nesses mercados.<br>Os novos investimentos visam n\u00e3o apenas \u00e0 expans\u00e3o f\u00edsica, mas tamb\u00e9m \u00e0 implementa\u00e7\u00e3o de solu\u00e7\u00f5es que atendam \u00e0s demandas crescentes de transforma\u00e7\u00e3o digital e seguran\u00e7a de dados. A nova sede, que ser\u00e1 constru\u00edda em Joinville, deve iniciar as obras no primeiro semestre de 2025.<\/p>\n\n\n\n<p>&#8220;Nosso objetivo \u00e9 fornecer servi\u00e7os de alta qualidade e solu\u00e7\u00f5es inovadoras para um cen\u00e1rio global em r\u00e1pida evolu\u00e7\u00e3o, contribuindo para o desenvolvimento tecnol\u00f3gico no Brasil e no exterior,&#8221; afirma o CEO da Novalogic, Felippe Prates.<\/p>\n\n\n\n<figure class=\"wp-block-image aligncenter size-large\"><img width=\"547\" height=\"1024\" src=\"https:\/\/vimagazine.com.br\/wp-content\/uploads\/2024\/10\/Felippe-e-Larissa-Prates-547x1024.jpeg\" alt=\"\" class=\"wp-image-16020\" srcset=\"https:\/\/vimagazine.com.br\/wp-content\/uploads\/2024\/10\/Felippe-e-Larissa-Prates-547x1024.jpeg 547w, https:\/\/vimagazine.com.br\/wp-content\/uploads\/2024\/10\/Felippe-e-Larissa-Prates-160x300.jpeg 160w, https:\/\/vimagazine.com.br\/wp-content\/uploads\/2024\/10\/Felippe-e-Larissa-Prates-768x1439.jpeg 768w, https:\/\/vimagazine.com.br\/wp-content\/uploads\/2024\/10\/Felippe-e-Larissa-Prates-820x1536.jpeg 820w, https:\/\/vimagazine.com.br\/wp-content\/uploads\/2024\/10\/Felippe-e-Larissa-Prates-1024x1918.jpeg 1024w, https:\/\/vimagazine.com.br\/wp-content\/uploads\/2024\/10\/Felippe-e-Larissa-Prates.jpeg 1025w\" sizes=\"(max-width: 547px) 100vw, 547px\" \/><figcaption>Felippe e Larissa Prates, em Toronto, Ontario, Canad\u00e1<\/figcaption><\/figure>\n\n\n\n<p><\/p>\n\n\n\n<p>Felippe e Larissa Prates \u2013 gerente corporativa da Novalogic est\u00e3o em miss\u00e3o internacional visitando v\u00e1rios pa\u00edses, como Canad\u00e1, EUA, It\u00e1lia, \u00c1ustria e Rep\u00fablica Tcheca . A viagem deve durar cerca de 30 dias.<br>A iniciativa refor\u00e7a o compromisso da empresa em se consolidar cada vez mais no mercado internacional, contribuindo para o desenvolvimento de ecossistemas digitais.<\/p>\n\n\n\n<p><\/p>\n\n\n\n<p><strong>Sobre a Novalogic<\/strong><br>A Novalogic \u00e9 uma empresa brasileira de infraestrutura cr\u00edtica e data center, reconhecida por seu compromisso com inova\u00e7\u00e3o, qualidade e seguran\u00e7a em opera\u00e7\u00f5es digitais, contribuindo para o avan\u00e7o tecnol\u00f3gico no Brasil e, em breve, em mercados internacionais.<br>O grupo catarinense completa, neste ano, 18 anos de funda\u00e7\u00e3o.<br>Felippe Prates \u00e9 o presidente da Vertical Tecnologia do LIDE SC.<\/p>\n\n\n\n<p><\/p>\n\n\n\n<p><strong>Para mais informa\u00e7\u00f5es, entre em contato:<\/strong><br>Assessoria de Imprensa &#8211; Novalogic<br>Marcos A Pereira<br>(47) 9.9620.4161<\/p>\n\n\n\n<p class=\"has-small-font-size\">Creditos fotos: Divulga\u00e7\u00e3o<\/p>\n","protected":false},"excerpt":{"rendered":"<p>A Novalogic, empresa refer\u00eancia em infraestrutura cr\u00edtica e data center no Brasil, com sede em&#8230;<\/p>\n","protected":false},"author":1,"featured_media":16021,"comment_status":"closed","ping_status":"open","sticky":false,"template":"","format":"standard","meta":{"om_disable_all_campaigns":false,"_monsterinsights_skip_tracking":false,"_monsterinsights_sitenote_active":false,"_monsterinsights_sitenote_note":"","_monsterinsights_sitenote_category":0,"spay_email":""},"categories":[27,75,1],"tags":[87,953,951,893,950,952],"jetpack_featured_media_url":"https:\/\/vimagazine.com.br\/wp-content\/uploads\/2024\/10\/Novalogic.jpg","_links":{"self":[{"href":"https:\/\/vimagazine.com.br\/index.php?rest_route=\/wp\/v2\/posts\/16019"}],"collection":[{"href":"https:\/\/vimagazine.com.br\/index.php?rest_route=\/wp\/v2\/posts"}],"about":[{"href":"https:\/\/vimagazine.com.br\/index.php?rest_route=\/wp\/v2\/types\/post"}],"author":[{"embeddable":true,"href":"https:\/\/vimagazine.com.br\/index.php?rest_route=\/wp\/v2\/users\/1"}],"replies":[{"embeddable":true,"href":"https:\/\/vimagazine.com.br\/index.php?rest_route=%2Fwp%2Fv2%2Fcomments&post=16019"}],"version-history":[{"count":1,"href":"https:\/\/vimagazine.com.br\/index.php?rest_route=\/wp\/v2\/posts\/16019\/revisions"}],"predecessor-version":[{"id":16024,"href":"https:\/\/vimagazine.com.br\/index.php?rest_route=\/wp\/v2\/posts\/16019\/revisions\/16024"}],"wp:featuredmedia":[{"embeddable":true,"href":"https:\/\/vimagazine.com.br\/index.php?rest_route=\/wp\/v2\/media\/16021"}],"wp:attachment":[{"href":"https:\/\/vimagazine.com.br\/index.php?rest_route=%2Fwp%2Fv2%2Fmedia&parent=16019"}],"wp:term":[{"taxonomy":"category","embeddable":true,"href":"https:\/\/vimagazine.com.br\/index.php?rest_route=%2Fwp%2Fv2%2Fcategories&post=16019"},{"taxonomy":"post_tag","embeddable":true,"href":"https:\/\/vimagazine.com.br\/index.php?rest_route=%2Fwp%2Fv2%2Ftags&post=16019"}],"curies":[{"name":"wp","href":"https:\/\/api.w.org\/{rel}","templated":true}]}}