{"id":16033,"date":"2024-10-06T10:14:22","date_gmt":"2024-10-06T13:14:22","guid":{"rendered":"https:\/\/vimagazine.com.br\/?p=16033"},"modified":"2024-10-08T11:17:10","modified_gmt":"2024-10-08T14:17:10","slug":"na-vibe-com-giu-cota-o-empreendedorismo-de-fernando-e-a-nova-parceria-da-acai-da-barra-com-a-nestle-em-sao-miguel-paulista","status":"publish","type":"post","link":"https:\/\/vimagazine.com.br\/?p=16033","title":{"rendered":"Na Vibe com Giu Cota: O Empreendedorismo de Fernando e a Nova Parceria da A\u00e7a\u00ed da Barra com a Nestl\u00e9 em S\u00e3o Miguel Paulista!"},"content":{"rendered":"\n<figure class=\"wp-block-image size-large\"><img width=\"1024\" height=\"576\" src=\"https:\/\/vimagazine.com.br\/wp-content\/uploads\/2024\/10\/photo_2024-10-05_16-42-43-1024x576.jpg\" alt=\"\" class=\"wp-image-16034\" srcset=\"https:\/\/vimagazine.com.br\/wp-content\/uploads\/2024\/10\/photo_2024-10-05_16-42-43-1024x576.jpg 1024w, https:\/\/vimagazine.com.br\/wp-content\/uploads\/2024\/10\/photo_2024-10-05_16-42-43-300x169.jpg 300w, https:\/\/vimagazine.com.br\/wp-content\/uploads\/2024\/10\/photo_2024-10-05_16-42-43-768x432.jpg 768w, https:\/\/vimagazine.com.br\/wp-content\/uploads\/2024\/10\/photo_2024-10-05_16-42-43.jpg 1280w\" sizes=\"(max-width: 1024px) 100vw, 1024px\" \/><figcaption>Fernando <a href=\"https:\/\/www.instagram.com\/acaidabarrasaomiguel\/\" title=\"A\u00e7ai da Barra\">A\u00e7a\u00ed da Barra<\/a> <\/figcaption><\/figure>\n\n\n\n<p>Hoje quem entrou&nbsp; Na Vibe com <strong><a href=\"https:\/\/www.instagram.com\/giucota\/\" title=\"Giu Cota\">Giu Cota<\/a><\/strong>, foi o empres\u00e1rio <strong>Fernando<\/strong>, propriet\u00e1rio da unidade A\u00e7a\u00ed da Barra em S\u00e3o Miguel Paulista, que compartilhou grandes novidades sobre o futuro da sua franquia. Al\u00e9m dos desafios e o sucesso que ele tem alcan\u00e7ado, Fernando revelou uma not\u00edcia de peso que promete elevar ainda mais o patamar do A\u00e7a\u00ed da Barra na regi\u00e3o.<\/p>\n\n\n\n<p><strong>Giu Cota:<\/strong> Fernando, o que te motivou a investir no A\u00e7a\u00ed da Barra e se tornar propriet\u00e1rio da unidade de S\u00e3o Miguel Paulista?<\/p>\n\n\n\n<p><strong>Fernando:<\/strong> &#8220;Sempre acreditei no potencial do a\u00e7a\u00ed como um produto saud\u00e1vel e vers\u00e1til, capaz de agradar diferentes p\u00fablicos. Quando vi o crescimento da rede A\u00e7a\u00ed da Barra, percebi que era o momento certo de trazer esse sucesso para S\u00e3o Miguel Paulista.&#8221;<\/p>\n\n\n\n<p><strong>Giu Cota<\/strong>: Quais foram os maiores desafios que voc\u00ea enfrentou como propriet\u00e1rio de uma franquia?<\/p>\n\n\n\n<p><strong>Fernando:<\/strong> &#8220;Os desafios sempre aparecem, principalmente no in\u00edcio, com a adapta\u00e7\u00e3o \u00e0s necessidades dos clientes locais e a manuten\u00e7\u00e3o do padr\u00e3o de qualidade da franquia. Mas, com muito empenho e dedica\u00e7\u00e3o da equipe, conseguimos superar tudo e garantir um servi\u00e7o excelente.&#8221;<\/p>\n\n\n\n<p><strong>Giu Cota<\/strong>: E agora, falando em novidades, ouvi dizer que a A\u00e7a\u00ed da Barra est\u00e1 entrando em uma nova parceria. Pode nos contar mais sobre isso?<\/p>\n\n\n\n<figure class=\"wp-container-2 wp-block-gallery-1 wp-block-gallery has-nested-images columns-default is-cropped\">\n<figure class=\"wp-block-image size-large\"><img width=\"1280\" height=\"720\" data-id=\"16035\"  src=\"https:\/\/vimagazine.com.br\/wp-content\/uploads\/2024\/10\/photo_2024-10-05_16-42-59.jpg\" alt=\"\" class=\"wp-image-16035\" srcset=\"https:\/\/vimagazine.com.br\/wp-content\/uploads\/2024\/10\/photo_2024-10-05_16-42-59.jpg 1280w, https:\/\/vimagazine.com.br\/wp-content\/uploads\/2024\/10\/photo_2024-10-05_16-42-59-300x169.jpg 300w, https:\/\/vimagazine.com.br\/wp-content\/uploads\/2024\/10\/photo_2024-10-05_16-42-59-1024x576.jpg 1024w, https:\/\/vimagazine.com.br\/wp-content\/uploads\/2024\/10\/photo_2024-10-05_16-42-59-768x432.jpg 768w\" sizes=\"(max-width: 1280px) 100vw, 1280px\" \/><figcaption>Giu e Fernando<\/figcaption><\/figure>\n\n\n\n<figure class=\"wp-block-image size-large\"><img width=\"1280\" height=\"720\" data-id=\"16036\"  src=\"https:\/\/vimagazine.com.br\/wp-content\/uploads\/2024\/10\/photo_2024-10-05_16-44-57.jpg\" alt=\"\" class=\"wp-image-16036\" srcset=\"https:\/\/vimagazine.com.br\/wp-content\/uploads\/2024\/10\/photo_2024-10-05_16-44-57.jpg 1280w, https:\/\/vimagazine.com.br\/wp-content\/uploads\/2024\/10\/photo_2024-10-05_16-44-57-300x169.jpg 300w, https:\/\/vimagazine.com.br\/wp-content\/uploads\/2024\/10\/photo_2024-10-05_16-44-57-1024x576.jpg 1024w, https:\/\/vimagazine.com.br\/wp-content\/uploads\/2024\/10\/photo_2024-10-05_16-44-57-768x432.jpg 768w\" sizes=\"(max-width: 1280px) 100vw, 1280px\" \/><figcaption>Fernado e Giu<\/figcaption><\/figure>\n<\/figure>\n\n\n\n<p><strong>Fernando<\/strong>: &#8220;Sim, a partir do dia 29 de outubro, estou muito feliz em anunciar que a A\u00e7a\u00ed da Barra fechou uma parceria exclusiva com a <strong>Nestl\u00e9<\/strong>. A partir de agora, os nossos clientes ter\u00e3o acesso a produtos da Nestl\u00e9 no nosso card\u00e1pio, o que inclui coberturas, chocolates e outros itens que v\u00e3o complementar ainda mais o nosso a\u00e7a\u00ed. Essa parceria veio para agregar ainda mais valor e qualidade ao que j\u00e1 oferecemos al\u00e9m de trazer mais op\u00e7\u00f5es para o p\u00fablico e nas compras acima de 400gr mais R$4,90 voc\u00ea ganha um lindo copo colecion\u00e1vel.&#8221;<\/p>\n\n\n\n<p><strong>Giu Cota:<\/strong> O mercado de a\u00e7a\u00ed est\u00e1 em constante expans\u00e3o. Na sua vis\u00e3o, o que est\u00e1 impulsionando esse crescimento?<\/p>\n\n\n\n<p><strong>Fernando:<\/strong> &#8220;Com certeza, o apelo saud\u00e1vel do a\u00e7a\u00ed \u00e9 um grande diferencial. As pessoas querem op\u00e7\u00f5es mais nutritivas e gostosas, e o a\u00e7a\u00ed consegue atender bem essa demanda. Com a parceria com a Nestl\u00e9, vamos poder oferecer uma experi\u00eancia ainda mais completa, com combina\u00e7\u00f5es que unem sa\u00fade e sabor, sem perder a qualidade.&#8221;<\/p>\n\n\n\n<p><strong>Giu Cota:<\/strong> E como voc\u00ea v\u00ea o futuro da A\u00e7a\u00ed da Barra em S\u00e3o Miguel Paulista e no Brasil?<\/p>\n\n\n\n<p><strong>Fernando:<\/strong> &#8220;Com essa nova parceria e o trabalho cont\u00ednuo da nossa equipe, o futuro \u00e9 extremamente promissor. Estamos sempre buscando inova\u00e7\u00f5es para melhorar a experi\u00eancia dos nossos clientes. Acredito que essa parceria com a Nestl\u00e9 vai abrir muitas portas, n\u00e3o s\u00f3 para S\u00e3o Miguel Paulista, mas para toda a rede no Brasil.&#8221;<\/p>\n\n\n\n<p>A entrevista com <strong>Fernando<\/strong> trouxe \u00e0 tona uma das maiores novidades do mercado de a\u00e7a\u00ed. A A\u00e7a\u00ed da Barra de S\u00e3o Miguel Paulista agora conta com a for\u00e7a e a qualidade dos produtos Nestl\u00e9, agregando ainda mais valor \u00e0 franquia. Essa colabora\u00e7\u00e3o, que come\u00e7a a partir de hoje, promete oferecer uma experi\u00eancia \u00fanica aos clientes, unindo o sabor do a\u00e7a\u00ed com os produtos premium da Nestl\u00e9. N\u00e3o perca essa novidade que j\u00e1 est\u00e1 dispon\u00edvel!<\/p>\n\n\n\n<p>Giu Veste: <strong><em><a href=\"https:\/\/www.instagram.com\/camila.donaencrenca\/\" title=\"Dona Encrenca\">Dona Encrenca<\/a><\/em><\/strong><\/p>\n\n\n\n<p>Acompanhe sempre a minha coluna #NaVibeComGiuCota &nbsp;na&nbsp;#ViMagazine&nbsp;para mais conte\u00fados exclusivos! para dicas exclusivas e entrevistas que fazem a diferen\u00e7a na sua vida!<\/p>\n\n\n\n<p>#GiuCota #Podcast #PodCota #RobertoAssessor<br>#A\u00e7a\u00eddaBarra #Nestl\u00e9 #S\u00e3oMiguelPaulista #FranquiaDeSucesso&nbsp; #A\u00e7a\u00edComNestl\u00e9 #Empreendedorismo #CrescimentoNoMercado #Novidades #NaFamaComGiuCota #NaVibeComGiuCota<\/p>\n\n\n\n<p>Contato Assessoria Giu Cota:<br>Roberto Rodrigues<\/p>\n\n\n\n<p><strong>Giu Cota<br>Colunista Vi Magazine<br>\u201cNa Vibe com Giu Cota\u201d<\/strong><\/p>\n","protected":false},"excerpt":{"rendered":"<p>Hoje quem entrou&nbsp; Na Vibe com Giu Cota, foi o empres\u00e1rio Fernando, propriet\u00e1rio da unidade&#8230;<\/p>\n","protected":false},"author":37,"featured_media":0,"comment_status":"closed","ping_status":"open","sticky":false,"template":"","format":"standard","meta":{"om_disable_all_campaigns":false,"_monsterinsights_skip_tracking":false,"_monsterinsights_sitenote_active":false,"_monsterinsights_sitenote_note":"","_monsterinsights_sitenote_category":0,"spay_email":""},"categories":[1],"tags":[954,925,955,926],"jetpack_featured_media_url":"","_links":{"self":[{"href":"https:\/\/vimagazine.com.br\/index.php?rest_route=\/wp\/v2\/posts\/16033"}],"collection":[{"href":"https:\/\/vimagazine.com.br\/index.php?rest_route=\/wp\/v2\/posts"}],"about":[{"href":"https:\/\/vimagazine.com.br\/index.php?rest_route=\/wp\/v2\/types\/post"}],"author":[{"embeddable":true,"href":"https:\/\/vimagazine.com.br\/index.php?rest_route=\/wp\/v2\/users\/37"}],"replies":[{"embeddable":true,"href":"https:\/\/vimagazine.com.br\/index.php?rest_route=%2Fwp%2Fv2%2Fcomments&post=16033"}],"version-history":[{"count":4,"href":"https:\/\/vimagazine.com.br\/index.php?rest_route=\/wp\/v2\/posts\/16033\/revisions"}],"predecessor-version":[{"id":16049,"href":"https:\/\/vimagazine.com.br\/index.php?rest_route=\/wp\/v2\/posts\/16033\/revisions\/16049"}],"wp:attachment":[{"href":"https:\/\/vimagazine.com.br\/index.php?rest_route=%2Fwp%2Fv2%2Fmedia&parent=16033"}],"wp:term":[{"taxonomy":"category","embeddable":true,"href":"https:\/\/vimagazine.com.br\/index.php?rest_route=%2Fwp%2Fv2%2Fcategories&post=16033"},{"taxonomy":"post_tag","embeddable":true,"href":"https:\/\/vimagazine.com.br\/index.php?rest_route=%2Fwp%2Fv2%2Ftags&post=16033"}],"curies":[{"name":"wp","href":"https:\/\/api.w.org\/{rel}","templated":true}]}}