{"id":16043,"date":"2024-10-07T15:03:42","date_gmt":"2024-10-07T18:03:42","guid":{"rendered":"https:\/\/vimagazine.com.br\/?p=16043"},"modified":"2024-10-08T13:49:02","modified_gmt":"2024-10-08T16:49:02","slug":"dia-das-criancas-joinville-rock-legends-reune-familias-com-muito-rock-gastronomia-e-diversao-gratuita","status":"publish","type":"post","link":"https:\/\/vimagazine.com.br\/?p=16043","title":{"rendered":"Dia das Crian\u00e7as: Joinville Rock Legends re\u00fane fam\u00edlias com muito rock, gastronomia e divers\u00e3o gratuita"},"content":{"rendered":"<figure class=\"wp-block-post-featured-image\"><img width=\"1731\" height=\"1154\" src=\"https:\/\/vimagazine.com.br\/wp-content\/uploads\/2024\/10\/0363.jpg\" class=\"attachment-post-thumbnail size-post-thumbnail wp-post-image\" alt=\"Dia das Crian\u00e7as: Joinville Rock Legends re\u00fane fam\u00edlias com muito rock, gastronomia e divers\u00e3o gratuita\" loading=\"lazy\" srcset=\"https:\/\/vimagazine.com.br\/wp-content\/uploads\/2024\/10\/0363.jpg 1731w, https:\/\/vimagazine.com.br\/wp-content\/uploads\/2024\/10\/0363-300x200.jpg 300w, https:\/\/vimagazine.com.br\/wp-content\/uploads\/2024\/10\/0363-1024x683.jpg 1024w, https:\/\/vimagazine.com.br\/wp-content\/uploads\/2024\/10\/0363-768x512.jpg 768w, https:\/\/vimagazine.com.br\/wp-content\/uploads\/2024\/10\/0363-1536x1024.jpg 1536w\" sizes=\"(max-width: 1731px) 100vw, 1731px\" decoding=\"async\" \/><\/figure>\n\n<p><em>No dia 12 de outubro, o evento promete agitar a Rua Hermann Lepper com shows de bandas cover, gastronomia e uma \u00e1rea kids especial em celebra\u00e7\u00e3o aos pequenos<\/em><\/p>\n<p><!-- \/wp:paragraph --><!-- wp:paragraph --><\/p>\n<p>Joinville ser\u00e1 palco de mais uma edi\u00e7\u00e3o do festival Joinville Rock Legends, evento que traz o melhor do rock mundial para a Rua Hermann Lepper, das 11h \u00e0s 22h. A entrada \u00e9 gratuita, e o festival conta com uma programa\u00e7\u00e3o diversificada, que inclui shows de bandas cover, uma \u00e1rea kids ampliada para o Dia das Crian\u00e7as, al\u00e9m de gastronomia variada e cervejas artesanais.<\/p>\n<p><!-- \/wp:paragraph --><!-- wp:paragraph --><\/p>\n<p>De acordo com o organizador, Kleiton Hames, o festival surgiu da ideia de \u201ccriar um evento que celebrasse o melhor do rock mundial por meio de bandas cover de alta qualidade, oferecendo uma experi\u00eancia completa para as fam\u00edlias, com boa m\u00fasica, gastronomia e cervejas artesanais.\u201d A proposta \u00e9 atrair n\u00e3o apenas os amantes do rock, mas tamb\u00e9m fam\u00edlias em busca de divers\u00e3o e lazer em um ambiente seguro e acess\u00edvel.<\/p>\n<p><!-- \/wp:paragraph --><!-- wp:paragraph --><\/p>\n<p>Este ano, o evento conta com a participa\u00e7\u00e3o de 18 cervejarias e 14 food trucks, cuidadosamente selecionados para garantir uma ampla diversidade de op\u00e7\u00f5es gastron\u00f4micas e de bebidas. \u201cBuscamos cervejarias que tragam estilos variados e food trucks com pratos que v\u00e3o dos cl\u00e1ssicos aos mais inovadores\u201d, destacou Hames.<\/p>\n<p><!-- \/wp:paragraph --><!-- wp:paragraph --><\/p>\n<p>A programa\u00e7\u00e3o musical inclui cinco bandas cover, com performances de Pearl Jam, Oasis, Beatles, Queen e Linkin Park. Um dos destaques \u00e9 a banda cover dos Beatles, considerada a melhor do Brasil, que promete encantar o p\u00fablico com sua fidelidade \u00e0s performances originais. Segundo o organizador, a escolha das bandas foi baseada na qualidade e autenticidade de suas apresenta\u00e7\u00f5es. \u201cQueremos que as pessoas sintam a energia dos grandes \u00edcones do rock no palco.\u201d<\/p>\n<p><!-- \/wp:paragraph --><!-- wp:paragraph --><\/p>\n<p>Uma das principais novidades desta edi\u00e7\u00e3o \u00e9 a amplia\u00e7\u00e3o da \u00e1rea kids, criada especialmente para comemorar o Dia das Crian\u00e7as. As fam\u00edlias ter\u00e3o \u00e0 disposi\u00e7\u00e3o um espa\u00e7o monitorado, com brinquedos infl\u00e1veis e diversas atividades interativas para os pequenos, garantindo divers\u00e3o para as crian\u00e7as enquanto os pais aproveitam o festival. Hames refor\u00e7a que \u201ca seguran\u00e7a \u00e9 uma prioridade, e teremos monitores preparados para acompanhar as crian\u00e7as e garantir que estejam em um ambiente seguro.\u201d<\/p>\n<p><!-- \/wp:paragraph --><!-- wp:paragraph --><\/p>\n<p>O Joinville Rock Legends \u00e9 um evento pensado para agradar todas as idades, com m\u00fasica, comida, cerveja artesanal e um ambiente familiar. A programa\u00e7\u00e3o completa inclui, al\u00e9m das bandas cover, um DJ que inicia as atividades \u00e0s 11h. Mais informa\u00e7\u00f5es: www.festivalcraftbeer.com.br\/rockjoinville<\/p>\n<p><!-- \/wp:paragraph --><!-- wp:paragraph --><\/p>\n<p><strong>Programa\u00e7\u00e3o:<\/strong><\/p>\n<p><!-- \/wp:paragraph --><!-- wp:paragraph --><\/p>\n<p>&#8211; 11h &#8211; DJ<\/p>\n<p><!-- \/wp:paragraph --><!-- wp:paragraph --><\/p>\n<p>&#8211; 12h30 &#8211; Pearl Jam cover<\/p>\n<p><!-- \/wp:paragraph --><!-- wp:paragraph --><\/p>\n<p>&#8211; 14h30 &#8211; Oasis cover<\/p>\n<p><!-- \/wp:paragraph --><!-- wp:paragraph --><\/p>\n<p>&#8211; 16h30 &#8211; Beatles cover<\/p>\n<p><!-- \/wp:paragraph --><!-- wp:paragraph --><\/p>\n<p>&#8211; 18h30 &#8211; Queen cover<\/p>\n<p><!-- \/wp:paragraph --><!-- wp:paragraph --><\/p>\n<p>&#8211; 20h30 &#8211; Linkin Park cover<\/p>\n<p><!-- \/wp:paragraph --><!-- wp:paragraph --><\/p>\n<p><strong>Servi\u00e7o<\/strong>:<\/p>\n<p><!-- \/wp:paragraph --><!-- wp:paragraph --><\/p>\n<p>&#8211; <strong>Evento<\/strong>: Joinville Rock Legends<\/p>\n<p><!-- \/wp:paragraph --><!-- wp:paragraph --><\/p>\n<p>&#8211; <strong>Data<\/strong>: 12 de outubro (s\u00e1bado)<\/p>\n<p><!-- \/wp:paragraph --><!-- wp:paragraph --><\/p>\n<p>&#8211; <strong>Hor\u00e1rio<\/strong>: das 11h \u00e0s 22h<\/p>\n<p><!-- \/wp:paragraph --><!-- wp:paragraph --><\/p>\n<p>&#8211; <strong>Local<\/strong>: Rua Hermann Lepper (Rua do Lazer), em Joinville<\/p>\n<p><!-- \/wp:paragraph --><!-- wp:paragraph --><\/p>\n<p>&#8211; <strong>Entrada<\/strong>: gratuita<\/p>\n<p><!-- \/wp:paragraph --><!-- wp:paragraph --><\/p>\n<p>&#8211; <strong>Classifica\u00e7\u00e3o<\/strong>: livre<\/p>\n<p><!-- \/wp:paragraph --><!-- wp:paragraph --><\/p>\n<p><strong>&#8211; Redes Sociais:<\/strong> @partiurocklegends<\/p>\n\n<!-- wp:post-featured-image \/-->\n\n<!-- wp:post-featured-image \/-->\n\n<!-- wp:post-featured-image \/-->\n\n<!-- wp:post-featured-image \/-->\n\n<!-- wp:post-featured-image \/-->","protected":false},"excerpt":{"rendered":"<p>No dia 12 de outubro, o evento promete agitar a Rua Hermann Lepper com shows&#8230;<\/p>\n","protected":false},"author":20,"featured_media":16044,"comment_status":"closed","ping_status":"open","sticky":false,"template":"","format":"standard","meta":{"om_disable_all_campaigns":false,"_monsterinsights_skip_tracking":false,"_monsterinsights_sitenote_active":false,"_monsterinsights_sitenote_note":"","_monsterinsights_sitenote_category":0,"spay_email":""},"categories":[1],"tags":[],"jetpack_featured_media_url":"https:\/\/vimagazine.com.br\/wp-content\/uploads\/2024\/10\/0363.jpg","_links":{"self":[{"href":"https:\/\/vimagazine.com.br\/index.php?rest_route=\/wp\/v2\/posts\/16043"}],"collection":[{"href":"https:\/\/vimagazine.com.br\/index.php?rest_route=\/wp\/v2\/posts"}],"about":[{"href":"https:\/\/vimagazine.com.br\/index.php?rest_route=\/wp\/v2\/types\/post"}],"author":[{"embeddable":true,"href":"https:\/\/vimagazine.com.br\/index.php?rest_route=\/wp\/v2\/users\/20"}],"replies":[{"embeddable":true,"href":"https:\/\/vimagazine.com.br\/index.php?rest_route=%2Fwp%2Fv2%2Fcomments&post=16043"}],"version-history":[{"count":3,"href":"https:\/\/vimagazine.com.br\/index.php?rest_route=\/wp\/v2\/posts\/16043\/revisions"}],"predecessor-version":[{"id":16054,"href":"https:\/\/vimagazine.com.br\/index.php?rest_route=\/wp\/v2\/posts\/16043\/revisions\/16054"}],"wp:featuredmedia":[{"embeddable":true,"href":"https:\/\/vimagazine.com.br\/index.php?rest_route=\/wp\/v2\/media\/16044"}],"wp:attachment":[{"href":"https:\/\/vimagazine.com.br\/index.php?rest_route=%2Fwp%2Fv2%2Fmedia&parent=16043"}],"wp:term":[{"taxonomy":"category","embeddable":true,"href":"https:\/\/vimagazine.com.br\/index.php?rest_route=%2Fwp%2Fv2%2Fcategories&post=16043"},{"taxonomy":"post_tag","embeddable":true,"href":"https:\/\/vimagazine.com.br\/index.php?rest_route=%2Fwp%2Fv2%2Ftags&post=16043"}],"curies":[{"name":"wp","href":"https:\/\/api.w.org\/{rel}","templated":true}]}}