{"id":16055,"date":"2024-10-08T14:00:06","date_gmt":"2024-10-08T17:00:06","guid":{"rendered":"https:\/\/vimagazine.com.br\/?p=16055"},"modified":"2024-10-08T14:00:07","modified_gmt":"2024-10-08T17:00:07","slug":"primavera-verao-2025-veja-seis-tendencias-de-sandalias-para-a-temporada","status":"publish","type":"post","link":"https:\/\/vimagazine.com.br\/?p=16055","title":{"rendered":"Primavera\/ver\u00e3o 2025: veja seis tend\u00eancias de sand\u00e1lias para a temporada"},"content":{"rendered":"\n<p><\/p>\n\n\n\n<p>Com o aumento das temperaturas e a chegada da primavera, as sand\u00e1lias, cal\u00e7ados caracter\u00edsticos da esta\u00e7\u00e3o, entram em cena para complementar os looks e produ\u00e7\u00f5es, proporcionando frescor e conforto nos dias quentes.<\/p>\n\n\n\n<p>&#8220;Sejam de salto ou n\u00e3o, sand\u00e1lias s\u00e3o uma forma pr\u00e1tica de elevar as produ\u00e7\u00f5es. Nos pr\u00f3ximos meses, pe\u00e7as com materiais naturais, tons neutros e terrosos, plataformas e brilhos s\u00e3o as grandes apostas&#8221;, explica Nayane Moitinho, Diretora Criativa da Sonho dos P\u00e9s.<\/p>\n\n\n\n<p>Veja os principais modelos para voc\u00ea investir na pr\u00f3xima temporada: &nbsp;<\/p>\n\n\n\n<p><\/p>\n\n\n\n<p><strong>Sand\u00e1lias com plataforma<\/strong><\/p>\n\n\n\n<p>As sand\u00e1lias com plataformas s\u00e3o uma das op\u00e7\u00f5es de ver\u00e3o favoritas entre as fashionistas, permitindo a sinergia perfeita entre o estilo e o conforto e compondo looks que v\u00e3o do dia at\u00e9 a noite. Nesta esta\u00e7\u00e3o, aparecem em op\u00e7\u00f5es texturizadas, al\u00e9m das cl\u00e1ssicas lisas.<\/p>\n\n\n\n<p><\/p>\n\n\n\n<p><\/p>\n\n\n\n<figure class=\"wp-container-2 wp-block-gallery-1 wp-block-gallery has-nested-images columns-default is-cropped\">\n<figure class=\"wp-block-image size-large\"><img width=\"480\" height=\"600\" data-id=\"16056\"  src=\"https:\/\/vimagazine.com.br\/wp-content\/uploads\/2024\/10\/49ae4fff-43cd-408d-a917-fdc3ad8159c6.jpg\" alt=\"\" class=\"wp-image-16056\" srcset=\"https:\/\/vimagazine.com.br\/wp-content\/uploads\/2024\/10\/49ae4fff-43cd-408d-a917-fdc3ad8159c6.jpg 480w, https:\/\/vimagazine.com.br\/wp-content\/uploads\/2024\/10\/49ae4fff-43cd-408d-a917-fdc3ad8159c6-240x300.jpg 240w\" sizes=\"(max-width: 480px) 100vw, 480px\" \/><\/figure>\n\n\n\n<figure class=\"wp-block-image size-large\"><img width=\"480\" height=\"600\" data-id=\"16057\"  src=\"https:\/\/vimagazine.com.br\/wp-content\/uploads\/2024\/10\/c38b1758-bbd2-4874-8f4f-88bb36761faa.jpg\" alt=\"\" class=\"wp-image-16057\" srcset=\"https:\/\/vimagazine.com.br\/wp-content\/uploads\/2024\/10\/c38b1758-bbd2-4874-8f4f-88bb36761faa.jpg 480w, https:\/\/vimagazine.com.br\/wp-content\/uploads\/2024\/10\/c38b1758-bbd2-4874-8f4f-88bb36761faa-240x300.jpg 240w\" sizes=\"(max-width: 480px) 100vw, 480px\" \/><\/figure>\n<\/figure>\n\n\n\n<p><\/p>\n\n\n\n<p><strong>Os detalhes fazem toda a diferen\u00e7a<\/strong><\/p>\n\n\n\n<p>Para aqueles que desejam usar o cal\u00e7ado como destaque da produ\u00e7\u00e3o, apostar nos detalhes \u00e9 essencial, e eles podem aparecer de maneiras inusitadas com diferentes varia\u00e7\u00f5es. Para a primavera\/ver\u00e3o 2025, elementos como tran\u00e7as, tachas e brilho receber\u00e3o grande destaque.<\/p>\n\n\n\n<p><\/p>\n\n\n\n<p><\/p>\n\n\n\n<figure class=\"wp-container-4 wp-block-gallery-3 wp-block-gallery has-nested-images columns-default is-cropped\">\n<figure class=\"wp-block-image size-large\"><img width=\"399\" height=\"600\" data-id=\"16058\"  src=\"https:\/\/vimagazine.com.br\/wp-content\/uploads\/2024\/10\/cbb832f1-7c3a-440c-b0e1-217f4113bad9.jpg\" alt=\"\" class=\"wp-image-16058\" srcset=\"https:\/\/vimagazine.com.br\/wp-content\/uploads\/2024\/10\/cbb832f1-7c3a-440c-b0e1-217f4113bad9.jpg 399w, https:\/\/vimagazine.com.br\/wp-content\/uploads\/2024\/10\/cbb832f1-7c3a-440c-b0e1-217f4113bad9-200x300.jpg 200w\" sizes=\"(max-width: 399px) 100vw, 399px\" \/><\/figure>\n\n\n\n<figure class=\"wp-block-image size-large\"><img width=\"480\" height=\"600\" data-id=\"16059\"  src=\"https:\/\/vimagazine.com.br\/wp-content\/uploads\/2024\/10\/4caca89d-c2dd-4183-995e-fbcbb5b566f7.jpg\" alt=\"\" class=\"wp-image-16059\" srcset=\"https:\/\/vimagazine.com.br\/wp-content\/uploads\/2024\/10\/4caca89d-c2dd-4183-995e-fbcbb5b566f7.jpg 480w, https:\/\/vimagazine.com.br\/wp-content\/uploads\/2024\/10\/4caca89d-c2dd-4183-995e-fbcbb5b566f7-240x300.jpg 240w\" sizes=\"(max-width: 480px) 100vw, 480px\" \/><\/figure>\n<\/figure>\n\n\n\n<p><\/p>\n\n\n\n<p><\/p>\n\n\n\n<p><strong>Chinelos de dedo<\/strong><\/p>\n\n\n\n<p>Conforto em primeiro lugar! A tend\u00eancia de incorporar chinelos em produ\u00e7\u00f5es esportivas e at\u00e9 mesmo com cal\u00e7as de alfaiataria ganhou muito destaque durante a \u00faltima temporada de moda. Para aderir sem deixar de lado a eleg\u00e2ncia e sofistica\u00e7\u00e3o, invista em modelos de chinelos com tiras delicadas e acabamento em couro ou brilho.\u00a0<\/p>\n\n\n\n<p><\/p>\n\n\n\n<figure class=\"wp-block-image size-full\"><img width=\"400\" height=\"600\" src=\"https:\/\/vimagazine.com.br\/wp-content\/uploads\/2024\/10\/32628516-918f-4fcf-8e79-1c0c5c4e7759.jpg\" alt=\"\" class=\"wp-image-16060\" srcset=\"https:\/\/vimagazine.com.br\/wp-content\/uploads\/2024\/10\/32628516-918f-4fcf-8e79-1c0c5c4e7759.jpg 400w, https:\/\/vimagazine.com.br\/wp-content\/uploads\/2024\/10\/32628516-918f-4fcf-8e79-1c0c5c4e7759-200x300.jpg 200w\" sizes=\"(max-width: 400px) 100vw, 400px\" \/><\/figure>\n\n\n\n<p><\/p>\n\n\n\n<p><strong>Tons terrosos<\/strong><\/p>\n\n\n\n<p>Queridinhas dos dias quentes, as rasteirinhas s\u00e3o as estrelas de temporadas de calor intenso, j\u00e1 que proporcionam frescor e transitam muito bem em diferentes looks e produ\u00e7\u00f5es. Para esta esta\u00e7\u00e3o, se jogue nos modelos em tons terrosos como o marrom, cor tend\u00eancia da esta\u00e7\u00e3o.<\/p>\n\n\n\n<p><\/p>\n\n\n\n<p><\/p>\n\n\n\n<figure class=\"wp-container-6 wp-block-gallery-5 wp-block-gallery has-nested-images columns-default is-cropped\">\n<figure class=\"wp-block-image size-large\"><img width=\"399\" height=\"600\" data-id=\"16061\"  src=\"https:\/\/vimagazine.com.br\/wp-content\/uploads\/2024\/10\/65356ec6-bcb4-48b6-b64d-aa9535f0c01d.jpg\" alt=\"\" class=\"wp-image-16061\" srcset=\"https:\/\/vimagazine.com.br\/wp-content\/uploads\/2024\/10\/65356ec6-bcb4-48b6-b64d-aa9535f0c01d.jpg 399w, https:\/\/vimagazine.com.br\/wp-content\/uploads\/2024\/10\/65356ec6-bcb4-48b6-b64d-aa9535f0c01d-200x300.jpg 200w\" sizes=\"(max-width: 399px) 100vw, 399px\" \/><\/figure>\n\n\n\n<figure class=\"wp-block-image size-large\"><img width=\"480\" height=\"600\" data-id=\"16062\"  src=\"https:\/\/vimagazine.com.br\/wp-content\/uploads\/2024\/10\/4fd972f0-38c9-45df-9695-5ac00929c7e9.jpg\" alt=\"\" class=\"wp-image-16062\" srcset=\"https:\/\/vimagazine.com.br\/wp-content\/uploads\/2024\/10\/4fd972f0-38c9-45df-9695-5ac00929c7e9.jpg 480w, https:\/\/vimagazine.com.br\/wp-content\/uploads\/2024\/10\/4fd972f0-38c9-45df-9695-5ac00929c7e9-240x300.jpg 240w\" sizes=\"(max-width: 480px) 100vw, 480px\" \/><\/figure>\n<\/figure>\n\n\n\n<p><\/p>\n\n\n\n<p><\/p>\n\n\n\n<p><strong>Papetes<\/strong><\/p>\n\n\n\n<p>Se algum dia as papetes foram consideradas fora de moda, pode esquecer! Elas ganham uma repaginada e aparecem em modelos estilosos com detalhes e brilhos. Uma varia\u00e7\u00e3o queridinha \u00e9 o modelo que leva uma plataforma reta ao longo do cal\u00e7ado, proporcionando um pouco mais de altura sem perder o conforto.<\/p>\n\n\n\n<p><\/p>\n\n\n\n<figure class=\"wp-container-8 wp-block-gallery-7 wp-block-gallery has-nested-images columns-default is-cropped\">\n<figure class=\"wp-block-image size-large\"><img width=\"600\" height=\"600\" data-id=\"16063\"  src=\"https:\/\/vimagazine.com.br\/wp-content\/uploads\/2024\/10\/8221ab34-f8b1-4031-95f3-ec3d27106533.jpg\" alt=\"\" class=\"wp-image-16063\" srcset=\"https:\/\/vimagazine.com.br\/wp-content\/uploads\/2024\/10\/8221ab34-f8b1-4031-95f3-ec3d27106533.jpg 600w, https:\/\/vimagazine.com.br\/wp-content\/uploads\/2024\/10\/8221ab34-f8b1-4031-95f3-ec3d27106533-300x300.jpg 300w, https:\/\/vimagazine.com.br\/wp-content\/uploads\/2024\/10\/8221ab34-f8b1-4031-95f3-ec3d27106533-150x150.jpg 150w\" sizes=\"(max-width: 600px) 100vw, 600px\" \/><\/figure>\n\n\n\n<figure class=\"wp-block-image size-large\"><img width=\"399\" height=\"600\" data-id=\"16064\"  src=\"https:\/\/vimagazine.com.br\/wp-content\/uploads\/2024\/10\/c3708861-3e7a-4136-90e9-6215ac9918d6.jpg\" alt=\"\" class=\"wp-image-16064\" srcset=\"https:\/\/vimagazine.com.br\/wp-content\/uploads\/2024\/10\/c3708861-3e7a-4136-90e9-6215ac9918d6.jpg 399w, https:\/\/vimagazine.com.br\/wp-content\/uploads\/2024\/10\/c3708861-3e7a-4136-90e9-6215ac9918d6-200x300.jpg 200w\" sizes=\"(max-width: 399px) 100vw, 399px\" \/><\/figure>\n<\/figure>\n\n\n\n<p><\/p>\n\n\n\n<p><strong>Materiais naturais<\/strong><\/p>\n\n\n\n<p>Elementos texturizados que remetem \u00e0 natureza estar\u00e3o em alta nos pr\u00f3ximos meses. A r\u00e1fia \u00e9 uma das grandes apostas, aparecendo com tran\u00e7ados e bordados que destacam o artesanato dos acess\u00f3rios brasileiros feitos \u00e0 m\u00e3o.<\/p>\n\n\n\n<p><\/p>\n\n\n\n<figure class=\"wp-container-10 wp-block-gallery-9 wp-block-gallery has-nested-images columns-default is-cropped\">\n<figure class=\"wp-block-image size-large\"><img width=\"480\" height=\"600\" data-id=\"16065\"  src=\"https:\/\/vimagazine.com.br\/wp-content\/uploads\/2024\/10\/e97d0e41-492e-4c0a-8660-3adf461c3e92.jpg\" alt=\"\" class=\"wp-image-16065\" srcset=\"https:\/\/vimagazine.com.br\/wp-content\/uploads\/2024\/10\/e97d0e41-492e-4c0a-8660-3adf461c3e92.jpg 480w, https:\/\/vimagazine.com.br\/wp-content\/uploads\/2024\/10\/e97d0e41-492e-4c0a-8660-3adf461c3e92-240x300.jpg 240w\" sizes=\"(max-width: 480px) 100vw, 480px\" \/><\/figure>\n\n\n\n<figure class=\"wp-block-image size-large\"><img width=\"480\" height=\"600\" data-id=\"16066\"  src=\"https:\/\/vimagazine.com.br\/wp-content\/uploads\/2024\/10\/8a8d5d62-a02e-4a46-ae16-3455771942f0.jpg\" alt=\"\" class=\"wp-image-16066\" srcset=\"https:\/\/vimagazine.com.br\/wp-content\/uploads\/2024\/10\/8a8d5d62-a02e-4a46-ae16-3455771942f0.jpg 480w, https:\/\/vimagazine.com.br\/wp-content\/uploads\/2024\/10\/8a8d5d62-a02e-4a46-ae16-3455771942f0-240x300.jpg 240w\" sizes=\"(max-width: 480px) 100vw, 480px\" \/><\/figure>\n<\/figure>\n","protected":false},"excerpt":{"rendered":"<p>Com o aumento das temperaturas e a chegada da primavera, as sand\u00e1lias, cal\u00e7ados caracter\u00edsticos da&#8230;<\/p>\n","protected":false},"author":1,"featured_media":16067,"comment_status":"closed","ping_status":"open","sticky":false,"template":"","format":"standard","meta":{"om_disable_all_campaigns":false,"_monsterinsights_skip_tracking":false,"_monsterinsights_sitenote_active":false,"_monsterinsights_sitenote_note":"","_monsterinsights_sitenote_category":0,"spay_email":""},"categories":[27,1],"tags":[],"jetpack_featured_media_url":"https:\/\/vimagazine.com.br\/wp-content\/uploads\/2024\/10\/c87229e0-bf33-41fb-9af5-4fb76de29fd4.jpg","_links":{"self":[{"href":"https:\/\/vimagazine.com.br\/index.php?rest_route=\/wp\/v2\/posts\/16055"}],"collection":[{"href":"https:\/\/vimagazine.com.br\/index.php?rest_route=\/wp\/v2\/posts"}],"about":[{"href":"https:\/\/vimagazine.com.br\/index.php?rest_route=\/wp\/v2\/types\/post"}],"author":[{"embeddable":true,"href":"https:\/\/vimagazine.com.br\/index.php?rest_route=\/wp\/v2\/users\/1"}],"replies":[{"embeddable":true,"href":"https:\/\/vimagazine.com.br\/index.php?rest_route=%2Fwp%2Fv2%2Fcomments&post=16055"}],"version-history":[{"count":1,"href":"https:\/\/vimagazine.com.br\/index.php?rest_route=\/wp\/v2\/posts\/16055\/revisions"}],"predecessor-version":[{"id":16068,"href":"https:\/\/vimagazine.com.br\/index.php?rest_route=\/wp\/v2\/posts\/16055\/revisions\/16068"}],"wp:featuredmedia":[{"embeddable":true,"href":"https:\/\/vimagazine.com.br\/index.php?rest_route=\/wp\/v2\/media\/16067"}],"wp:attachment":[{"href":"https:\/\/vimagazine.com.br\/index.php?rest_route=%2Fwp%2Fv2%2Fmedia&parent=16055"}],"wp:term":[{"taxonomy":"category","embeddable":true,"href":"https:\/\/vimagazine.com.br\/index.php?rest_route=%2Fwp%2Fv2%2Fcategories&post=16055"},{"taxonomy":"post_tag","embeddable":true,"href":"https:\/\/vimagazine.com.br\/index.php?rest_route=%2Fwp%2Fv2%2Ftags&post=16055"}],"curies":[{"name":"wp","href":"https:\/\/api.w.org\/{rel}","templated":true}]}}