{"id":16069,"date":"2024-10-09T07:50:00","date_gmt":"2024-10-09T10:50:00","guid":{"rendered":"https:\/\/vimagazine.com.br\/?p=16069"},"modified":"2024-10-09T00:34:09","modified_gmt":"2024-10-09T03:34:09","slug":"karen-lopes-apresentadora-e-musa-da-grande-rio-estreia-programa-de-moda-na-tv","status":"publish","type":"post","link":"https:\/\/vimagazine.com.br\/?p=16069","title":{"rendered":"Karen Lopes, apresentadora e musa da Grande Rio, estreia programa de moda na TV"},"content":{"rendered":"\n<p>A apresentadora e musa do carnaval carioca, Karen Lopes, estreou novo programa de moda, Estilo Karen Lopes, no canal Woohoo. Al\u00e9m de sua atua\u00e7\u00e3o de destaque como apresentadora, Karen traz sua vis\u00e3o empreendedora e inovadora para a televis\u00e3o, apresentando um conte\u00fado que une moda, cultura e inclus\u00e3o.<\/p>\n\n\n\n<figure class=\"wp-container-2 wp-block-gallery-1 wp-block-gallery has-nested-images columns-default is-cropped\">\n<figure class=\"wp-block-image size-large\"><img width=\"1066\" height=\"1600\" data-id=\"16071\"  src=\"https:\/\/vimagazine.com.br\/wp-content\/uploads\/2024\/10\/73cf4867-03eb-4433-a3f9-407d7a08aa80.jpg\" alt=\"\" class=\"wp-image-16071\" srcset=\"https:\/\/vimagazine.com.br\/wp-content\/uploads\/2024\/10\/73cf4867-03eb-4433-a3f9-407d7a08aa80.jpg 1066w, https:\/\/vimagazine.com.br\/wp-content\/uploads\/2024\/10\/73cf4867-03eb-4433-a3f9-407d7a08aa80-200x300.jpg 200w, https:\/\/vimagazine.com.br\/wp-content\/uploads\/2024\/10\/73cf4867-03eb-4433-a3f9-407d7a08aa80-682x1024.jpg 682w, https:\/\/vimagazine.com.br\/wp-content\/uploads\/2024\/10\/73cf4867-03eb-4433-a3f9-407d7a08aa80-768x1153.jpg 768w, https:\/\/vimagazine.com.br\/wp-content\/uploads\/2024\/10\/73cf4867-03eb-4433-a3f9-407d7a08aa80-1023x1536.jpg 1023w, https:\/\/vimagazine.com.br\/wp-content\/uploads\/2024\/10\/73cf4867-03eb-4433-a3f9-407d7a08aa80-1024x1537.jpg 1024w\" sizes=\"(max-width: 1066px) 100vw, 1066px\" \/><\/figure>\n\n\n\n<figure class=\"wp-block-image size-large\"><img width=\"1280\" height=\"1920\" data-id=\"16070\"  src=\"https:\/\/vimagazine.com.br\/wp-content\/uploads\/2024\/10\/Karen-6.jpg\" alt=\"\" class=\"wp-image-16070\" srcset=\"https:\/\/vimagazine.com.br\/wp-content\/uploads\/2024\/10\/Karen-6.jpg 1280w, https:\/\/vimagazine.com.br\/wp-content\/uploads\/2024\/10\/Karen-6-200x300.jpg 200w, https:\/\/vimagazine.com.br\/wp-content\/uploads\/2024\/10\/Karen-6-683x1024.jpg 683w, https:\/\/vimagazine.com.br\/wp-content\/uploads\/2024\/10\/Karen-6-768x1152.jpg 768w, https:\/\/vimagazine.com.br\/wp-content\/uploads\/2024\/10\/Karen-6-1024x1536.jpg 1024w\" sizes=\"(max-width: 1280px) 100vw, 1280px\" \/><\/figure>\n<\/figure>\n\n\n\n<p>O programa, que vai ao ar todas as quartas-feiras, \u00e0s 14h30, estreou no dia 2 de outubro e j\u00e1 conquistou o p\u00fablico com sua abordagem acess\u00edvel e envolvente. Com seu carisma inconfund\u00edvel, Karen promete continuar encantando os espectadores ao explorar tend\u00eancias que fazem a diferen\u00e7a no dia a dia. \u201cEstilo Karen Lopes\u201d consolida a trajet\u00f3ria da artista como uma refer\u00eancia no universo da moda.<\/p>\n\n\n\n<p>Fotos: Divulga\u00e7\u00e3o&nbsp;<\/p>\n","protected":false},"excerpt":{"rendered":"<p>A apresentadora e musa do carnaval carioca, Karen Lopes, estreou novo programa de moda, Estilo&#8230;<\/p>\n","protected":false},"author":18,"featured_media":16072,"comment_status":"closed","ping_status":"open","sticky":false,"template":"","format":"standard","meta":{"om_disable_all_campaigns":false,"_monsterinsights_skip_tracking":false,"_monsterinsights_sitenote_active":false,"_monsterinsights_sitenote_note":"","_monsterinsights_sitenote_category":0,"spay_email":""},"categories":[1],"tags":[956,309,959,958,957,79,704,960],"jetpack_featured_media_url":"https:\/\/vimagazine.com.br\/wp-content\/uploads\/2024\/10\/IMG_7461.jpg","_links":{"self":[{"href":"https:\/\/vimagazine.com.br\/index.php?rest_route=\/wp\/v2\/posts\/16069"}],"collection":[{"href":"https:\/\/vimagazine.com.br\/index.php?rest_route=\/wp\/v2\/posts"}],"about":[{"href":"https:\/\/vimagazine.com.br\/index.php?rest_route=\/wp\/v2\/types\/post"}],"author":[{"embeddable":true,"href":"https:\/\/vimagazine.com.br\/index.php?rest_route=\/wp\/v2\/users\/18"}],"replies":[{"embeddable":true,"href":"https:\/\/vimagazine.com.br\/index.php?rest_route=%2Fwp%2Fv2%2Fcomments&post=16069"}],"version-history":[{"count":1,"href":"https:\/\/vimagazine.com.br\/index.php?rest_route=\/wp\/v2\/posts\/16069\/revisions"}],"predecessor-version":[{"id":16073,"href":"https:\/\/vimagazine.com.br\/index.php?rest_route=\/wp\/v2\/posts\/16069\/revisions\/16073"}],"wp:featuredmedia":[{"embeddable":true,"href":"https:\/\/vimagazine.com.br\/index.php?rest_route=\/wp\/v2\/media\/16072"}],"wp:attachment":[{"href":"https:\/\/vimagazine.com.br\/index.php?rest_route=%2Fwp%2Fv2%2Fmedia&parent=16069"}],"wp:term":[{"taxonomy":"category","embeddable":true,"href":"https:\/\/vimagazine.com.br\/index.php?rest_route=%2Fwp%2Fv2%2Fcategories&post=16069"},{"taxonomy":"post_tag","embeddable":true,"href":"https:\/\/vimagazine.com.br\/index.php?rest_route=%2Fwp%2Fv2%2Ftags&post=16069"}],"curies":[{"name":"wp","href":"https:\/\/api.w.org\/{rel}","templated":true}]}}