{"id":16098,"date":"2024-10-09T17:05:16","date_gmt":"2024-10-09T20:05:16","guid":{"rendered":"https:\/\/vimagazine.com.br\/?p=16098"},"modified":"2024-10-09T17:05:17","modified_gmt":"2024-10-09T20:05:17","slug":"gestao-do-tempo-a-chave-para-uma-vida-mais-produtiva-e-equilibrada","status":"publish","type":"post","link":"https:\/\/vimagazine.com.br\/?p=16098","title":{"rendered":"Gest\u00e3o do Tempo: A Chave para uma Vida Mais Produtiva e Equilibrada"},"content":{"rendered":"\n<p><\/p>\n\n\n\n<p>Na era da informa\u00e7\u00e3o e da multitarefa constante, a gest\u00e3o eficaz do tempo tornou-se uma habilidade crucial. Muitos de n\u00f3s nos encontramos sobrecarregados, tentando equilibrar demandas profissionais, responsabilidades pessoais e o desejo de ter tempo para n\u00f3s mesmos. A m\u00e1 gest\u00e3o do tempo n\u00e3o apenas reduz nossa produtividade, mas tamb\u00e9m pode levar ao estresse, ansiedade e uma sensa\u00e7\u00e3o geral de insatisfa\u00e7\u00e3o com a vida.<\/p>\n\n\n\n<p><strong>Por que a Gest\u00e3o do Tempo \u00e9 Importante?<\/strong><\/p>\n\n\n\n<ol type=\"1\"><li><strong>Aumento da Produtividade:<\/strong> Quando gerenciamos bem nosso tempo, conseguimos realizar mais em menos tempo, aumentando nossa efici\u00eancia e efic\u00e1cia.<\/li><li><strong>Redu\u00e7\u00e3o do Estresse:<\/strong> Uma boa gest\u00e3o do tempo nos ajuda a evitar a press\u00e3o de prazos apertados e a sensa\u00e7\u00e3o de estar sempre correndo atr\u00e1s do rel\u00f3gio.<\/li><li><strong>Melhoria na Qualidade de Vida:<\/strong> Ao otimizar nosso tempo, criamos espa\u00e7o para atividades que realmente importam, seja passar tempo com a fam\u00edlia, cuidar da sa\u00fade ou perseguir hobbies.<\/li><li><strong>Alcance de Metas:<\/strong> Uma gest\u00e3o de tempo eficaz nos permite estabelecer e alcan\u00e7ar metas de curto e longo prazo de maneira mais consistente.<\/li><li><strong>Tomada de Decis\u00f5es Mais Inteligentes:<\/strong> Com uma vis\u00e3o clara de nossas prioridades e compromissos, podemos tomar decis\u00f5es mais alinhadas com nossos objetivos de vida.<\/li><\/ol>\n\n\n\n<p><strong>Desafios Comuns na Gest\u00e3o do Tempo<\/strong><\/p>\n\n\n\n<p>Muitas pessoas enfrentam obst\u00e1culos ao tentar melhorar sua gest\u00e3o do tempo:<\/p>\n\n\n\n<ul><li>Procrastina\u00e7\u00e3o<\/li><li>Dificuldade em dizer &#8220;n\u00e3o&#8221;<\/li><li>Falta de prioriza\u00e7\u00e3o<\/li><li>Distra\u00e7\u00f5es constantes (especialmente tecnol\u00f3gicas)<\/li><li>Planejamento inadequado<\/li><li>Perfeccionismo excessivo<\/li><\/ul>\n\n\n\n<p>Superar esses desafios requer mais do que apenas for\u00e7a de vontade. \u00c9 necess\u00e1rio um m\u00e9todo estruturado e comprovado que aborde n\u00e3o apenas as t\u00e9cnicas de gest\u00e3o do tempo, mas tamb\u00e9m os aspectos psicol\u00f3gicos e emocionais que influenciam nossa rela\u00e7\u00e3o com o tempo.<\/p>\n\n\n\n<p><strong>Uma Nova Abordagem para a Gest\u00e3o do Tempo<\/strong><\/p>\n\n\n\n<p>\u00c9 aqui que entra o M\u00e9todo Despertar. Desenvolvi este m\u00e9todo inovador vai al\u00e9m das t\u00e9cnicas tradicionais de gest\u00e3o do tempo. Ele oferece uma abordagem hol\u00edstica que n\u00e3o apenas melhora sua produtividade, mas tamb\u00e9m transforma sua rela\u00e7\u00e3o com o tempo e, consequentemente, com a vida.<\/p>\n\n\n\n<p>Visite <a href=\"http:\/\/www.metododespertar.com\">metododespertar<\/a> e d\u00ea o primeiro passo em dire\u00e7\u00e3o a uma gest\u00e3o do tempo revolucion\u00e1ria. Descubra como voc\u00ea pode:<\/p>\n\n\n\n<ul><li>Aumentar sua produtividade em at\u00e9 300%<\/li><li>Reduzir o estresse e a ansiedade relacionados ao tempo<\/li><li>Alcan\u00e7ar um equil\u00edbrio verdadeiro entre trabalho e vida pessoal<\/li><li>Alinhar suas a\u00e7\u00f5es di\u00e1rias com seus objetivos de longo prazo<\/li><\/ul>\n\n\n\n<p>N\u00e3o deixe que o tempo controle sua vida. Tome as r\u00e9deas agora e desperte para o seu verdadeiro potencial!<\/p>\n\n\n\n<p><em>Lembre-se: O tempo \u00e9 o recurso mais valioso que temos. Invista sabiamente nele com o M\u00e9todo Despertar.<\/em><\/p>\n\n\n\n<p><em>Um forte abra\u00e7o e at\u00e9 a pr\u00f3xima!<\/em><br><\/p>\n\n\n\n<p>Instagram: <a href=\"https:\/\/www.instagram.com\/joaozimmermann_oficial\/\">@joaozimmermann_oficial<\/a><\/p>\n","protected":false},"excerpt":{"rendered":"<p>Na era da informa\u00e7\u00e3o e da multitarefa constante, a gest\u00e3o eficaz do tempo tornou-se uma&#8230;<\/p>\n","protected":false},"author":7,"featured_media":16099,"comment_status":"closed","ping_status":"open","sticky":false,"template":"","format":"standard","meta":{"om_disable_all_campaigns":false,"_monsterinsights_skip_tracking":false,"_monsterinsights_sitenote_active":false,"_monsterinsights_sitenote_note":"","_monsterinsights_sitenote_category":0,"spay_email":""},"categories":[27,75,1],"tags":[],"jetpack_featured_media_url":"https:\/\/vimagazine.com.br\/wp-content\/uploads\/2024\/10\/a-photo-of-a-young-woman-with-short-dark-hair-she-L1VrxZJHTySay7UC7i-5jw-AYxJ6pZkSlmEWR2MpfiawQ.jpeg","_links":{"self":[{"href":"https:\/\/vimagazine.com.br\/index.php?rest_route=\/wp\/v2\/posts\/16098"}],"collection":[{"href":"https:\/\/vimagazine.com.br\/index.php?rest_route=\/wp\/v2\/posts"}],"about":[{"href":"https:\/\/vimagazine.com.br\/index.php?rest_route=\/wp\/v2\/types\/post"}],"author":[{"embeddable":true,"href":"https:\/\/vimagazine.com.br\/index.php?rest_route=\/wp\/v2\/users\/7"}],"replies":[{"embeddable":true,"href":"https:\/\/vimagazine.com.br\/index.php?rest_route=%2Fwp%2Fv2%2Fcomments&post=16098"}],"version-history":[{"count":1,"href":"https:\/\/vimagazine.com.br\/index.php?rest_route=\/wp\/v2\/posts\/16098\/revisions"}],"predecessor-version":[{"id":16100,"href":"https:\/\/vimagazine.com.br\/index.php?rest_route=\/wp\/v2\/posts\/16098\/revisions\/16100"}],"wp:featuredmedia":[{"embeddable":true,"href":"https:\/\/vimagazine.com.br\/index.php?rest_route=\/wp\/v2\/media\/16099"}],"wp:attachment":[{"href":"https:\/\/vimagazine.com.br\/index.php?rest_route=%2Fwp%2Fv2%2Fmedia&parent=16098"}],"wp:term":[{"taxonomy":"category","embeddable":true,"href":"https:\/\/vimagazine.com.br\/index.php?rest_route=%2Fwp%2Fv2%2Fcategories&post=16098"},{"taxonomy":"post_tag","embeddable":true,"href":"https:\/\/vimagazine.com.br\/index.php?rest_route=%2Fwp%2Fv2%2Ftags&post=16098"}],"curies":[{"name":"wp","href":"https:\/\/api.w.org\/{rel}","templated":true}]}}