{"id":1610,"date":"2021-11-26T15:51:54","date_gmt":"2021-11-26T18:51:54","guid":{"rendered":"https:\/\/vimagazine.com.br\/?p=1610"},"modified":"2021-11-26T17:04:03","modified_gmt":"2021-11-26T20:04:03","slug":"claudia-metne-e-presenca-vip-em-evento-realizado-na-abertura-do-black-friday","status":"publish","type":"post","link":"https:\/\/vimagazine.com.br\/?p=1610","title":{"rendered":"Claudia M\u00e9tne \u00e9 presen\u00e7a Vip em evento realizado na abertura do Black Friday"},"content":{"rendered":"\n<p class=\"has-text-align-center\">Influencer Claudia M\u00e9tne \u00e9 presen\u00e7a Vip em evento realizado em abertura do Black Friday em confec\u00e7\u00e3o reunindo f\u00e3s e clientes que se emocionaram ao conhece-la pessoalmente .&nbsp;&nbsp;Com um look arrasador da Alo\u00edcia Modas e pensando nas festas de fim de ano a influencer desfilou com um exclusivo long dress confeccionado especialmente para ela .<\/p>\n\n\n\n<p class=\"has-text-align-center\"><strong><em>Maria Emilia Genovesi<\/em><\/strong><\/p>\n\n\n\n<p class=\"has-text-align-center\"><strong><em>Assessoria de Imprensa\/ Produtora Cultural<\/em><\/strong><\/p>\n\n\n\n<p class=\"has-text-align-center\"><strong><em>@mariaemiliagenovesi<\/em><\/strong><\/p>\n\n\n\n<p class=\"has-text-align-center\"><strong><em>@megenovesi<\/em><\/strong><\/p>\n\n\n\n<p class=\"has-text-align-center\"><strong><em>Meg Apoio Empresarial e Eventos Ltda&nbsp;<\/em><\/strong><\/p>\n","protected":false},"excerpt":{"rendered":"<p>Influencer Claudia M\u00e9tne \u00e9 presen\u00e7a Vip em evento realizado em abertura do Black Friday em&#8230;<\/p>\n","protected":false},"author":3,"featured_media":1615,"comment_status":"closed","ping_status":"open","sticky":false,"template":"","format":"standard","meta":{"om_disable_all_campaigns":false,"_monsterinsights_skip_tracking":false,"_monsterinsights_sitenote_active":false,"_monsterinsights_sitenote_note":"","_monsterinsights_sitenote_category":0,"spay_email":""},"categories":[1],"tags":[],"jetpack_featured_media_url":"https:\/\/vimagazine.com.br\/wp-content\/uploads\/2021\/11\/quadrada-5.jpg","_links":{"self":[{"href":"https:\/\/vimagazine.com.br\/index.php?rest_route=\/wp\/v2\/posts\/1610"}],"collection":[{"href":"https:\/\/vimagazine.com.br\/index.php?rest_route=\/wp\/v2\/posts"}],"about":[{"href":"https:\/\/vimagazine.com.br\/index.php?rest_route=\/wp\/v2\/types\/post"}],"author":[{"embeddable":true,"href":"https:\/\/vimagazine.com.br\/index.php?rest_route=\/wp\/v2\/users\/3"}],"replies":[{"embeddable":true,"href":"https:\/\/vimagazine.com.br\/index.php?rest_route=%2Fwp%2Fv2%2Fcomments&post=1610"}],"version-history":[{"count":1,"href":"https:\/\/vimagazine.com.br\/index.php?rest_route=\/wp\/v2\/posts\/1610\/revisions"}],"predecessor-version":[{"id":1612,"href":"https:\/\/vimagazine.com.br\/index.php?rest_route=\/wp\/v2\/posts\/1610\/revisions\/1612"}],"wp:featuredmedia":[{"embeddable":true,"href":"https:\/\/vimagazine.com.br\/index.php?rest_route=\/wp\/v2\/media\/1615"}],"wp:attachment":[{"href":"https:\/\/vimagazine.com.br\/index.php?rest_route=%2Fwp%2Fv2%2Fmedia&parent=1610"}],"wp:term":[{"taxonomy":"category","embeddable":true,"href":"https:\/\/vimagazine.com.br\/index.php?rest_route=%2Fwp%2Fv2%2Fcategories&post=1610"},{"taxonomy":"post_tag","embeddable":true,"href":"https:\/\/vimagazine.com.br\/index.php?rest_route=%2Fwp%2Fv2%2Ftags&post=1610"}],"curies":[{"name":"wp","href":"https:\/\/api.w.org\/{rel}","templated":true}]}}