{"id":16124,"date":"2024-10-11T22:00:09","date_gmt":"2024-10-12T01:00:09","guid":{"rendered":"https:\/\/vimagazine.com.br\/?p=16124"},"modified":"2024-10-11T22:00:10","modified_gmt":"2024-10-12T01:00:10","slug":"a-quimica-perfeita-viviane-alves-e-leao-lobo-fazem-historia-no-fama-e-destaque-awards-2024","status":"publish","type":"post","link":"https:\/\/vimagazine.com.br\/?p=16124","title":{"rendered":"A qu\u00edmica perfeita: Viviane Alves e Le\u00e3o Lobo fazem hist\u00f3ria no Fama e Destaque Awards 2024\u00a0"},"content":{"rendered":"\n<figure class=\"wp-block-image aligncenter size-large is-resized\"><img src=\"https:\/\/vimagazine.com.br\/wp-content\/uploads\/2024\/10\/235-1024x683.jpg\" alt=\"\" class=\"wp-image-16125\" width=\"529\" height=\"353\" srcset=\"https:\/\/vimagazine.com.br\/wp-content\/uploads\/2024\/10\/235-1024x683.jpg 1024w, https:\/\/vimagazine.com.br\/wp-content\/uploads\/2024\/10\/235-300x200.jpg 300w, https:\/\/vimagazine.com.br\/wp-content\/uploads\/2024\/10\/235-768x512.jpg 768w, https:\/\/vimagazine.com.br\/wp-content\/uploads\/2024\/10\/235-1536x1024.jpg 1536w, https:\/\/vimagazine.com.br\/wp-content\/uploads\/2024\/10\/235.jpg 1920w\" sizes=\"(max-width: 529px) 100vw, 529px\" \/><\/figure>\n\n\n\n<figure class=\"wp-block-image aligncenter size-large is-resized\"><img src=\"https:\/\/vimagazine.com.br\/wp-content\/uploads\/2024\/10\/118-1024x683.jpg\" alt=\"\" class=\"wp-image-16126\" width=\"596\" height=\"397\" srcset=\"https:\/\/vimagazine.com.br\/wp-content\/uploads\/2024\/10\/118-1024x683.jpg 1024w, https:\/\/vimagazine.com.br\/wp-content\/uploads\/2024\/10\/118-300x200.jpg 300w, https:\/\/vimagazine.com.br\/wp-content\/uploads\/2024\/10\/118-768x512.jpg 768w, https:\/\/vimagazine.com.br\/wp-content\/uploads\/2024\/10\/118-1536x1024.jpg 1536w, https:\/\/vimagazine.com.br\/wp-content\/uploads\/2024\/10\/118.jpg 1920w\" sizes=\"(max-width: 596px) 100vw, 596px\" \/><\/figure>\n\n\n\n<p><strong>A<\/strong>&nbsp;saber, o Fama e Destaque Awards 2024 em sua 3\u00aa Edi\u00e7\u00e3o, ocorre em um espa\u00e7o luxuoso em S\u00e3o Paulo. Re\u00fane, todavia, mais de 200 convidados. Primeiramente, a anfitri\u00e3 Viviane Alves, apresentadora da Rede TV do Esp\u00edrito Santo, teve a honra de comandar o evento ao lado do jornalista Le\u00e3o Lobo. CEO do Grupo Fama e Destaque de Comunica\u00e7\u00e3o. Viviane Alves e Le\u00e3o Lobo marcam por fim, a terceira edi\u00e7\u00e3o consecutiva dessa parceria.<br><br>Os anfitri\u00f5es, em suma, recebem os homenageados e convidados com a eleg\u00e2ncia que um evento desse porte exige.&nbsp; A recep\u00e7\u00e3o contou com performances musicais encantadoras, incluindo cl\u00e1ssicos tocados pelo saxofonista D\u00eanis Ara\u00fajo, da DNS Music Sax. Logo depois, a dupla teatral \u201cCasal Carinho\u201d, interpretada pelos talentosos atores Shay e Kaique, da empresa Walex Produ\u00e7\u00f5es Art\u00edsticas, do empres\u00e1rio Alex Linhares.<br><br><strong>Viviane Alves recebe a Comenda Adeptus<\/strong><br><br>Um dos momentos mais emocionantes da noite foi a entrega do t\u00edtulo \u201cComenda Adeptus\u201d a Viviane Alves. Consagrada como Embaixadora atrav\u00e9s do seu programa Fama e Destaque. A homenagem fica por conta do Elo Social Brasil, a partir da indica\u00e7\u00e3o do economista e publicit\u00e1rio Roberto Reis.<br><br>Diversas personalidades de diferentes segmentos foram homenageadas, incluindo os jornalistas Reinaldo Dutra, B\u00e1rbara Jacqmont, Leonora \u00c1quilla e Lisa Gomes. Al\u00e9m dos c\u00e9lebres Dr. Roberto Livianu, Dr. Bact\u00e9ria, Sandrinha Sargentelli, Renatinho da Bahia, Taty Dantas,&nbsp; Nani Ven\u00e2ncio, Celeste Zeminian, Almirzinho , Berg Lima e Nelson Rufino.<br><br><br>O reconhecimento de pessoas que se destacam em suas \u00e1reas \u00e9 fundamental para valorizar a diversidade de contribui\u00e7\u00f5es \u00e0 sociedade, inspirando outros a seguirem exemplos positivos e fortalecendo a comunidade.<br><br>Entre os homenageados tamb\u00e9m estavam a empres\u00e1ria Zilu Camargo, apresentadora do podcast \u201cCaf\u00e9 com Respostas\u201d, e a diretora e produtora de TV Marlene Mattos. Um dos momentos mais marcantes da noite foi a presen\u00e7a da fam\u00edlia do MC Daniel no palco, simbolizando a import\u00e2ncia da valoriza\u00e7\u00e3o de sua fam\u00edlia e sua trajet\u00f3ria.<br><br><br>Os convidados desfrutaram de um jantar especial, completo com bebidas, sobremesas e drinques, enquanto artistas como Renatinho da Bahia,&nbsp; Taty, Dantas, Berg Lima, Almirzinho e Luv Black animaram a noite sob o comando do DJ Dali Silva, tornando a celebra\u00e7\u00e3o ainda mais vibrante.<br><br>Parceiros<br><br>Viviane Alves expressou sua felicidade por mais essa realiza\u00e7\u00e3o e agradece a todos os parceiros que tornaram o evento poss\u00edvel.&nbsp; Foram eles: EgoTV, Alam\u00eddia, Walex Produ\u00e7\u00f5es, Elodia Avila Cirurgia Pl\u00e1stica, Ivo Moreira Cosm\u00e9ticos, Le Maison Pro Cosm\u00e9tique e Santy Assessoria Consular. Ao mesmo tempo, Fam\u00edlia Bachiega, AZR Distribuidora, Santo Mel, Pol Lorraine, DJ Dali Silva, V\u00eddeo 360\u00ba SP, Deppil Hom Laser, Deep Laser Centro Avan\u00e7ado de Est\u00e9tica e Sensory All MED SPA. Por fim, Paulo Valentim &#8211; O Costureiro das Estrelas, Lucas Acr\u00edlicos, DNS Music Sax, Est\u00e9tica Robson Pinheiro e Holismo Est\u00e9tica, Podok\u00e9sia e Vizbelle. Al\u00e9m disso, Taty Dantas, T\u00f4 na Fama e Laser Art Gr\u00e1fica e Editora.<br><br>A cobertura do evento ficou por conta da Annae Produtora, Ego TV, Luxus Magazine, al\u00e9m dos fot\u00f3grafos Dawis Villar, J. Domingos, Pablo Mack e Jorge Henrique, dentre outros.<br><br>Com o sucesso desta edi\u00e7\u00e3o, Viviane Alves j\u00e1 se prepara para levar o Fama e Destaque Awards ao Rio de Janeiro na pr\u00f3xima edi\u00e7\u00e3o.<\/p>\n\n\n\n<p><strong>Portanto, sigam Viviane Alves no instagram:<\/strong>&nbsp;<a rel=\"noreferrer noopener\" target=\"_blank\" href=\"https:\/\/www.instagram.com\/vivianealvesof\/\">vivianealvesof<\/a><\/p>\n\n\n\n<p><strong>Al\u00e9m disso, siga o instagram<\/strong>:&nbsp;<a rel=\"noreferrer noopener\" target=\"_blank\" href=\"https:\/\/www.instagram.com\/lourdescastrojornalista\/\">@lourdescastrojornalista<\/a><\/p>\n","protected":false},"excerpt":{"rendered":"<p>A&nbsp;saber, o Fama e Destaque Awards 2024 em sua 3\u00aa Edi\u00e7\u00e3o, ocorre em um espa\u00e7o&#8230;<\/p>\n","protected":false},"author":19,"featured_media":16127,"comment_status":"closed","ping_status":"open","sticky":false,"template":"","format":"standard","meta":{"om_disable_all_campaigns":false,"_monsterinsights_skip_tracking":false,"_monsterinsights_sitenote_active":false,"_monsterinsights_sitenote_note":"","_monsterinsights_sitenote_category":0,"spay_email":""},"categories":[1],"tags":[],"jetpack_featured_media_url":"https:\/\/vimagazine.com.br\/wp-content\/uploads\/2024\/10\/184.jpg","_links":{"self":[{"href":"https:\/\/vimagazine.com.br\/index.php?rest_route=\/wp\/v2\/posts\/16124"}],"collection":[{"href":"https:\/\/vimagazine.com.br\/index.php?rest_route=\/wp\/v2\/posts"}],"about":[{"href":"https:\/\/vimagazine.com.br\/index.php?rest_route=\/wp\/v2\/types\/post"}],"author":[{"embeddable":true,"href":"https:\/\/vimagazine.com.br\/index.php?rest_route=\/wp\/v2\/users\/19"}],"replies":[{"embeddable":true,"href":"https:\/\/vimagazine.com.br\/index.php?rest_route=%2Fwp%2Fv2%2Fcomments&post=16124"}],"version-history":[{"count":1,"href":"https:\/\/vimagazine.com.br\/index.php?rest_route=\/wp\/v2\/posts\/16124\/revisions"}],"predecessor-version":[{"id":16128,"href":"https:\/\/vimagazine.com.br\/index.php?rest_route=\/wp\/v2\/posts\/16124\/revisions\/16128"}],"wp:featuredmedia":[{"embeddable":true,"href":"https:\/\/vimagazine.com.br\/index.php?rest_route=\/wp\/v2\/media\/16127"}],"wp:attachment":[{"href":"https:\/\/vimagazine.com.br\/index.php?rest_route=%2Fwp%2Fv2%2Fmedia&parent=16124"}],"wp:term":[{"taxonomy":"category","embeddable":true,"href":"https:\/\/vimagazine.com.br\/index.php?rest_route=%2Fwp%2Fv2%2Fcategories&post=16124"},{"taxonomy":"post_tag","embeddable":true,"href":"https:\/\/vimagazine.com.br\/index.php?rest_route=%2Fwp%2Fv2%2Ftags&post=16124"}],"curies":[{"name":"wp","href":"https:\/\/api.w.org\/{rel}","templated":true}]}}