{"id":16129,"date":"2024-10-11T22:39:36","date_gmt":"2024-10-12T01:39:36","guid":{"rendered":"https:\/\/vimagazine.com.br\/?p=16129"},"modified":"2024-10-11T22:39:38","modified_gmt":"2024-10-12T01:39:38","slug":"brasil-e-italia-150-anos-de-parceria-celebrados-em-forum-empresarial","status":"publish","type":"post","link":"https:\/\/vimagazine.com.br\/?p=16129","title":{"rendered":"<strong>Brasil e It\u00e1lia: 150 Anos de Parceria Celebrados em F\u00f3rum Empresarial<\/strong>"},"content":{"rendered":"\n<p><em>Em uma demonstra\u00e7\u00e3o de for\u00e7a e continuidade das rela\u00e7\u00f5es \u00edtalo-brasileiras, a (FIESP) abriu suas portas para o F\u00f3rum Empresarial Brasil-It\u00e1lia no \u00faltimo dia 9 de outubro.<\/em><\/p>\n\n\n\n<p>O evento n\u00e3o apenas marcou os 150 anos da imigra\u00e7\u00e3o italiana para o Brasil, mas tamb\u00e9m reafirmou o compromisso m\u00fatuo de fortalecimento econ\u00f4mico entre as duas na\u00e7\u00f5es.<\/p>\n\n\n\n<figure class=\"wp-block-image size-full is-resized\"><img src=\"https:\/\/vimagazine.com.br\/wp-content\/uploads\/2024\/10\/5.jpg\" alt=\"\" class=\"wp-image-16131\" width=\"837\" height=\"471\" srcset=\"https:\/\/vimagazine.com.br\/wp-content\/uploads\/2024\/10\/5.jpg 800w, https:\/\/vimagazine.com.br\/wp-content\/uploads\/2024\/10\/5-300x169.jpg 300w, https:\/\/vimagazine.com.br\/wp-content\/uploads\/2024\/10\/5-768x432.jpg 768w\" sizes=\"(max-width: 837px) 100vw, 837px\" \/><\/figure>\n\n\n\n<p>A presen\u00e7a de figuras proeminentes como Josu\u00e9 Gomes da Silva, presidente da FIESP, Fel\u00edcio Ramuth, vice-governador de S\u00e3o Paulo, Rui Costa, ministro da Casa Civil, e Ant\u00f4nio Tajani, vice-primeiro-ministro italiano, evidenciou a import\u00e2ncia estrat\u00e9gica deste encontro. Na oportunidade estiveram presentes tamb\u00e9m a C\u00f4nsul-Honor\u00e1ria do Brasil em G\u00eanova, Fernando Brand\u00e3o (Secret\u00e1rio de Turismo de Mairipor\u00e3), Marcelo Pereira Bernardo (Diretor de Opera\u00e7\u00f5es da FC Internazionale Milano no Brasil), Jorge Salom\u00e3o Chama (Secret\u00e1rio de Desenvolvimento Econ\u00f4mico e Neg\u00f3cios Internacionais de Mairipor\u00e3), o jornalista Jo\u00e3o Costa, Analice Nicolau, jornalista, mentora de comunica\u00e7\u00e3o e CEO da empresa AN CONNECT, Eduardo Blanco, Diretor de marketing da AN CONNECT, entre outras figuras importantes do setor industrial e empresarial dos dois pa\u00edses. O evento tamb\u00e9m contou com uma ampla cobertura da imprensa nacional e internacional.<\/p>\n\n\n\n<figure class=\"wp-block-image size-full is-resized\"><img src=\"https:\/\/vimagazine.com.br\/wp-content\/uploads\/2024\/10\/77777.jpg\" alt=\"Brasil e It\u00e1lia: 150 Anos de Parceria Celebrados em F\u00f3rum Empresarial\" class=\"wp-image-16132\" width=\"839\" height=\"839\" srcset=\"https:\/\/vimagazine.com.br\/wp-content\/uploads\/2024\/10\/77777.jpg 800w, https:\/\/vimagazine.com.br\/wp-content\/uploads\/2024\/10\/77777-300x300.jpg 300w, https:\/\/vimagazine.com.br\/wp-content\/uploads\/2024\/10\/77777-150x150.jpg 150w, https:\/\/vimagazine.com.br\/wp-content\/uploads\/2024\/10\/77777-768x768.jpg 768w\" sizes=\"(max-width: 839px) 100vw, 839px\" \/><\/figure>\n\n\n\n<p>O f\u00f3rum serviu como palco para discuss\u00f5es cruciais sobre inova\u00e7\u00e3o tecnol\u00f3gica, fortalecimento de cadeias produtivas e expans\u00e3o de parcerias comerciais.<\/p>\n\n\n\n<figure class=\"wp-block-image size-full is-resized\"><img src=\"https:\/\/vimagazine.com.br\/wp-content\/uploads\/2024\/10\/8.jpg\" alt=\"\" class=\"wp-image-16133\" width=\"837\" height=\"471\" srcset=\"https:\/\/vimagazine.com.br\/wp-content\/uploads\/2024\/10\/8.jpg 800w, https:\/\/vimagazine.com.br\/wp-content\/uploads\/2024\/10\/8-300x169.jpg 300w, https:\/\/vimagazine.com.br\/wp-content\/uploads\/2024\/10\/8-768x432.jpg 768w\" sizes=\"(max-width: 837px) 100vw, 837px\" \/><\/figure>\n\n\n\n<p>Marta Livia Suplicy, presidente do Conselho Feminino da FIESP, trouxe \u00e0 tona a dimens\u00e3o hist\u00f3rica do evento. Ela relembrou o papel fundamental das fam\u00edlias italianas no desenvolvimento econ\u00f4mico de S\u00e3o Paulo, destacando o legado de Francesco Matarazzo como s\u00edmbolo da influ\u00eancia italiana no crescimento industrial brasileiro.<\/p>\n\n\n\n<p>&#8220;S\u00e3o Paulo, hoje o maior reduto de italianos fora da It\u00e1lia, deve grande parte de seu desenvolvimento \u00e0 contribui\u00e7\u00e3o de imigrantes italianos&#8221;, ressaltou Suplicy. Esta afirma\u00e7\u00e3o n\u00e3o apenas homenageia o passado, mas tamb\u00e9m aponta para um futuro de colabora\u00e7\u00e3o cont\u00ednua.<\/p>\n\n\n\n<p>J\u00e1 a Dra. Elinalva Henrique, C\u00f4nsul-Honor\u00e1ria do Brasil em G\u00eanova, ressaltou: &#8220;A import\u00e2ncia desse F\u00f3rum vai muito al\u00e9m das discuss\u00f5es em si. Ele representa um passo significativo na constru\u00e7\u00e3o de uma ponte entre duas economias que, embora geograficamente distantes, compartilham muitos interesses e valores. Atrav\u00e9s desse encontro, conseguimos refor\u00e7ar la\u00e7os, fomentar parcerias e abrir novos caminhos para investimentos, especialmente em \u00e1reas estrat\u00e9gicas como inova\u00e7\u00e3o, sustentabilidade e infraestrutura.<\/p>\n\n\n\n<p>&nbsp;Ainda segundo a C\u00f4nsul-Honor\u00e1ria do Brasil em G\u00eanova, al\u00e9m disso, o F\u00f3rum se destaca como uma plataforma essencial para a promo\u00e7\u00e3o da imagem do Brasil na Europa, no que toca a nosso potencial econ\u00f4mico e cultural, atraindo assim o interesse de investidores e empres\u00e1rios italianos. Estou convencida de que iniciativas como esta, e as que j\u00e1 estamos realizando em coordena\u00e7\u00e3o com o Embaixador Hadil da Rocha-Vianna, C\u00f4nsul Geral do Brasil em Mil\u00e3o, s\u00e3o fundamentais para impulsionar o desenvolvimento econ\u00f4mico, fortalecer as rela\u00e7\u00f5es bilaterais e criar um futuro de prosperidade compartilhada entre nossos pa\u00edses.&#8221;<\/p>\n\n\n\n<p>O f\u00f3rum n\u00e3o se limitou a celebrar o passado. Olhando para o futuro, os l\u00edderes presentes enfatizaram a necessidade de fomentar investimentos rec\u00edprocos, visando impulsionar a presen\u00e7a da ind\u00fastria italiana no Brasil e vice-versa. Esta vis\u00e3o de m\u00e3o dupla promete fortalecer ainda mais os la\u00e7os econ\u00f4micos entre os dois pa\u00edses.<\/p>\n\n\n\n<p>Em um mundo onde as parcerias internacionais s\u00e3o cada vez mais cruciais, o F\u00f3rum Empresarial Brasil-It\u00e1lia se destaca como um exemplo de como a hist\u00f3ria pode ser um trampolim para o progresso econ\u00f4mico. A mensagem \u00e9 clara: a colabora\u00e7\u00e3o entre Brasil e It\u00e1lia, enraizada em um s\u00e9culo e meio de hist\u00f3ria compartilhada, est\u00e1 mais forte do que nunca e pronta para enfrentar os desafios do s\u00e9culo XXI.<\/p>\n\n\n\n<p>Enquanto as bandeiras verde-amarela e tricolor tremulavam lado a lado na FIESP, ficou evidente que esta parceria, forjada pela imigra\u00e7\u00e3o e solidificada pelos neg\u00f3cios, continuar\u00e1 a ser um pilar fundamental para o desenvolvimento m\u00fatuo de ambas as na\u00e7\u00f5es nos anos vindouros.<\/p>\n","protected":false},"excerpt":{"rendered":"<p>Em uma demonstra\u00e7\u00e3o de for\u00e7a e continuidade das rela\u00e7\u00f5es \u00edtalo-brasileiras, a (FIESP) abriu suas portas&#8230;<\/p>\n","protected":false},"author":2,"featured_media":16130,"comment_status":"closed","ping_status":"open","sticky":false,"template":"","format":"standard","meta":{"om_disable_all_campaigns":false,"_monsterinsights_skip_tracking":false,"_monsterinsights_sitenote_active":false,"_monsterinsights_sitenote_note":"","_monsterinsights_sitenote_category":0,"spay_email":""},"categories":[26,1],"tags":[511,961],"jetpack_featured_media_url":"https:\/\/vimagazine.com.br\/wp-content\/uploads\/2024\/10\/20241009_102814.jpg","_links":{"self":[{"href":"https:\/\/vimagazine.com.br\/index.php?rest_route=\/wp\/v2\/posts\/16129"}],"collection":[{"href":"https:\/\/vimagazine.com.br\/index.php?rest_route=\/wp\/v2\/posts"}],"about":[{"href":"https:\/\/vimagazine.com.br\/index.php?rest_route=\/wp\/v2\/types\/post"}],"author":[{"embeddable":true,"href":"https:\/\/vimagazine.com.br\/index.php?rest_route=\/wp\/v2\/users\/2"}],"replies":[{"embeddable":true,"href":"https:\/\/vimagazine.com.br\/index.php?rest_route=%2Fwp%2Fv2%2Fcomments&post=16129"}],"version-history":[{"count":1,"href":"https:\/\/vimagazine.com.br\/index.php?rest_route=\/wp\/v2\/posts\/16129\/revisions"}],"predecessor-version":[{"id":16134,"href":"https:\/\/vimagazine.com.br\/index.php?rest_route=\/wp\/v2\/posts\/16129\/revisions\/16134"}],"wp:featuredmedia":[{"embeddable":true,"href":"https:\/\/vimagazine.com.br\/index.php?rest_route=\/wp\/v2\/media\/16130"}],"wp:attachment":[{"href":"https:\/\/vimagazine.com.br\/index.php?rest_route=%2Fwp%2Fv2%2Fmedia&parent=16129"}],"wp:term":[{"taxonomy":"category","embeddable":true,"href":"https:\/\/vimagazine.com.br\/index.php?rest_route=%2Fwp%2Fv2%2Fcategories&post=16129"},{"taxonomy":"post_tag","embeddable":true,"href":"https:\/\/vimagazine.com.br\/index.php?rest_route=%2Fwp%2Fv2%2Ftags&post=16129"}],"curies":[{"name":"wp","href":"https:\/\/api.w.org\/{rel}","templated":true}]}}