{"id":16135,"date":"2024-10-12T11:10:29","date_gmt":"2024-10-12T14:10:29","guid":{"rendered":"https:\/\/vimagazine.com.br\/?p=16135"},"modified":"2024-10-12T11:39:06","modified_gmt":"2024-10-12T14:39:06","slug":"marcos-veras-brilha-em-insignificancia-humor-e-profundidade-na-nova-peca-do-teatro-faap","status":"publish","type":"post","link":"https:\/\/vimagazine.com.br\/?p=16135","title":{"rendered":"&#8220;Marcos Veras brilha em Insignific\u00e2ncia: humor e profundidade na nova pe\u00e7a do Teatro FAAP&#8221;"},"content":{"rendered":"\n<p>E quem entrou na vibe com o <a href=\"https:\/\/www.instagram.com\/giucota?\" title=\"Giu Cota\">Giu Cota<\/a> foi o elenco de &#8220;<strong><em><a href=\"https:\/\/www.instagram.com\/insignificancia.teatro\/\" title=\"Insignific\u00e2ncia\">Insignific\u00e2ncia<\/a><\/em><\/strong>&#8221; na pr\u00e9-estreia no Teatro FAAP!<\/p>\n\n\n\n<figure class=\"wp-block-image size-large is-resized\"><img src=\"https:\/\/vimagazine.com.br\/wp-content\/uploads\/2024\/10\/photo_2024-10-12_10-03-02-1024x606.jpg\" alt=\"\" class=\"wp-image-16136\" width=\"848\" height=\"502\" srcset=\"https:\/\/vimagazine.com.br\/wp-content\/uploads\/2024\/10\/photo_2024-10-12_10-03-02-1024x606.jpg 1024w, https:\/\/vimagazine.com.br\/wp-content\/uploads\/2024\/10\/photo_2024-10-12_10-03-02-300x177.jpg 300w, https:\/\/vimagazine.com.br\/wp-content\/uploads\/2024\/10\/photo_2024-10-12_10-03-02-768x454.jpg 768w, https:\/\/vimagazine.com.br\/wp-content\/uploads\/2024\/10\/photo_2024-10-12_10-03-02.jpg 1143w\" sizes=\"(max-width: 848px) 100vw, 848px\" \/><figcaption>Foto Divulga\u00e7\u00e3o <strong><em><a href=\"https:\/\/www.instagram.com\/insignificancia.teatro\/\" title=\"Insignific\u00e2ncia\">Insignific\u00e2ncia<\/a><\/em><\/strong> <\/figcaption><\/figure>\n\n\n\n<p>E quem entrou na vibe com o <strong><em><a href=\"http:\/\/E quem entrou na vibe com o Giu Cota foi o elenco de Insignific\u00e2ncia na pr\u00e9-estreia no Teatro FAAP! Insignific\u00e2ncia, que estreou no dia 10 de outubro no Teatro FAAP, nos transporta para um hotel em Nova York em 1953, onde ocorre um hipot\u00e9tico encontro entre quatro \u00edcones da cultura americana: Marilyn Monroe, Albert Einstein, Joe DiMaggio e o senador Joe McCarthy. O enredo, adaptado do texto do dramaturgo ingl\u00eas Terry Johnson, explora as consequ\u00eancias da fama e o impacto de figuras hist\u00f3ricas em suas vidas pessoais e na pol\u00edtica. A pe\u00e7a, lan\u00e7ada originalmente em 1983, mant\u00e9m-se surpreendentemente atual ao refletir sobre quest\u00f5es de popularidade e poder. Na montagem brasileira, o elenco estrelado por Marcos Veras, Amanda Acosta, C\u00e1ssio Scapin e Norival Rizzo assume os pap\u00e9is desses personagens lend\u00e1rios, sob a dire\u00e7\u00e3o de Victor Garcia Peralta. Com tradu\u00e7\u00e3o de Greg\u00f3rio Duvivier, o espet\u00e1culo revisita esse encontro fict\u00edcio, onde a rejei\u00e7\u00e3o \u00e0 fama de Einstein contrasta com a hesitante aceita\u00e7\u00e3o de Marilyn Monroe e a decep\u00e7\u00e3o de DiMaggio ao perder seu status de celebridade. A pe\u00e7a tamb\u00e9m aborda o contexto pol\u00edtico, representado pelo senador McCarthy, \u00edcone do macartismo e suas persegui\u00e7\u00f5es anticomunistas. A dire\u00e7\u00e3o de Victor Garcia Peralta \u00e9 certeira, e os figurinos de F\u00e1bio Namatame, junto ao visagismo de Claudinei Hidalgo e as perucas de Feliciano San Roman, capturam a ess\u00eancia dessas personalidades ic\u00f4nicas, oferecendo uma experi\u00eancia visualmente marcante.https:\/\/www.instagram.com\/giucota?\" title=\"Giu Cota\">Giu Cota<\/a><\/em><\/strong> foi o elenco de &#8220;<strong><em>Insignific\u00e2ncia<\/em><\/strong>&#8221; na pr\u00e9-estreia no <strong><em>Teatro FAAP<\/em><\/strong>!<br>Insignific\u00e2ncia, que estreou no dia 10 de outubro no<strong><em> Teatro FAAP<\/em><\/strong>, nos transporta para um hotel em Nova York em 1953, onde ocorre um hipot\u00e9tico encontro entre quatro \u00edcones da cultura americana: <strong><em>Marilyn Monroe, Albert Einstein, Joe DiMaggio e o senador Joe McCarthy<\/em><\/strong>. O enredo, adaptado do texto do dramaturgo ingl\u00eas <strong><em>Terry Johnson<\/em><\/strong>, explora as consequ\u00eancias da fama e o impacto de figuras hist\u00f3ricas em suas vidas pessoais e na pol\u00edtica. A pe\u00e7a, lan\u00e7ada originalmente em 1983, mant\u00e9m-se surpreendentemente atual ao refletir sobre quest\u00f5es de popularidade e poder.<br>Na montagem brasileira, o elenco estrelado por <strong><em><a href=\"https:\/\/www.instagram.com\/omarcosveras\/\" title=\"Marcos Veras\">Marcos Veras<\/a><\/em><\/strong>, <strong><em><a href=\"https:\/\/www.instagram.com\/amandaacosta\/\" title=\"Amanda Acosta\">Amanda Acosta<\/a><\/em><\/strong>, <strong><em><a href=\"https:\/\/www.instagram.com\/cassioscapin\/\" title=\"C\u00e1ssio Scapin\">C\u00e1ssio Scapin<\/a><\/em><\/strong> e <strong><em><a href=\"https:\/\/www.instagram.com\/norival__rizzo\/\" title=\"Norival Rizzo\">Norival Rizzo<\/a><\/em><\/strong> assume os pap\u00e9is desses personagens lend\u00e1rios, sob a dire\u00e7\u00e3o de <strong><em><a href=\"https:\/\/www.instagram.com\/victorgarciaperalta\/\" title=\"Victor Garcia Peralta.\">Victor Garcia Peralta.<\/a><\/em><\/strong> Com tradu\u00e7\u00e3o de <strong><em><a href=\"https:\/\/www.instagram.com\/gduvivier\/\" title=\"Greg\u00f3rio Duvivier\">Greg\u00f3rio Duvivier<\/a><\/em><\/strong>, o espet\u00e1culo revisita esse encontro fict\u00edcio, onde a rejei\u00e7\u00e3o \u00e0 fama de Einstein contrasta com a hesitante aceita\u00e7\u00e3o de <strong><em>Marilyn Monroe<\/em><\/strong> e a decep\u00e7\u00e3o de <strong><em>DiMaggio<\/em><\/strong> ao perder seu status de celebridade. A pe\u00e7a tamb\u00e9m aborda o contexto pol\u00edtico, representado pelo senador <strong><em>McCarthy<\/em><\/strong>, \u00edcone do <strong>*macartismo<\/strong> e suas persegui\u00e7\u00f5es anticomunistas.<br>A dire\u00e7\u00e3o de <strong><em>Victor Garcia Peralta<\/em><\/strong> \u00e9 certeira, e os figurinos de <strong><em>F\u00e1bio Namatam<\/em><\/strong>e, junto ao visagismo de <strong><em>Claudinei Hidalgo<\/em><\/strong> e as perucas de <strong><em>Feliciano San Roman<\/em><\/strong>, capturam a ess\u00eancia dessas personalidades ic\u00f4nicas, oferecendo uma experi\u00eancia visualmente marcante.<\/p>\n\n\n\n<figure class=\"wp-container-2 wp-block-gallery-1 wp-block-gallery has-nested-images columns-default is-cropped\">\n<figure class=\"wp-block-image size-large\"><img width=\"1280\" height=\"969\" data-id=\"16137\"  src=\"https:\/\/vimagazine.com.br\/wp-content\/uploads\/2024\/10\/photo_2024-10-12_10-03-45.jpg\" alt=\"\" class=\"wp-image-16137\" srcset=\"https:\/\/vimagazine.com.br\/wp-content\/uploads\/2024\/10\/photo_2024-10-12_10-03-45.jpg 1280w, https:\/\/vimagazine.com.br\/wp-content\/uploads\/2024\/10\/photo_2024-10-12_10-03-45-300x227.jpg 300w, https:\/\/vimagazine.com.br\/wp-content\/uploads\/2024\/10\/photo_2024-10-12_10-03-45-1024x775.jpg 1024w, https:\/\/vimagazine.com.br\/wp-content\/uploads\/2024\/10\/photo_2024-10-12_10-03-45-768x581.jpg 768w\" sizes=\"(max-width: 1280px) 100vw, 1280px\" \/><figcaption>Marcos Veras<\/figcaption><\/figure>\n\n\n\n<figure class=\"wp-block-image size-large\"><img width=\"576\" height=\"1024\" data-id=\"16140\"  src=\"https:\/\/vimagazine.com.br\/wp-content\/uploads\/2024\/10\/photo_2024-10-12_10-33-38-576x1024.jpg\" alt=\"\" class=\"wp-image-16140\" srcset=\"https:\/\/vimagazine.com.br\/wp-content\/uploads\/2024\/10\/photo_2024-10-12_10-33-38-576x1024.jpg 576w, https:\/\/vimagazine.com.br\/wp-content\/uploads\/2024\/10\/photo_2024-10-12_10-33-38-169x300.jpg 169w, https:\/\/vimagazine.com.br\/wp-content\/uploads\/2024\/10\/photo_2024-10-12_10-33-38.jpg 720w\" sizes=\"(max-width: 576px) 100vw, 576px\" \/><figcaption>Norival Rizzo<\/figcaption><\/figure>\n\n\n\n<figure class=\"wp-block-image size-large\"><img width=\"720\" height=\"1280\" data-id=\"16139\"  src=\"https:\/\/vimagazine.com.br\/wp-content\/uploads\/2024\/10\/photo_2024-10-12_10-33-33.jpg\" alt=\"\" class=\"wp-image-16139\" srcset=\"https:\/\/vimagazine.com.br\/wp-content\/uploads\/2024\/10\/photo_2024-10-12_10-33-33.jpg 720w, https:\/\/vimagazine.com.br\/wp-content\/uploads\/2024\/10\/photo_2024-10-12_10-33-33-169x300.jpg 169w, https:\/\/vimagazine.com.br\/wp-content\/uploads\/2024\/10\/photo_2024-10-12_10-33-33-576x1024.jpg 576w\" sizes=\"(max-width: 720px) 100vw, 720px\" \/><figcaption>Cassio Scarpim <\/figcaption><\/figure>\n\n\n\n<figure class=\"wp-block-image size-large\"><img width=\"1024\" height=\"576\" data-id=\"16138\"  src=\"https:\/\/vimagazine.com.br\/wp-content\/uploads\/2024\/10\/photo_2024-10-12_10-33-28-1024x576.jpg\" alt=\"\" class=\"wp-image-16138\" srcset=\"https:\/\/vimagazine.com.br\/wp-content\/uploads\/2024\/10\/photo_2024-10-12_10-33-28-1024x576.jpg 1024w, https:\/\/vimagazine.com.br\/wp-content\/uploads\/2024\/10\/photo_2024-10-12_10-33-28-300x169.jpg 300w, https:\/\/vimagazine.com.br\/wp-content\/uploads\/2024\/10\/photo_2024-10-12_10-33-28-768x432.jpg 768w, https:\/\/vimagazine.com.br\/wp-content\/uploads\/2024\/10\/photo_2024-10-12_10-33-28.jpg 1280w\" sizes=\"(max-width: 1024px) 100vw, 1024px\" \/><figcaption>Amanda Acosta<\/figcaption><\/figure>\n<\/figure>\n\n\n\n<p>Apesar dos 70 anos que nos separam da \u00e9poca retratada, os temas continuam atuais. Hoje, <strong><em>Marilyn<\/em><\/strong> seria uma musa das redes sociais, e o jogador de beisebol, como <strong><em>DiMaggio<\/em><\/strong>, poderia facilmente ser substitu\u00eddo por um astro do futebol. O senador, por sua vez, estaria representando o mesmo discurso no plen\u00e1rio brasileiro. Somente <strong>Einstein<\/strong> seguiria com sua contribui\u00e7\u00e3o inestim\u00e1vel \u00e0 sociedade.<br>A produ\u00e7\u00e3o de <strong><em>Insignific\u00e2nci<\/em>a<\/strong> \u00e9 um deleite para os amantes do teatro, trazendo humor e profundidade em medidas iguais, e promete ser um dos grandes sucessos desta temporada no <strong><em>Teatro FAAP<\/em><\/strong>.<\/p>\n\n\n\n<p><strong><em>Giu:<\/em><\/strong> &#8220;Ao assistir Insignific\u00e2ncia, o que mais me impressionou foi a sutileza com que o espet\u00e1culo aborda quest\u00f5es profundas de uma forma leve e inteligente. A pe\u00e7a desafia estere\u00f3tipos, especialmente na figura de <strong>Marilyn Monroe<\/strong>, interpretada brilhantemente por <strong><em>Amanda Acosta<\/em><\/strong>. Sua personagem, frequentemente vista apenas como um \u00edcone de beleza, revela-se muito mais do que isso. Entre momentos de humor leve e di\u00e1logos afiados, <strong>Monroe<\/strong> nos lembra que a mulher pode ser bonita e inteligente, e que essas qualidades n\u00e3o s\u00e3o mutuamente exclusivas. Essa mensagem, embora sutil, \u00e9 extremamente poderosa e atual, tornando o espet\u00e1culo uma reflex\u00e3o n\u00e3o s\u00f3 sobre fama, mas tamb\u00e9m sobre o valor das mulheres al\u00e9m de sua apar\u00eancia.<br><strong><em>Insignific\u00e2ncia<\/em><\/strong> nos faz rir, pensar e questionar, sempre com um toque de eleg\u00e2ncia e intelig\u00eancia que poucos textos conseguem alcan\u00e7ar&#8221;.<\/p>\n\n\n\n<p>Acompanhe sempre a minha coluna<strong><em> #NaVibeComGiuCota<\/em><\/strong> \u00a0na\u00a0<strong><em>#ViMagazine<\/em><\/strong>\u00a0para mais conte\u00fados exclusivos! para dicas exclusivas e entrevistas que fazem a diferen\u00e7a na sua vida!<\/p>\n\n\n\n<p><strong>GiuCota #Podcast #PodCota #RobertoAssessor<\/strong> <strong>#insiguinificancia #marcosveras #amandaacosta #cassioscarpim #nivaldorizzo<\/strong> <\/p>\n\n\n\n<p>Contato Assessoria Giu Cota:<br><a href=\"https:\/\/www.instagram.com\/robertoassessor?\" title=\"Roberto Rodrigues\">R<strong><em>oberto Rodrigues<\/em><\/strong><\/a><\/p>\n\n\n\n<p><strong>Giu Cota<\/strong><br>Colunista Vi Magazine<br>\u201cNa Vibe com Giu Cota\u201d<\/p>\n\n\n\n<h1><\/h1>\n","protected":false},"excerpt":{"rendered":"<p>E quem entrou na vibe com o Giu Cota foi o elenco de &#8220;Insignific\u00e2ncia&#8221; na&#8230;<\/p>\n","protected":false},"author":37,"featured_media":0,"comment_status":"closed","ping_status":"open","sticky":false,"template":"","format":"standard","meta":{"om_disable_all_campaigns":false,"_monsterinsights_skip_tracking":false,"_monsterinsights_sitenote_active":false,"_monsterinsights_sitenote_note":"","_monsterinsights_sitenote_category":0,"spay_email":""},"categories":[1],"tags":[],"jetpack_featured_media_url":"","_links":{"self":[{"href":"https:\/\/vimagazine.com.br\/index.php?rest_route=\/wp\/v2\/posts\/16135"}],"collection":[{"href":"https:\/\/vimagazine.com.br\/index.php?rest_route=\/wp\/v2\/posts"}],"about":[{"href":"https:\/\/vimagazine.com.br\/index.php?rest_route=\/wp\/v2\/types\/post"}],"author":[{"embeddable":true,"href":"https:\/\/vimagazine.com.br\/index.php?rest_route=\/wp\/v2\/users\/37"}],"replies":[{"embeddable":true,"href":"https:\/\/vimagazine.com.br\/index.php?rest_route=%2Fwp%2Fv2%2Fcomments&post=16135"}],"version-history":[{"count":3,"href":"https:\/\/vimagazine.com.br\/index.php?rest_route=\/wp\/v2\/posts\/16135\/revisions"}],"predecessor-version":[{"id":16145,"href":"https:\/\/vimagazine.com.br\/index.php?rest_route=\/wp\/v2\/posts\/16135\/revisions\/16145"}],"wp:attachment":[{"href":"https:\/\/vimagazine.com.br\/index.php?rest_route=%2Fwp%2Fv2%2Fmedia&parent=16135"}],"wp:term":[{"taxonomy":"category","embeddable":true,"href":"https:\/\/vimagazine.com.br\/index.php?rest_route=%2Fwp%2Fv2%2Fcategories&post=16135"},{"taxonomy":"post_tag","embeddable":true,"href":"https:\/\/vimagazine.com.br\/index.php?rest_route=%2Fwp%2Fv2%2Ftags&post=16135"}],"curies":[{"name":"wp","href":"https:\/\/api.w.org\/{rel}","templated":true}]}}