{"id":16153,"date":"2024-10-15T15:43:51","date_gmt":"2024-10-15T18:43:51","guid":{"rendered":"https:\/\/vimagazine.com.br\/?p=16153"},"modified":"2024-10-15T15:43:53","modified_gmt":"2024-10-15T18:43:53","slug":"musica-e-instrumento-para-a-vida-katia-siqueira-regente-e-diretora-do-instituto-arte-maior-de-joinville","status":"publish","type":"post","link":"https:\/\/vimagazine.com.br\/?p=16153","title":{"rendered":"M\u00fasica \u00e9 instrumento para a vida K\u00e1tia Siqueira, regente e diretora do Instituto Arte Maior, de Joinville"},"content":{"rendered":"\n<p class=\"has-text-align-center\">Alimentar o potencial intelectual e criativo \u00e9 um dos resultados mais construtivos do trabalho voltado \u00e0 forma\u00e7\u00e3o musical de crian\u00e7as e adolescentes, seja em institui\u00e7\u00f5es p\u00fablicas ou privadas, seja naquelas que mant\u00eam a\u00e7\u00f5es sociais como prop\u00f3sito de sua exist\u00eancia<\/p>\n\n\n\n<p class=\"has-text-align-center\">. Esse vasto campo do conhecimento abre portas para que os alunos beneficiados possam se comunicar de forma plena ao longo da vida, seguindo carreira profissional ou mesmo incorporando as pr\u00e1ticas art\u00edsticas ao cotidiano, o que fortalece enormemente a sa\u00fade emocional.<\/p>\n\n\n\n<p class=\"has-text-align-center\">O vi\u00e9s social est\u00e1 no DNA do Instituto Arte Maior, de Joinville, criado em 2019, e que, no ano passado, abra\u00e7ou a gest\u00e3o da Escola Arte Maior, prestes a completar 36 anos de funda\u00e7\u00e3o, como uma fam\u00edlia de artes musicais que se entrela\u00e7a com a hist\u00f3ria de Joinville. <\/p>\n\n\n\n<p class=\"has-text-align-center\">Hoje com cerca de 1 mil alunos e cursos nas \u00e1reas de cordas, teclas, percuss\u00e3o, vocal, teoria e musicaliza\u00e7\u00e3o infantil, o instituto oferece 140 bolsas de estudo gratuitas, no Programa de Forma\u00e7\u00e3o Musical que engloba musicaliza\u00e7\u00e3o, teoria, canto coral e instrumentos.<\/p>\n\n\n\n<p class=\"has-text-align-center\"> Atendemos uma pequena parte da enorme demanda sociocultural da popula\u00e7\u00e3o joinvilense, diante das poucas possibilidades de acesso \u00e0 forma\u00e7\u00e3o musical e atividades culturais para crian\u00e7as e jovens de fam\u00edlias de baixa renda. <\/p>\n\n\n\n<p class=\"has-text-align-center\">Nosso projeto de bolsas \u2013 como muitas iniciativas neste campo, em todo o pa\u00eds \u2013 \u00e9 viabilizado por meio da Lei de Incentivo \u00e0 Cultura do governo federal.<\/p>\n\n\n\n<p class=\"has-text-align-center\">A proposta de levar qualquer pessoa para o universo musical, n\u00e3o somente para \u201caprender m\u00fasica\u201d, mas para \u201cfazer m\u00fasica\u201d como meio de express\u00e3o, possibilitando que cada indiv\u00edduo tenha chances de \u201cexpandir-se vivamente, explorando, desenvolvendo sua musicalidade, e se comunicando atrav\u00e9s dela\u201d, \u00e9 defendia por Carl Orff, compositor alem\u00e3o (1895-1982), criador de tr\u00eas grandes obras: Carmina Burana, Catulli Carmina e O Triunfo de Afrodite. <\/p>\n\n\n\n<p class=\"has-text-align-center\">\u00c9 a linha mestra de nosso trabalho, no programa de forma\u00e7\u00e3o.<\/p>\n\n\n\n<p class=\"has-text-align-center\"> No primeiro ano, os alunos aprendem canto coral e musicaliza\u00e7\u00e3o.<\/p>\n\n\n\n<p class=\"has-text-align-center\"> Do segundo ano em diante, passam a fazer tamb\u00e9m aulas de instrumento \u2013 e, depois de concluir o n\u00edvel elementar do instrumento escolhido, percorrem dois anos de teoria musical. <\/p>\n\n\n\n<p class=\"has-text-align-center\">O processo global de forma\u00e7\u00e3o dura de oito a dez anos, sempre acompanhado por oficinas multiart\u00edsticas, com professores convidados em diferentes \u00e1reas da m\u00fasica e das artes c\u00eanicas.<\/p>\n\n\n\n<p class=\"has-text-align-center\">No curso de instrumento musical, uma demanda emergente diz respeito ao fato de que uma parte significativa dos alunos bolsistas n\u00e3o disp\u00f5e de material pr\u00f3prio para a pr\u00e1tica em casa, necess\u00e1ria entre uma aula e outra.<\/p>\n\n\n\n<p class=\"has-text-align-center\"> Essas crian\u00e7as e adolescentes, muitos deles talentosos, demonstram uma evolu\u00e7\u00e3o aqu\u00e9m da esperada em compara\u00e7\u00e3o com outros que t\u00eam condi\u00e7\u00f5es de adquirir seu pr\u00f3prio instrumento. Para suprir tal lacuna, montamos um novo projeto, batizado de \u201cInstrumentalize\u201d. <\/p>\n\n\n\n<p class=\"has-text-align-center\">O projeto foi inclu\u00eddo em edital para destina\u00e7\u00e3o de recursos via emenda parlamentar do deputado estadual Matheus Cadorin \u2013 e depende do voto da popula\u00e7\u00e3o, no link, para ser validado. <\/p>\n\n\n\n<p class=\"has-text-align-center\">Com os recursos, a inten\u00e7\u00e3o \u00e9 financiar a compra de instrumentos diversos, que poder\u00e3o ser emprestados aos alunos, ao longo do curso, para fortalecer as atividades pr\u00e1ticas t\u00e3o essenciais ao processo de ensino-aprendizagem.<\/p>\n\n\n\n<p class=\"has-text-align-center\">Esperamos, assim, habilitar os participantes para participar de recitais e ter a viv\u00eancia de se apresentar individualmente com o seu instrumento, trabalhando a autoestima, o empoderamento e o desenvolvimento de seus talentos. <\/p>\n\n\n\n<p class=\"has-text-align-center\">Em s\u00edntese, queremos proporcionar a igualdade nas condi\u00e7\u00f5es de aprendizado, incentivando a arte e a cultura, o crescimento pessoal, profissional e a realiza\u00e7\u00e3o de sonhos.<\/p>\n\n\n\n<p class=\"has-text-align-center\">Assessoria de imprensa Instituto Arte Maior.<\/p>\n\n\n\n<p class=\"has-text-align-center\">Jornalista respons\u00e1vel: <\/p>\n\n\n\n<p class=\"has-text-align-center\">Guilherme Diefenthaeler<\/p>\n\n\n\n<p class=\"has-text-align-center\"> (reg. prof. 6207\/RS). <\/p>\n\n\n\n<p class=\"has-text-align-center\">WhatsApp (47) 98403-2745.<\/p>\n","protected":false},"excerpt":{"rendered":"<p>Alimentar o potencial intelectual e criativo \u00e9 um dos resultados mais construtivos do trabalho voltado&#8230;<\/p>\n","protected":false},"author":3,"featured_media":16154,"comment_status":"closed","ping_status":"open","sticky":false,"template":"","format":"standard","meta":{"om_disable_all_campaigns":false,"_monsterinsights_skip_tracking":false,"_monsterinsights_sitenote_active":false,"_monsterinsights_sitenote_note":"","_monsterinsights_sitenote_category":0,"spay_email":""},"categories":[1],"tags":[],"jetpack_featured_media_url":"https:\/\/vimagazine.com.br\/wp-content\/uploads\/2024\/10\/kati-e1729017654490.jpg","_links":{"self":[{"href":"https:\/\/vimagazine.com.br\/index.php?rest_route=\/wp\/v2\/posts\/16153"}],"collection":[{"href":"https:\/\/vimagazine.com.br\/index.php?rest_route=\/wp\/v2\/posts"}],"about":[{"href":"https:\/\/vimagazine.com.br\/index.php?rest_route=\/wp\/v2\/types\/post"}],"author":[{"embeddable":true,"href":"https:\/\/vimagazine.com.br\/index.php?rest_route=\/wp\/v2\/users\/3"}],"replies":[{"embeddable":true,"href":"https:\/\/vimagazine.com.br\/index.php?rest_route=%2Fwp%2Fv2%2Fcomments&post=16153"}],"version-history":[{"count":1,"href":"https:\/\/vimagazine.com.br\/index.php?rest_route=\/wp\/v2\/posts\/16153\/revisions"}],"predecessor-version":[{"id":16155,"href":"https:\/\/vimagazine.com.br\/index.php?rest_route=\/wp\/v2\/posts\/16153\/revisions\/16155"}],"wp:featuredmedia":[{"embeddable":true,"href":"https:\/\/vimagazine.com.br\/index.php?rest_route=\/wp\/v2\/media\/16154"}],"wp:attachment":[{"href":"https:\/\/vimagazine.com.br\/index.php?rest_route=%2Fwp%2Fv2%2Fmedia&parent=16153"}],"wp:term":[{"taxonomy":"category","embeddable":true,"href":"https:\/\/vimagazine.com.br\/index.php?rest_route=%2Fwp%2Fv2%2Fcategories&post=16153"},{"taxonomy":"post_tag","embeddable":true,"href":"https:\/\/vimagazine.com.br\/index.php?rest_route=%2Fwp%2Fv2%2Ftags&post=16153"}],"curies":[{"name":"wp","href":"https:\/\/api.w.org\/{rel}","templated":true}]}}