{"id":16156,"date":"2024-10-16T09:10:08","date_gmt":"2024-10-16T12:10:08","guid":{"rendered":"https:\/\/vimagazine.com.br\/?p=16156"},"modified":"2024-10-16T09:10:10","modified_gmt":"2024-10-16T12:10:10","slug":"perfekta-uma-aventura-da-escola-de-genios-chega-aos-cinemas-no-mes-das-criancas","status":"publish","type":"post","link":"https:\/\/vimagazine.com.br\/?p=16156","title":{"rendered":"Perfekta: Uma Aventura da Escola de G\u00eanios chega aos cinemas no m\u00eas das crian\u00e7as!"},"content":{"rendered":"\n<p>Quem entrou na <strong>vibe<\/strong> com <strong><em><a href=\"https:\/\/www.instagram.com\/giucota?\" title=\"Giu Cota\">Giu Cota<\/a><\/em><\/strong> foi o elenco de <strong><em><a href=\"https:\/\/www.instagram.com\/perfektafilme\/\" title=\"Perfekta\">Perfekta<\/a><\/em><\/strong>! <\/p>\n\n\n\n<p>O aguardado <strong>Perfekta: Uma Aventura da Escola de G\u00eanios<\/strong> estreia oficialmente nos cinemas na <strong>quinta-feira, 17 de outubro<\/strong>, em pleno <strong>m\u00eas das crian\u00e7as<\/strong>, prometendo muita <strong>a\u00e7\u00e3o<\/strong>, <strong>aventura<\/strong> e divers\u00e3o para toda a fam\u00edlia. \ud83c\udfac\u2728<\/p>\n\n\n\n<figure class=\"wp-block-image size-large\"><img width=\"1024\" height=\"718\" src=\"https:\/\/vimagazine.com.br\/wp-content\/uploads\/2024\/10\/photo_2024-10-16_08-44-01-1024x718.jpg\" alt=\"\" class=\"wp-image-16157\" srcset=\"https:\/\/vimagazine.com.br\/wp-content\/uploads\/2024\/10\/photo_2024-10-16_08-44-01-1024x718.jpg 1024w, https:\/\/vimagazine.com.br\/wp-content\/uploads\/2024\/10\/photo_2024-10-16_08-44-01-300x210.jpg 300w, https:\/\/vimagazine.com.br\/wp-content\/uploads\/2024\/10\/photo_2024-10-16_08-44-01-768x538.jpg 768w, https:\/\/vimagazine.com.br\/wp-content\/uploads\/2024\/10\/photo_2024-10-16_08-44-01.jpg 1280w\" sizes=\"(max-width: 1024px) 100vw, 1024px\" \/><figcaption>Foto <a href=\"https:\/\/www.instagram.com\/nicolausatudifoto\/\" title=\"Nicolau Satudi\">Nicolau Satudi<\/a><\/figcaption><\/figure>\n\n\n\n<p>O filme, que j\u00e1 est\u00e1 com pr\u00e9-estreias rodando o Brasil desde o \u00faltimo s\u00e1bado, 12 de outubro, teve sua primeira exibi\u00e7\u00e3o no <strong>Festival do Rio<\/strong>, lotando a sess\u00e3o com a presen\u00e7a de elenco e convidados especiais. Distribu\u00eddo pela <strong>Imagem Filmes<\/strong> e dirigido por <strong>Jo\u00e3o Daniel Tikhomiroff<\/strong> (conhecido por &#8220;Besouro&#8221;), o longa \u00e9 uma deriva\u00e7\u00e3o da premiada s\u00e9rie infantil <strong>Escola de G\u00eanios<\/strong> (Gloob), criada por <strong>Angela Fabri<\/strong>, que tamb\u00e9m assina o roteiro ao lado de <strong>David Fran\u00e7a Mendes<\/strong>. A trilha sonora original \u00e9 de <strong>Diogo Po\u00e7as<\/strong>, e a produ\u00e7\u00e3o \u00e9 da <strong>Mixer Films<\/strong>, em coprodu\u00e7\u00e3o com a <strong>Globo Filmes<\/strong> e o <strong>Gloob<\/strong>. Na trama, os jovens g\u00eanios <strong>Isa<\/strong> (Sophia Rosa), <strong>Tom<\/strong> (Enzo Ign\u00e1cio) e <strong>Linus<\/strong> (Murilo Gricolo) se veem em uma miss\u00e3o eletrizante: salvar a mem\u00f3ria de <strong>Einstein<\/strong>, o rob\u00f4 mais antigo da escola, ap\u00f3s ele ser infectado por um v\u00edrus letal durante uma tentativa de upgrade. Para isso, eles partem em uma aventura emocionante no <strong>Laborat\u00f3rio Perfekta<\/strong>, o para\u00edso dos rob\u00f4s e androides, onde vivem o renomado cientista <strong>\u00c9dison Tom\u00e1z<\/strong> (interpretado por <strong>Romulo Estrela<\/strong>) e sua filha <strong>Nano<\/strong>(Ana Carolina Leite). \ud83e\uddd1\u200d\ud83d\udd2c\ud83e\udd16<\/p>\n\n\n\n<figure class=\"wp-block-image size-large\"><img width=\"1024\" height=\"576\" src=\"https:\/\/vimagazine.com.br\/wp-content\/uploads\/2024\/10\/photo_2024-10-16_08-32-32-1024x576.jpg\" alt=\"\" class=\"wp-image-16158\" srcset=\"https:\/\/vimagazine.com.br\/wp-content\/uploads\/2024\/10\/photo_2024-10-16_08-32-32-1024x576.jpg 1024w, https:\/\/vimagazine.com.br\/wp-content\/uploads\/2024\/10\/photo_2024-10-16_08-32-32-300x169.jpg 300w, https:\/\/vimagazine.com.br\/wp-content\/uploads\/2024\/10\/photo_2024-10-16_08-32-32-768x432.jpg 768w, https:\/\/vimagazine.com.br\/wp-content\/uploads\/2024\/10\/photo_2024-10-16_08-32-32.jpg 1280w\" sizes=\"(max-width: 1024px) 100vw, 1024px\" \/><figcaption>Giu Cota e <strong><em><a href=\"https:\/\/www.instagram.com\/romuloestrela\/\" title=\"Romulo Estrela\">Romulo Estrela<\/a><\/em><\/strong><\/figcaption><\/figure>\n\n\n\n<p>Com <strong>efeitos visuais<\/strong> de alto n\u00edvel e uma narrativa que mistura <strong>fic\u00e7\u00e3o cient\u00edfica<\/strong>, <strong>humor<\/strong> e <strong>muita a\u00e7\u00e3o<\/strong>, o filme \u00e9 uma experi\u00eancia cinematogr\u00e1fica imperd\u00edvel para as crian\u00e7as e adultos que adoram uma boa hist\u00f3ria de aventura. A estreia no <strong>m\u00eas das crian\u00e7as<\/strong> faz de <strong>Perfekta<\/strong> o filme ideal para celebrar a data e inspirar os pequenos a se divertirem enquanto aprendem. Prepare-se para essa jornada fascinante e garanta j\u00e1 o seu ingresso! \ud83c\udfa5\ud83d\udc68\u200d\ud83d\udc69\u200d\ud83d\udc67\u200d\ud83d\udc66<\/p>\n\n\n\n<p>Veja a entrevista, no meu canal, <strong><a href=\"https:\/\/youtube.com\/@podcota?\" title=\"Podcota\">Podcota<\/a><\/strong> no Youtube. <\/p>\n\n\n\n<p>Acompanhe sempre a minha coluna <strong>#NaVibeComGiuCota <\/strong><em>&nbsp;na&nbsp;<\/em><strong><em>#ViMagazine<\/em><\/strong><em>&nbsp;para mais conte\u00fados exclusivos!<\/em> para dicas exclusivas e entrevistas que fazem a diferen\u00e7a na sua vida!<\/p>\n\n\n\n<p><strong>#GiuCota #Podcast #PodCota #RobertoAssessor #cinema #aventura #romuloestrela #perfekta #escoladegenios #mesdascriancas #filmefamiliar #estreianacional #globofilmes #imagemilmes #gloob <\/strong><\/p>\n\n\n\n<p>Contato Assessoria Giu Cota:<br><strong><a href=\"https:\/\/www.instagram.com\/robertoassessor?\" title=\"Roberto Rodrigues\">Roberto Rodrigues<\/a><\/strong><\/p>\n\n\n\n<p><strong>Giu Cota<\/strong><br><strong>Colunista Vi Magazine<\/strong><br><strong>\u201cNa Vibe com Giu Cota\u201d<\/strong><\/p>\n","protected":false},"excerpt":{"rendered":"<p>Quem entrou na vibe com Giu Cota foi o elenco de Perfekta! O aguardado Perfekta:&#8230;<\/p>\n","protected":false},"author":37,"featured_media":0,"comment_status":"closed","ping_status":"open","sticky":false,"template":"","format":"standard","meta":{"om_disable_all_campaigns":false,"_monsterinsights_skip_tracking":false,"_monsterinsights_sitenote_active":false,"_monsterinsights_sitenote_note":"","_monsterinsights_sitenote_category":0,"spay_email":""},"categories":[1],"tags":[],"jetpack_featured_media_url":"","_links":{"self":[{"href":"https:\/\/vimagazine.com.br\/index.php?rest_route=\/wp\/v2\/posts\/16156"}],"collection":[{"href":"https:\/\/vimagazine.com.br\/index.php?rest_route=\/wp\/v2\/posts"}],"about":[{"href":"https:\/\/vimagazine.com.br\/index.php?rest_route=\/wp\/v2\/types\/post"}],"author":[{"embeddable":true,"href":"https:\/\/vimagazine.com.br\/index.php?rest_route=\/wp\/v2\/users\/37"}],"replies":[{"embeddable":true,"href":"https:\/\/vimagazine.com.br\/index.php?rest_route=%2Fwp%2Fv2%2Fcomments&post=16156"}],"version-history":[{"count":2,"href":"https:\/\/vimagazine.com.br\/index.php?rest_route=\/wp\/v2\/posts\/16156\/revisions"}],"predecessor-version":[{"id":16162,"href":"https:\/\/vimagazine.com.br\/index.php?rest_route=\/wp\/v2\/posts\/16156\/revisions\/16162"}],"wp:attachment":[{"href":"https:\/\/vimagazine.com.br\/index.php?rest_route=%2Fwp%2Fv2%2Fmedia&parent=16156"}],"wp:term":[{"taxonomy":"category","embeddable":true,"href":"https:\/\/vimagazine.com.br\/index.php?rest_route=%2Fwp%2Fv2%2Fcategories&post=16156"},{"taxonomy":"post_tag","embeddable":true,"href":"https:\/\/vimagazine.com.br\/index.php?rest_route=%2Fwp%2Fv2%2Ftags&post=16156"}],"curies":[{"name":"wp","href":"https:\/\/api.w.org\/{rel}","templated":true}]}}