{"id":1620,"date":"2021-11-27T09:20:20","date_gmt":"2021-11-27T12:20:20","guid":{"rendered":"https:\/\/vimagazine.com.br\/?p=1620"},"modified":"2021-11-27T09:20:22","modified_gmt":"2021-11-27T12:20:22","slug":"banda-radio-taxi-no-pida-music-festival-arena-fonte-nova-salvador","status":"publish","type":"post","link":"https:\/\/vimagazine.com.br\/?p=1620","title":{"rendered":"Banda R\u00e1dio T\u00e1xi no Pida Music Festival \u2013 Arena Fonte Nova \u2013 Salvador"},"content":{"rendered":"\n<p>A banda&nbsp;<strong>R\u00e1dio T\u00e1xi&nbsp;<\/strong>promete agitar a Arena Fonte Nova em Salvador&nbsp;no pr\u00f3ximo dia 08 de dezembro no&nbsp;<strong>Pida Music Festival.&nbsp;<\/strong>O novo vocalista da banda Betto Luck est\u00e1 &nbsp;com muita energia para este show ap\u00f3s sua estreia na banda num show em S\u00e3o Paulo.<\/p>\n\n\n\n<p>No repert\u00f3rio podemos destacar grandes hits do R\u00e1dio T\u00e1xi,&nbsp; tais como;&nbsp; \u201cEva\u201d, \u201cR\u00e1dio Ligado\u201d, \u201cUm Amor de Ver\u00e3o\u201d, \u201cCoisas de Casal\u201d, \u201cSe Voc\u00ea Pensa\u201d e&nbsp;o novo single &nbsp;\u201cA For\u00e7a da Minha Vida\u2019\u2019.<\/p>\n\n\n\n<p><br>Para saber mais acesse<\/p>\n\n\n\n<p>Instagram: bandaradiotaxi&nbsp;<\/p>\n\n\n\n<figure class=\"wp-block-embed\"><div class=\"wp-block-embed__wrapper\">\nhttps:\/\/www.facebook.com\/bandaradiotaxi\/?ti=as\n<\/div><\/figure>\n\n\n\n<p><strong><u>Sobre o festival<\/u><\/strong><\/p>\n\n\n\n<p><em>Com noites tem\u00e1ticas, o festival ter\u00e1 m\u00fasica para todos os gostos, al\u00e9m de muita divers\u00e3o<\/em><\/p>\n\n\n\n<p>Sorriso Maroto, Calcinha Preta, Alcione, Roupa Nova, Lim\u00e3o com Mel, Paralamas do Sucesso, Timbalada, Olodum e Unha Pintada s\u00e3o apenas alguns dos nomes que estar\u00e3o participando do Pida Music Festival, que acontecer\u00e1 entre os dias 03 e 19 de dezembro, na Arena Fonte Nova, em Salvador. A proposta do festival \u00e9 a de promover um evento diverso, abrangente, e respeitando as particularidades do gosto musical do p\u00fablico. Assim, as noites ser\u00e3o tem\u00e1ticas, com as mais diversas atra\u00e7\u00f5es para agradar baianos e turistas.<\/p>\n\n\n\n<p>A programa\u00e7\u00e3o geral come\u00e7a no dia 03 de dezembro, com a noite do Forr\u00f3. Na ocasi\u00e3o, se apresentam as bandas Calcinha Preta e Lim\u00e3o com Mel, que celebra o retorno de Edson Lima aos vocais ap\u00f3s 20 anos. No dia seguinte (04), quem desembarca em Salvador ser\u00e1 a Marrom, Alcione, que faz um show especial de samba para a capital baiana. Al\u00e9m dela, o cantor Salgadinho (ex Katinguel\u00ea) tamb\u00e9m se apresenta nesta noite.<\/p>\n\n\n\n<p>No dia 07, o Trap vai tomar conta da Arena Fonte Nova com a apresenta\u00e7\u00e3o do n\u00famero 1 no ranking nacional, Matu\u00ea; e do baiano Teto, considerado \u201crei das pr\u00e9vias nas redes sociais\u201d. Na quarta-feira, feriado de 08 de dezembro, o festival segue com a comemora\u00e7\u00e3o pelos 40 anos do Roupa Nova. A banda R\u00e1dio T\u00e1xi tamb\u00e9m marca presen\u00e7a nessa noite. O som continua no dia 10 de dezembro, com dois grandes destaques do cen\u00e1rio nacional: os Paralamas do Sucesso e a cantora Paula Toller, que apresentar\u00e1 seus maiores sucessos, desde a \u00e9poca do Kid Abelha. Dia 11 \u00e9 uma noite dedicada \u00e0 sofr\u00eancia. E n\u00e3o podiam ficar de fora Unha Pintada, Kevi Jony e Devinho Novaes. J\u00e1 no dia 17, o som do Sorriso Maroto e a irrever\u00eancia do \u00c9 o Tchan tomam conta da arena de shows. Dia 18 tem dose dupla de Pida Music Festival. A tarde ser\u00e1 dedicada ao louvor. O cantor Kemuel e a banda Preto no Branco ser\u00e3o as atra\u00e7\u00f5es do gospel no festival. E \u00e0 noite, a partir das 22 horas, um momento dedicado \u00e0 m\u00fasica percussiva da Bahia, com duas atra\u00e7\u00f5es conhecidas internacionalmente: Olodum e Timbalada!&nbsp;O encerramento, que acontece no dia 19 de dezembro, ser\u00e1 com o ritmo mais popular da Bahia, o pagod\u00e3o! O cantor Robyss\u00e3o comanda a festa e promete muitas surpresas e convidados pra l\u00e1 de especiais para abrilhantar a ocasi\u00e3o. Al\u00e9m disso, acontece neste dia, a primeira apresenta\u00e7\u00e3o em Salvador de Flavinho em seu retorno ao Pagodart.<\/p>\n\n\n\n<p><strong>Sobre o festival<\/strong><\/p>\n\n\n\n<p>O Pida Music Festival \u00e9 uma organiza\u00e7\u00e3o do Pida! e refor\u00e7a que seguir\u00e1 todos os protocolos sanit\u00e1rios e de seguran\u00e7a vigentes. Por isso, ter\u00e1 ingressos limitados e s\u00f3 receber\u00e1 p\u00fablico j\u00e1 completamente imunizado contra a covid19, com a comprova\u00e7\u00e3o no local, atrav\u00e9s do Aplicativo do ConectSUS. \u201cDepois de 18 meses parado, o entretenimento de Salvador ganha um evento que re\u00fane artistas talentosos, sejam da cena local ou nacional. E com certeza, o p\u00fablico vai desfrutar de m\u00fasica de qualidade e divers\u00e3o com responsabilidade\u201d, comenta Paulo Menezes, s\u00f3cio do Pida!. O evento vai proporcionar ao p\u00fablico diferentes \u00e1reas para curtir a festa: Arena, Lounge e \u00c1rea Open Bar. Os ingressos j\u00e1 est\u00e3o sendo vendidos, mas \u00e9 bom se apressar, pois a capacidade de p\u00fablico \u00e9 bastante limitada, seguindo os decretos vigentes. Para mais informa\u00e7\u00f5es sobre ingressos e venda basta acessar o site do Pida (<a href=\"https:\/\/www.pida.com.br\/\" target=\"_blank\" rel=\"noreferrer noopener\">https:\/\/www.pida.com.br\/<\/a>).<\/p>\n\n\n\n<p>Para acompanhar todos os detalhes, basta seguir o Festival no Instagram @pidamusicoficial!<\/p>\n\n\n\n<p><strong>Programa\u00e7\u00e3o CONFIRMADA do Pida Music Festival<\/strong><\/p>\n\n\n\n<p>03\/12 Calcinha Preta e Lim\u00e3o com Mel<\/p>\n\n\n\n<p>04\/12 Alcione e Salgadinho<\/p>\n\n\n\n<p>07\/12 Matu\u00ea e Teto<\/p>\n\n\n\n<p>08\/12 Roupa Nova e R\u00e1dio Taxi<\/p>\n\n\n\n<p>10\/12 Paralamas do Sucesso e Paula Toller<\/p>\n\n\n\n<p>11\/12 Unha Pintada, Kevi Jony e Devinho Novaes<\/p>\n\n\n\n<p>17\/12 Sorriso Maroto e \u00c9 O Tchan<\/p>\n\n\n\n<p>18\/12 Kemuel e Preto no Branco (15h)<\/p>\n\n\n\n<p>18\/12 Timbalada e Olodum (22h)<\/p>\n\n\n\n<p>19\/12 Robyss\u00e3o e convidados<\/p>\n\n\n\n<p>Pipa Comunica\u00e7\u00e3o<\/p>\n\n\n\n<p>Assessoria de Imprensa \u2013 Pida Music Festival<\/p>\n\n\n\n<p>Pietro Ra\u00f1a (71) 99974-6182<\/p>\n\n\n\n<p>Chris Midlej (71) 99102-1273<\/p>\n\n\n\n<p>Assessoria de Imprensa- Banda &nbsp;R\u00e1dio T\u00e1xi<\/p>\n\n\n\n<p>Fernanda Lara Rocca<\/p>\n","protected":false},"excerpt":{"rendered":"<p>A banda&nbsp;R\u00e1dio T\u00e1xi&nbsp;promete agitar a Arena Fonte Nova em Salvador&nbsp;no pr\u00f3ximo dia 08 de dezembro&#8230;<\/p>\n","protected":false},"author":3,"featured_media":1621,"comment_status":"closed","ping_status":"open","sticky":false,"template":"","format":"standard","meta":{"om_disable_all_campaigns":false,"_monsterinsights_skip_tracking":false,"_monsterinsights_sitenote_active":false,"_monsterinsights_sitenote_note":"","_monsterinsights_sitenote_category":0,"spay_email":""},"categories":[1],"tags":[94,86,95,99,101,100],"jetpack_featured_media_url":"https:\/\/vimagazine.com.br\/wp-content\/uploads\/2021\/11\/IMG-20211109-WA0030-e1638015532724.jpg","_links":{"self":[{"href":"https:\/\/vimagazine.com.br\/index.php?rest_route=\/wp\/v2\/posts\/1620"}],"collection":[{"href":"https:\/\/vimagazine.com.br\/index.php?rest_route=\/wp\/v2\/posts"}],"about":[{"href":"https:\/\/vimagazine.com.br\/index.php?rest_route=\/wp\/v2\/types\/post"}],"author":[{"embeddable":true,"href":"https:\/\/vimagazine.com.br\/index.php?rest_route=\/wp\/v2\/users\/3"}],"replies":[{"embeddable":true,"href":"https:\/\/vimagazine.com.br\/index.php?rest_route=%2Fwp%2Fv2%2Fcomments&post=1620"}],"version-history":[{"count":1,"href":"https:\/\/vimagazine.com.br\/index.php?rest_route=\/wp\/v2\/posts\/1620\/revisions"}],"predecessor-version":[{"id":1622,"href":"https:\/\/vimagazine.com.br\/index.php?rest_route=\/wp\/v2\/posts\/1620\/revisions\/1622"}],"wp:featuredmedia":[{"embeddable":true,"href":"https:\/\/vimagazine.com.br\/index.php?rest_route=\/wp\/v2\/media\/1621"}],"wp:attachment":[{"href":"https:\/\/vimagazine.com.br\/index.php?rest_route=%2Fwp%2Fv2%2Fmedia&parent=1620"}],"wp:term":[{"taxonomy":"category","embeddable":true,"href":"https:\/\/vimagazine.com.br\/index.php?rest_route=%2Fwp%2Fv2%2Fcategories&post=1620"},{"taxonomy":"post_tag","embeddable":true,"href":"https:\/\/vimagazine.com.br\/index.php?rest_route=%2Fwp%2Fv2%2Ftags&post=1620"}],"curies":[{"name":"wp","href":"https:\/\/api.w.org\/{rel}","templated":true}]}}