{"id":16227,"date":"2024-10-23T12:38:06","date_gmt":"2024-10-23T15:38:06","guid":{"rendered":"https:\/\/vimagazine.com.br\/?p=16227"},"modified":"2024-10-23T12:42:00","modified_gmt":"2024-10-23T15:42:00","slug":"monthal-anuncia-o-lancamento-de-sua-edicao-especial-de-cafe-no-rio-coffe-nation","status":"publish","type":"post","link":"https:\/\/vimagazine.com.br\/?p=16227","title":{"rendered":"MONTHAL ANUNCIA O LAN\u00c7AMENTO DE SUA EDI\u00c7\u00c3O ESPECIAL DE CAF\u00c9 NO RIO COFFE NATION\u00a0"},"content":{"rendered":"\n<p><\/p>\n\n\n\n<p><\/p>\n\n\n\n<p>A Monthal tem o orgulho de anunciar o lan\u00e7amento de sua edi\u00e7\u00e3o especial de caf\u00e9, com uma embalagem que presta homenagem exclusiva ao Rio de Janeiro e a rica hist\u00f3ria da cafeicultura na regi\u00e3o. Essa homenagem pode ser notada atrav\u00e9s de imagens que celebram os \u00edcones do Rio de Janeiro, como o majestoso Corcovado e as ondula\u00e7\u00f5es da cal\u00e7ada de Copacabana. Cada detalhe da embalagem reflete a ess\u00eancia carioca, unindo a tradi\u00e7\u00e3o do caf\u00e9 de alta qualidade com rica cultura local. Um destaque especial para o renomado Caf\u00e9 Geisha da Fazenda Monthal, reconhecido por sua produ\u00e7\u00e3o sustent\u00e1vel e de alta qualidade.<\/p>\n\n\n\n<p>A edi\u00e7\u00e3o extraordin\u00e1ria foi apresentada no prestigiado evento Rio Coffee Nation, realizado no Jockey Club do Rio de Janeiro nos dias 18 a 20 de outubro 2024 e contou com o apoio da Pesagro, institui\u00e7\u00e3o parceira em pesquisa e tecnologia agr\u00edcola. Este foi um momento de destaque, n\u00e3o apenas para os amantes do caf\u00e9, mas para todos que valorizam a sustentabilidade ambiental e o resgate das tradi\u00e7\u00f5es da cafeicultura regional.<\/p>\n\n\n\n<p>&nbsp;Com sua produ\u00e7\u00e3o voltada para pr\u00e1ticas regenerativas e sustent\u00e1veis, o Caf\u00e9 Monthal reafirma seu compromisso com o meio ambiente e com a qualidade excepcional dos seus gr\u00e3os, proporcionando uma experi\u00eancia \u00fanica em cada x\u00edcara.<\/p>\n\n\n\n<figure class=\"wp-container-2 wp-block-gallery-1 wp-block-gallery has-nested-images columns-default is-cropped\">\n<figure class=\"wp-block-image size-large\"><img width=\"902\" height=\"1202\" data-id=\"16229\"  src=\"https:\/\/vimagazine.com.br\/wp-content\/uploads\/2024\/10\/eleonora-erthal-e-convidada-ao-eventoScreenshot_20241021_160902_Gallery.jpg\" alt=\"\" class=\"wp-image-16229\" srcset=\"https:\/\/vimagazine.com.br\/wp-content\/uploads\/2024\/10\/eleonora-erthal-e-convidada-ao-eventoScreenshot_20241021_160902_Gallery.jpg 902w, https:\/\/vimagazine.com.br\/wp-content\/uploads\/2024\/10\/eleonora-erthal-e-convidada-ao-eventoScreenshot_20241021_160902_Gallery-225x300.jpg 225w, https:\/\/vimagazine.com.br\/wp-content\/uploads\/2024\/10\/eleonora-erthal-e-convidada-ao-eventoScreenshot_20241021_160902_Gallery-768x1023.jpg 768w\" sizes=\"(max-width: 902px) 100vw, 902px\" \/><\/figure>\n\n\n\n<figure class=\"wp-block-image size-large\"><img width=\"904\" height=\"1213\" data-id=\"16230\"  src=\"https:\/\/vimagazine.com.br\/wp-content\/uploads\/2024\/10\/EMPRESARIA-ELEONORA-ERTHAL-DO-CAFE-MONTHAL-E-A-CEO-LUCIANA-ARAUJO-DA-REVISTA-DE-INCLUSAO-SOCIAL-JUREMA-Screenshot_20241020_203435_Gallery.jpg\" alt=\"\" class=\"wp-image-16230\" srcset=\"https:\/\/vimagazine.com.br\/wp-content\/uploads\/2024\/10\/EMPRESARIA-ELEONORA-ERTHAL-DO-CAFE-MONTHAL-E-A-CEO-LUCIANA-ARAUJO-DA-REVISTA-DE-INCLUSAO-SOCIAL-JUREMA-Screenshot_20241020_203435_Gallery.jpg 904w, https:\/\/vimagazine.com.br\/wp-content\/uploads\/2024\/10\/EMPRESARIA-ELEONORA-ERTHAL-DO-CAFE-MONTHAL-E-A-CEO-LUCIANA-ARAUJO-DA-REVISTA-DE-INCLUSAO-SOCIAL-JUREMA-Screenshot_20241020_203435_Gallery-224x300.jpg 224w, https:\/\/vimagazine.com.br\/wp-content\/uploads\/2024\/10\/EMPRESARIA-ELEONORA-ERTHAL-DO-CAFE-MONTHAL-E-A-CEO-LUCIANA-ARAUJO-DA-REVISTA-DE-INCLUSAO-SOCIAL-JUREMA-Screenshot_20241020_203435_Gallery-763x1024.jpg 763w, https:\/\/vimagazine.com.br\/wp-content\/uploads\/2024\/10\/EMPRESARIA-ELEONORA-ERTHAL-DO-CAFE-MONTHAL-E-A-CEO-LUCIANA-ARAUJO-DA-REVISTA-DE-INCLUSAO-SOCIAL-JUREMA-Screenshot_20241020_203435_Gallery-768x1031.jpg 768w\" sizes=\"(max-width: 904px) 100vw, 904px\" \/><figcaption>EMPRES\u00c1RIA ELEONORA ERTHL E A CEO LUCIANA ARAUJO DA REVISTA JUREMA<\/figcaption><\/figure>\n\n\n\n<figure class=\"wp-block-image size-large\"><img width=\"904\" height=\"1318\" data-id=\"16228\"  src=\"https:\/\/vimagazine.com.br\/wp-content\/uploads\/2024\/10\/EDICAO-DO-CAFE-ESPECIAL-MONTHAL-LANCADO-NO-EVENTO-Screenshot_20241021_161004_Gallery.jpg\" alt=\"\" class=\"wp-image-16228\" srcset=\"https:\/\/vimagazine.com.br\/wp-content\/uploads\/2024\/10\/EDICAO-DO-CAFE-ESPECIAL-MONTHAL-LANCADO-NO-EVENTO-Screenshot_20241021_161004_Gallery.jpg 904w, https:\/\/vimagazine.com.br\/wp-content\/uploads\/2024\/10\/EDICAO-DO-CAFE-ESPECIAL-MONTHAL-LANCADO-NO-EVENTO-Screenshot_20241021_161004_Gallery-206x300.jpg 206w, https:\/\/vimagazine.com.br\/wp-content\/uploads\/2024\/10\/EDICAO-DO-CAFE-ESPECIAL-MONTHAL-LANCADO-NO-EVENTO-Screenshot_20241021_161004_Gallery-702x1024.jpg 702w, https:\/\/vimagazine.com.br\/wp-content\/uploads\/2024\/10\/EDICAO-DO-CAFE-ESPECIAL-MONTHAL-LANCADO-NO-EVENTO-Screenshot_20241021_161004_Gallery-768x1120.jpg 768w\" sizes=\"(max-width: 904px) 100vw, 904px\" \/><\/figure>\n\n\n\n<figure class=\"wp-block-image size-large\"><img width=\"904\" height=\"1189\" data-id=\"16231\"  src=\"https:\/\/vimagazine.com.br\/wp-content\/uploads\/2024\/10\/EMPRESARIA-ELEONORA-ERTHAL-DONADO-CAFE-MONTHAL-Screenshot_20241020_203427_Gallery.jpg\" alt=\"\" class=\"wp-image-16231\" srcset=\"https:\/\/vimagazine.com.br\/wp-content\/uploads\/2024\/10\/EMPRESARIA-ELEONORA-ERTHAL-DONADO-CAFE-MONTHAL-Screenshot_20241020_203427_Gallery.jpg 904w, https:\/\/vimagazine.com.br\/wp-content\/uploads\/2024\/10\/EMPRESARIA-ELEONORA-ERTHAL-DONADO-CAFE-MONTHAL-Screenshot_20241020_203427_Gallery-228x300.jpg 228w, https:\/\/vimagazine.com.br\/wp-content\/uploads\/2024\/10\/EMPRESARIA-ELEONORA-ERTHAL-DONADO-CAFE-MONTHAL-Screenshot_20241020_203427_Gallery-779x1024.jpg 779w, https:\/\/vimagazine.com.br\/wp-content\/uploads\/2024\/10\/EMPRESARIA-ELEONORA-ERTHAL-DONADO-CAFE-MONTHAL-Screenshot_20241020_203427_Gallery-768x1010.jpg 768w\" sizes=\"(max-width: 904px) 100vw, 904px\" \/><figcaption>EMPRESARIA ELEONORA ERTHAL &#8211;  CAF\u00c9 MONTHAL<\/figcaption><\/figure>\n<\/figure>\n\n\n\n<p><\/p>\n\n\n\n<p><\/p>\n\n\n\n<p>Foto destqaue: ELEONORA E JOSE EUGENIO ERTHAL PROPRIET\u00c1RIOS DO CAFE MONTHAL<\/p>\n\n\n\n<p><\/p>\n\n\n\n<p><\/p>\n\n\n\n<p><\/p>\n\n\n\n<p><\/p>\n","protected":false},"excerpt":{"rendered":"<p>A Monthal tem o orgulho de anunciar o lan\u00e7amento de sua edi\u00e7\u00e3o especial de caf\u00e9,&#8230;<\/p>\n","protected":false},"author":1,"featured_media":16232,"comment_status":"closed","ping_status":"open","sticky":false,"template":"","format":"standard","meta":{"om_disable_all_campaigns":false,"_monsterinsights_skip_tracking":false,"_monsterinsights_sitenote_active":false,"_monsterinsights_sitenote_note":"","_monsterinsights_sitenote_category":0,"spay_email":""},"categories":[1],"tags":[],"jetpack_featured_media_url":"https:\/\/vimagazine.com.br\/wp-content\/uploads\/2024\/10\/ELEONORA-E-JOSE-EUGENIO-ERTHAL-DONOS-DO-CAFE-MONTHAL-Screenshot_20241019_121302_Instagram.jpg","_links":{"self":[{"href":"https:\/\/vimagazine.com.br\/index.php?rest_route=\/wp\/v2\/posts\/16227"}],"collection":[{"href":"https:\/\/vimagazine.com.br\/index.php?rest_route=\/wp\/v2\/posts"}],"about":[{"href":"https:\/\/vimagazine.com.br\/index.php?rest_route=\/wp\/v2\/types\/post"}],"author":[{"embeddable":true,"href":"https:\/\/vimagazine.com.br\/index.php?rest_route=\/wp\/v2\/users\/1"}],"replies":[{"embeddable":true,"href":"https:\/\/vimagazine.com.br\/index.php?rest_route=%2Fwp%2Fv2%2Fcomments&post=16227"}],"version-history":[{"count":2,"href":"https:\/\/vimagazine.com.br\/index.php?rest_route=\/wp\/v2\/posts\/16227\/revisions"}],"predecessor-version":[{"id":16235,"href":"https:\/\/vimagazine.com.br\/index.php?rest_route=\/wp\/v2\/posts\/16227\/revisions\/16235"}],"wp:featuredmedia":[{"embeddable":true,"href":"https:\/\/vimagazine.com.br\/index.php?rest_route=\/wp\/v2\/media\/16232"}],"wp:attachment":[{"href":"https:\/\/vimagazine.com.br\/index.php?rest_route=%2Fwp%2Fv2%2Fmedia&parent=16227"}],"wp:term":[{"taxonomy":"category","embeddable":true,"href":"https:\/\/vimagazine.com.br\/index.php?rest_route=%2Fwp%2Fv2%2Fcategories&post=16227"},{"taxonomy":"post_tag","embeddable":true,"href":"https:\/\/vimagazine.com.br\/index.php?rest_route=%2Fwp%2Fv2%2Ftags&post=16227"}],"curies":[{"name":"wp","href":"https:\/\/api.w.org\/{rel}","templated":true}]}}