{"id":16273,"date":"2024-10-25T17:16:34","date_gmt":"2024-10-25T20:16:34","guid":{"rendered":"https:\/\/vimagazine.com.br\/?p=16273"},"modified":"2024-10-25T17:16:36","modified_gmt":"2024-10-25T20:16:36","slug":"horta-comunitaria-girassol-sedia-encontro-dos-composteiros","status":"publish","type":"post","link":"https:\/\/vimagazine.com.br\/?p=16273","title":{"rendered":"Horta Comunit\u00e1ria Girassol sedia Encontro dos Composteiros"},"content":{"rendered":"\n<p>Curiosos e praticantes da compostagem s\u00e3o convidados a participar do Encontro dos Composteiros, no dia 26 de outubro. O evento, integra a programa\u00e7\u00e3o da Semana Lixo Zero 2024, que conta com mais de cem a\u00e7\u00f5es gratuitas. <\/p>\n\n\n\n<p>E ocorrer\u00e1 das 14h \u00e0s 17h, na Horta Comunit\u00e1ria Girassol, no bairro Jardim Iriri\u00fa.<\/p>\n\n\n\n<p>Leigos, iniciantes, composteiros de longa data, empresas e organiza\u00e7\u00f5es que queiram come\u00e7ar a compostar, podem fazer parte da iniciativa que visa cuidar do planeta por meio da compostagem.<\/p>\n\n\n\n<p>No Encontro dos Composteiros, ser\u00e3o apresentadas as atividades desempenhadas pela Horta Girassol, os plantios e como incorporam a compostagem como ferramenta essencial para a produ\u00e7\u00e3o de alimentos org\u00e2nicos, assim como, as diferentes formas de compostagem. <\/p>\n\n\n\n<p>Tamb\u00e9m haver\u00e1 um mutir\u00e3o para montagem e manejo de um canteiro agroecol\u00f3gico, e ao final do dia, um caf\u00e9 com bate-papo e troca de ideais entre os composteiros.<\/p>\n\n\n\n<p>A anfitri\u00e3, Horta Comunit\u00e1ria Girassol, presta, desde 2009 servi\u00e7os \u00e0 cidade, por meio de trabalho comunit\u00e1rio para produ\u00e7\u00e3o de alimentos livres de agrot\u00f3xico, atividades pedag\u00f3gicas sobre cultivo, compostagem, aproveitamento de \u00e1gua e recursos, fomentando o pertencimento \u00e0 cidade e contribuindo com a qualidade de vida da comunidade local.<\/p>\n\n\n\n<p>A 11\u00aa Semana Lixo Zero \u00e9 promovida pelo Coletivo Joinville Lixo Zero e conta com o patroc\u00ednio da Luz Contabilidade, Schulz e Termot\u00e9cnica, al\u00e9m do apoio da Amanco, ArcelorMittal, Belliville, Cooper, Docol, M\u00eddia Clean, Sicredi, Shopping Mueller, Reset e Unisociesc.<br><br><strong>Confira a programa\u00e7\u00e3o e participe<\/strong><\/p>\n\n\n\n<p>14h &#8211; Boas-vindas e apresenta\u00e7\u00e3o da Horta;<br>14h15 &#8211; Rela\u00e7\u00e3o Compostagem e Cultivo na pr\u00e1tica;<br>14h30 &#8211; Visita aos modelos de compostagem Horta Girassol &#8211; Pilha | Termof\u00edlica | M\u00e9todo Lages | Minhoc\u00e1rio;<br>15h30 &#8211; Modelos de Cultivos;<br>15h45 &#8211; Montagem de Canteiro agroecol\u00f3gico;<br>16h30 &#8211; Caf\u00e9 dos Composteiros.<\/p>\n\n\n\n<p><br><strong>SERVI\u00c7O&nbsp; | Encontro dos Composteiros<\/strong><\/p>\n\n\n\n<p>Quando: s\u00e1bado, 26 de outubro, das 14h \u00e0s 17h<\/p>\n\n\n\n<p>Local: Horta Comunit\u00e1ria Girassol. R. Alzira Lennert &#8211; bairro Jardim Iriri\u00fa.<\/p>\n\n\n\n<p>Ingresso solid\u00e1rio: 1kg de alimento<\/p>\n\n\n\n<p>Inscri\u00e7\u00f5es:<a href=\"https:\/\/www.sympla.com.br\/evento\/encontro-dos-composteiros\/2656614\" target=\"_blank\" rel=\"noreferrer noopener\">\u00a0https:\/\/www.sympla.com.br\/evento\/encontro-dos-composteiros\/2656614<\/a><br><br>Liana TrevisanJornalista<br>JP 003750-SC\u00a0<\/p>\n\n\n\n<p>(47) 8868-8484<\/p>\n","protected":false},"excerpt":{"rendered":"<p>Curiosos e praticantes da compostagem s\u00e3o convidados a participar do Encontro dos Composteiros, no dia&#8230;<\/p>\n","protected":false},"author":3,"featured_media":16274,"comment_status":"closed","ping_status":"open","sticky":false,"template":"","format":"standard","meta":{"om_disable_all_campaigns":false,"_monsterinsights_skip_tracking":false,"_monsterinsights_sitenote_active":false,"_monsterinsights_sitenote_note":"","_monsterinsights_sitenote_category":0,"spay_email":""},"categories":[1],"tags":[],"jetpack_featured_media_url":"https:\/\/vimagazine.com.br\/wp-content\/uploads\/2024\/10\/WhatsApp-Image-2024-10-24-at-08.42.03-e1729887330208.jpeg","_links":{"self":[{"href":"https:\/\/vimagazine.com.br\/index.php?rest_route=\/wp\/v2\/posts\/16273"}],"collection":[{"href":"https:\/\/vimagazine.com.br\/index.php?rest_route=\/wp\/v2\/posts"}],"about":[{"href":"https:\/\/vimagazine.com.br\/index.php?rest_route=\/wp\/v2\/types\/post"}],"author":[{"embeddable":true,"href":"https:\/\/vimagazine.com.br\/index.php?rest_route=\/wp\/v2\/users\/3"}],"replies":[{"embeddable":true,"href":"https:\/\/vimagazine.com.br\/index.php?rest_route=%2Fwp%2Fv2%2Fcomments&post=16273"}],"version-history":[{"count":1,"href":"https:\/\/vimagazine.com.br\/index.php?rest_route=\/wp\/v2\/posts\/16273\/revisions"}],"predecessor-version":[{"id":16275,"href":"https:\/\/vimagazine.com.br\/index.php?rest_route=\/wp\/v2\/posts\/16273\/revisions\/16275"}],"wp:featuredmedia":[{"embeddable":true,"href":"https:\/\/vimagazine.com.br\/index.php?rest_route=\/wp\/v2\/media\/16274"}],"wp:attachment":[{"href":"https:\/\/vimagazine.com.br\/index.php?rest_route=%2Fwp%2Fv2%2Fmedia&parent=16273"}],"wp:term":[{"taxonomy":"category","embeddable":true,"href":"https:\/\/vimagazine.com.br\/index.php?rest_route=%2Fwp%2Fv2%2Fcategories&post=16273"},{"taxonomy":"post_tag","embeddable":true,"href":"https:\/\/vimagazine.com.br\/index.php?rest_route=%2Fwp%2Fv2%2Ftags&post=16273"}],"curies":[{"name":"wp","href":"https:\/\/api.w.org\/{rel}","templated":true}]}}