{"id":1639,"date":"2021-11-30T16:26:05","date_gmt":"2021-11-30T19:26:05","guid":{"rendered":"https:\/\/vimagazine.com.br\/?p=1639"},"modified":"2021-11-30T20:54:49","modified_gmt":"2021-11-30T23:54:49","slug":"idosos-se-apaixonam-em-asilo-de-sc","status":"publish","type":"post","link":"https:\/\/vimagazine.com.br\/?p=1639","title":{"rendered":"Idosos se apaixonam em asilo de SC"},"content":{"rendered":"\n<figure class=\"wp-container-2 wp-block-gallery-1 wp-block-gallery columns-3 is-cropped\"><ul class=\"blocks-gallery-grid\"><li class=\"blocks-gallery-item\"><figure><img width=\"984\" height=\"805\" src=\"https:\/\/vimagazine.com.br\/wp-content\/uploads\/2021\/11\/jose-e-laurene-rio-do-sul.jpg\" alt=\"\" data-id=\"1642\" data-full-url=\"https:\/\/vimagazine.com.br\/wp-content\/uploads\/2021\/11\/jose-e-laurene-rio-do-sul.jpg\" data-link=\"https:\/\/vimagazine.com.br\/?attachment_id=1642\" class=\"wp-image-1642\" srcset=\"https:\/\/vimagazine.com.br\/wp-content\/uploads\/2021\/11\/jose-e-laurene-rio-do-sul.jpg 984w, https:\/\/vimagazine.com.br\/wp-content\/uploads\/2021\/11\/jose-e-laurene-rio-do-sul-300x245.jpg 300w, https:\/\/vimagazine.com.br\/wp-content\/uploads\/2021\/11\/jose-e-laurene-rio-do-sul-768x628.jpg 768w\" sizes=\"(max-width: 984px) 100vw, 984px\" \/><\/figure><\/li><li class=\"blocks-gallery-item\"><figure><img width=\"984\" height=\"701\" src=\"https:\/\/vimagazine.com.br\/wp-content\/uploads\/2021\/11\/casal-laurene-e-jose-rio-do-sul.jpg\" alt=\"\" data-id=\"1641\" data-full-url=\"https:\/\/vimagazine.com.br\/wp-content\/uploads\/2021\/11\/casal-laurene-e-jose-rio-do-sul.jpg\" data-link=\"https:\/\/vimagazine.com.br\/?attachment_id=1641\" class=\"wp-image-1641\" srcset=\"https:\/\/vimagazine.com.br\/wp-content\/uploads\/2021\/11\/casal-laurene-e-jose-rio-do-sul.jpg 984w, https:\/\/vimagazine.com.br\/wp-content\/uploads\/2021\/11\/casal-laurene-e-jose-rio-do-sul-300x214.jpg 300w, https:\/\/vimagazine.com.br\/wp-content\/uploads\/2021\/11\/casal-laurene-e-jose-rio-do-sul-768x547.jpg 768w\" sizes=\"(max-width: 984px) 100vw, 984px\" \/><\/figure><\/li><li class=\"blocks-gallery-item\"><figure><img width=\"984\" height=\"658\" src=\"https:\/\/vimagazine.com.br\/wp-content\/uploads\/2021\/11\/asilo-rio-do-sul.jpg\" alt=\"\" data-id=\"1640\" data-full-url=\"https:\/\/vimagazine.com.br\/wp-content\/uploads\/2021\/11\/asilo-rio-do-sul.jpg\" data-link=\"https:\/\/vimagazine.com.br\/?attachment_id=1640\" class=\"wp-image-1640\" srcset=\"https:\/\/vimagazine.com.br\/wp-content\/uploads\/2021\/11\/asilo-rio-do-sul.jpg 984w, https:\/\/vimagazine.com.br\/wp-content\/uploads\/2021\/11\/asilo-rio-do-sul-300x201.jpg 300w, https:\/\/vimagazine.com.br\/wp-content\/uploads\/2021\/11\/asilo-rio-do-sul-768x514.jpg 768w\" sizes=\"(max-width: 984px) 100vw, 984px\" \/><\/figure><\/li><\/ul><\/figure>\n\n\n\n<p style=\"font-size:9px\">Foto: Lar S\u00e3o Vicente\/Divulga\u00e7\u00e3o<\/p>\n\n\n\n<p>Uma&nbsp;<strong>idosa de 74 anos se casou pela primeira vez<\/strong>&nbsp;durante uma cerim\u00f4nia realizada em um&nbsp;<strong>asilo<\/strong>&nbsp;na cidade de Rio do Sul, no Vale do Itaja\u00ed, em Santa Catarina. Laurene se apaixonou por Jos\u00e9 Laurentino, de 79, que&nbsp;<strong>tamb\u00e9m mora na institui\u00e7\u00e3o<\/strong>. Os dois trocaram alian\u00e7as em uma celebra\u00e7\u00e3o no dia 25 de novembro.<\/p>\n\n\n\n<p>Outros residentes do asilo, al\u00e9m dos funcion\u00e1rios, se envolveram nos preparativos. O casamento mudou a rotina dos moradores, segundo a institui\u00e7\u00e3o.<\/p>\n\n\n\n<p>A cerim\u00f4nia aconteceu na capela do asilo. O evento tudo o que um casamento poderia ter, marcha nupcial, padrinhos, b\u00ean\u00e7\u00e3o religiosa e bolo,<\/p>\n\n\n\n<p>Laurene disse que n\u00e3o pensava em se casar, at\u00e9 Jos\u00e9 ir morar no asilo. Segundo ela, foi amor \u00e0 primeira vista. &#8220;Ele \u00e9 bastante carinhoso, am\u00e1vel. Um amor de pessoa. Me encantei por ele e ele por mim&#8221;, disse.<\/p>\n\n\n\n<p>\u201c Todos os residentes da institui\u00e7\u00e3o fizeram quest\u00e3o de ajudar na organiza\u00e7\u00e3o da festa e decora\u00e7\u00e3o do espa\u00e7o\u201d, contou a diretora do asilo, Lourdes Claudino. Alguns doaram bolo, outros, as roupas e outro cantou.<\/p>\n\n\n\n<p>A noiva foi levada ao altar por um funcion\u00e1rio do asilo, por quem ela tem muito apre\u00e7o. O melhor da hist\u00f3ria \u00e9 que Laurene e Jos\u00e9 ganharam um quarto s\u00f3 deles.<br><\/p>\n\n\n\n<p>Por: Viviane de Oliveira<\/p>\n","protected":false},"excerpt":{"rendered":"<p>Foto: Lar S\u00e3o Vicente\/Divulga\u00e7\u00e3o Uma&nbsp;idosa de 74 anos se casou pela primeira vez&nbsp;durante uma cerim\u00f4nia&#8230;<\/p>\n","protected":false},"author":1,"featured_media":1642,"comment_status":"closed","ping_status":"open","sticky":false,"template":"","format":"standard","meta":{"om_disable_all_campaigns":false,"_monsterinsights_skip_tracking":false,"_monsterinsights_sitenote_active":false,"_monsterinsights_sitenote_note":"","_monsterinsights_sitenote_category":0,"spay_email":""},"categories":[1],"tags":[118,120,110,116,128,123,121,117,129,131,130],"jetpack_featured_media_url":"https:\/\/vimagazine.com.br\/wp-content\/uploads\/2021\/11\/jose-e-laurene-rio-do-sul.jpg","_links":{"self":[{"href":"https:\/\/vimagazine.com.br\/index.php?rest_route=\/wp\/v2\/posts\/1639"}],"collection":[{"href":"https:\/\/vimagazine.com.br\/index.php?rest_route=\/wp\/v2\/posts"}],"about":[{"href":"https:\/\/vimagazine.com.br\/index.php?rest_route=\/wp\/v2\/types\/post"}],"author":[{"embeddable":true,"href":"https:\/\/vimagazine.com.br\/index.php?rest_route=\/wp\/v2\/users\/1"}],"replies":[{"embeddable":true,"href":"https:\/\/vimagazine.com.br\/index.php?rest_route=%2Fwp%2Fv2%2Fcomments&post=1639"}],"version-history":[{"count":3,"href":"https:\/\/vimagazine.com.br\/index.php?rest_route=\/wp\/v2\/posts\/1639\/revisions"}],"predecessor-version":[{"id":1684,"href":"https:\/\/vimagazine.com.br\/index.php?rest_route=\/wp\/v2\/posts\/1639\/revisions\/1684"}],"wp:featuredmedia":[{"embeddable":true,"href":"https:\/\/vimagazine.com.br\/index.php?rest_route=\/wp\/v2\/media\/1642"}],"wp:attachment":[{"href":"https:\/\/vimagazine.com.br\/index.php?rest_route=%2Fwp%2Fv2%2Fmedia&parent=1639"}],"wp:term":[{"taxonomy":"category","embeddable":true,"href":"https:\/\/vimagazine.com.br\/index.php?rest_route=%2Fwp%2Fv2%2Fcategories&post=1639"},{"taxonomy":"post_tag","embeddable":true,"href":"https:\/\/vimagazine.com.br\/index.php?rest_route=%2Fwp%2Fv2%2Ftags&post=1639"}],"curies":[{"name":"wp","href":"https:\/\/api.w.org\/{rel}","templated":true}]}}