{"id":16464,"date":"2024-11-01T16:12:18","date_gmt":"2024-11-01T19:12:18","guid":{"rendered":"https:\/\/vimagazine.com.br\/?p=16464"},"modified":"2024-11-01T16:12:19","modified_gmt":"2024-11-01T19:12:19","slug":"sebrae-promove-palestra-sobre-inteligencia-emocional-com-a-jornalista-laine-valgas-em-joinville","status":"publish","type":"post","link":"https:\/\/vimagazine.com.br\/?p=16464","title":{"rendered":"Sebrae promove palestra sobre intelig\u00eancia emocional com a jornalista Laine Valgas em Joinville"},"content":{"rendered":"\n<p>Evento \u00e9 gratuito e acontece no dia 6 de novembro<\/p>\n\n\n<figure class=\"wp-block-post-featured-image\"><img width=\"1920\" height=\"1080\" src=\"https:\/\/vimagazine.com.br\/wp-content\/uploads\/2024\/11\/Harmonia-Comunicac\u0327a\u0303o-.jpg\" class=\"attachment-post-thumbnail size-post-thumbnail wp-post-image\" alt=\"Sebrae promove palestra sobre intelig\u00eancia emocional com a jornalista Laine Valgas em Joinville\" loading=\"lazy\" srcset=\"https:\/\/vimagazine.com.br\/wp-content\/uploads\/2024\/11\/Harmonia-Comunicac\u0327a\u0303o-.jpg 1920w, https:\/\/vimagazine.com.br\/wp-content\/uploads\/2024\/11\/Harmonia-Comunicac\u0327a\u0303o--300x169.jpg 300w, https:\/\/vimagazine.com.br\/wp-content\/uploads\/2024\/11\/Harmonia-Comunicac\u0327a\u0303o--1024x576.jpg 1024w, https:\/\/vimagazine.com.br\/wp-content\/uploads\/2024\/11\/Harmonia-Comunicac\u0327a\u0303o--768x432.jpg 768w, https:\/\/vimagazine.com.br\/wp-content\/uploads\/2024\/11\/Harmonia-Comunicac\u0327a\u0303o--1536x864.jpg 1536w\" sizes=\"(max-width: 1920px) 100vw, 1920px\" decoding=\"async\" \/><\/figure>\n\n\n<p>Autoconhecimento, intelig\u00eancia emocional, neuroci\u00eancia e movimento como ferramenta de cura s\u00e3o alguns dos temas que os participantes poder\u00e3o explorar na palestra \u201cA Sa\u00edda \u00e9 Para Dentro\u201d, com a jornalista e especialista em neuroci\u00eancia Laine Valgas. Promovido pelo Sebrae, o evento ser\u00e1 realizado no pr\u00f3ximo dia 6 de novembro, \u00e0s 18h30, no Garten Shopping e promete uma abordagem para quem deseja aprimorar o bem-estar e o desenvolvimento pessoal e profissional.<\/p>\n\n\n\n<p>Na palestra, Laine Valgas compartilhar\u00e1 seus conhecimentos sobre como a sa\u00fade mental \u00e9 crucial para o sucesso, principalmente para mulheres que conciliam m\u00faltiplas fun\u00e7\u00f5es no ambiente de trabalho e em casa. A jornada de autoconhecimento proposta busca estimular o p\u00fablico a adotar pr\u00e1ticas que contribuam para o fortalecimento da intelig\u00eancia emocional, um dos pilares para lidar com desafios e alcan\u00e7ar um equil\u00edbrio pleno. Al\u00e9m disso, Laine trar\u00e1 insights de neuroci\u00eancia, demonstrando como o funcionamento do c\u00e9rebro influencia emo\u00e7\u00f5es e comportamentos, e a import\u00e2ncia do movimento f\u00edsico como um recurso terap\u00eautico para o bem-estar.<\/p>\n\n\n\n<p>Este encontro ser\u00e1 uma oportunidade \u00fanica de aprendizado e conex\u00e3o, promovendo tamb\u00e9m o networking entre mulheres que, juntas, buscam fortalecimento e inspira\u00e7\u00e3o para suas jornadas.<\/p>\n\n\n\n<p>Agende-se<br>Palestra: \u201cA Sa\u00edda \u00e9 Para Dentro\u201d, com Laine Valgas<br>Data: 6 de novembro<br>Hor\u00e1rio: 18h30<br>Local: Garten Shopping, Joinville<br>Inscri\u00e7\u00f5es: https:\/\/sebrae.sc\/palestra-laine-valgas (vagas limitadas)<\/p>\n","protected":false},"excerpt":{"rendered":"<p>Evento \u00e9 gratuito e acontece no dia 6 de novembro Autoconhecimento, intelig\u00eancia emocional, neuroci\u00eancia e&#8230;<\/p>\n","protected":false},"author":20,"featured_media":16465,"comment_status":"closed","ping_status":"open","sticky":false,"template":"","format":"standard","meta":{"om_disable_all_campaigns":false,"_monsterinsights_skip_tracking":false,"_monsterinsights_sitenote_active":false,"_monsterinsights_sitenote_note":"","_monsterinsights_sitenote_category":0,"spay_email":""},"categories":[1],"tags":[],"jetpack_featured_media_url":"https:\/\/vimagazine.com.br\/wp-content\/uploads\/2024\/11\/Harmonia-Comunicac\u0327a\u0303o-.jpg","_links":{"self":[{"href":"https:\/\/vimagazine.com.br\/index.php?rest_route=\/wp\/v2\/posts\/16464"}],"collection":[{"href":"https:\/\/vimagazine.com.br\/index.php?rest_route=\/wp\/v2\/posts"}],"about":[{"href":"https:\/\/vimagazine.com.br\/index.php?rest_route=\/wp\/v2\/types\/post"}],"author":[{"embeddable":true,"href":"https:\/\/vimagazine.com.br\/index.php?rest_route=\/wp\/v2\/users\/20"}],"replies":[{"embeddable":true,"href":"https:\/\/vimagazine.com.br\/index.php?rest_route=%2Fwp%2Fv2%2Fcomments&post=16464"}],"version-history":[{"count":1,"href":"https:\/\/vimagazine.com.br\/index.php?rest_route=\/wp\/v2\/posts\/16464\/revisions"}],"predecessor-version":[{"id":16466,"href":"https:\/\/vimagazine.com.br\/index.php?rest_route=\/wp\/v2\/posts\/16464\/revisions\/16466"}],"wp:featuredmedia":[{"embeddable":true,"href":"https:\/\/vimagazine.com.br\/index.php?rest_route=\/wp\/v2\/media\/16465"}],"wp:attachment":[{"href":"https:\/\/vimagazine.com.br\/index.php?rest_route=%2Fwp%2Fv2%2Fmedia&parent=16464"}],"wp:term":[{"taxonomy":"category","embeddable":true,"href":"https:\/\/vimagazine.com.br\/index.php?rest_route=%2Fwp%2Fv2%2Fcategories&post=16464"},{"taxonomy":"post_tag","embeddable":true,"href":"https:\/\/vimagazine.com.br\/index.php?rest_route=%2Fwp%2Fv2%2Ftags&post=16464"}],"curies":[{"name":"wp","href":"https:\/\/api.w.org\/{rel}","templated":true}]}}