{"id":16556,"date":"2024-11-05T17:58:48","date_gmt":"2024-11-05T20:58:48","guid":{"rendered":"https:\/\/vimagazine.com.br\/?p=16556"},"modified":"2024-11-05T17:59:42","modified_gmt":"2024-11-05T20:59:42","slug":"novembro-azul-a-gestao-do-tempo-e-a-saude-masculina","status":"publish","type":"post","link":"https:\/\/vimagazine.com.br\/?p=16556","title":{"rendered":"Novembro Azul: A Gest\u00e3o do Tempo e a Sa\u00fade Masculina"},"content":{"rendered":"\n<p><\/p>\n\n\n\n<p><\/p>\n\n\n\n<p>Novembro \u00e9 conhecido como o m\u00eas dedicado \u00e0 conscientiza\u00e7\u00e3o sobre a sa\u00fade masculina, especialmente a preven\u00e7\u00e3o e o diagn\u00f3stico precoce do c\u00e2ncer de pr\u00f3stata. Nesta campanha, denominada Novembro Azul, a gest\u00e3o do tempo se destaca como uma ferramenta essencial para integrar pr\u00e1ticas de autocuidado na rotina di\u00e1ria dos homens, promovendo n\u00e3o apenas efici\u00eancia, mas tamb\u00e9m sa\u00fade e bem-estar.<\/p>\n\n\n\n<p><strong>Import\u00e2ncia da Sa\u00fade Masculina<\/strong><\/p>\n\n\n\n<ul><li><strong>Desafios na Sa\u00fade Masculina<\/strong>:<ul><li>Homens frequentemente negligenciam sua sa\u00fade devido a press\u00f5es profissionais e pessoais.<\/li><li>A posterga\u00e7\u00e3o de consultas m\u00e9dicas pode levar a diagn\u00f3sticos tardios de doen\u00e7as.<\/li><\/ul><\/li><li><strong>Novembro Azul<\/strong>:<ul><li>Campanha internacional focada na conscientiza\u00e7\u00e3o sobre o c\u00e2ncer de pr\u00f3stata.<\/li><li>Enfatiza a import\u00e2ncia de exames preventivos regulares.<\/li><\/ul><\/li><\/ul>\n\n\n\n<p><strong>Gest\u00e3o do Tempo como Aliada<\/strong><\/p>\n\n\n\n<ul><li><strong>Integra\u00e7\u00e3o de T\u00e9cnicas de Gest\u00e3o do Tempo<\/strong>:<ul><li><strong>T\u00e9cnica Pomodoro<\/strong>: Sugere trabalhar em intervalos de 25 minutos com pausas curtas, permitindo o equil\u00edbrio entre produtividade e descanso.<\/li><li><strong>Matriz de Eisenhower<\/strong>: Ajuda a priorizar tarefas urgentes e importantes, incluindo atividades relacionadas \u00e0 sa\u00fade.<\/li><\/ul><\/li><li><strong>Benef\u00edcios da Gest\u00e3o do Tempo<\/strong>:<ul><li>Cria\u00e7\u00e3o de espa\u00e7o na agenda para pr\u00e1ticas de autocuidado, como exerc\u00edcios e medita\u00e7\u00e3o.<\/li><li>Redu\u00e7\u00e3o do estresse, melhoria da qualidade do sono e aumento da energia.<\/li><\/ul><\/li><\/ul>\n\n\n\n<p><strong>Estrat\u00e9gias Pr\u00e1ticas para Homens<\/strong><\/p>\n\n\n\n<ul><li><strong>Aplica\u00e7\u00e3o da T\u00e9cnica Pomodoro<\/strong>:<ul><li>Incentivar a inclus\u00e3o de pausas dedicadas ao autocuidado durante as sess\u00f5es de trabalho.<\/li><li>Permitir que essas pausas sejam usadas para atividades f\u00edsicas ou de relaxamento.<\/li><\/ul><\/li><li><strong>Uso da Matriz de Eisenhower<\/strong>:<ul><li>Classificar responsabilidades para garantir tempo para consultas m\u00e9dicas e exames preventivos.<\/li><li>Destacar a sa\u00fade como prioridade urgente e importante.<\/li><\/ul><\/li><\/ul>\n\n\n\n<p><strong>Impactos Positivos da Conscientiza\u00e7\u00e3o<\/strong><\/p>\n\n\n\n<ul><li><strong>Resultados Esperados<\/strong>:<ul><li>Diagn\u00f3stico precoce de problemas de sa\u00fade por meio de exames regulares.<\/li><li>Promo\u00e7\u00e3o de uma abordagem preventiva \u00e0 sa\u00fade masculina.<\/li><li>Melhoria do bem-estar geral, com menos estresse e maior equil\u00edbrio entre vida pessoal e profissional.<\/li><\/ul><\/li><\/ul>\n\n\n\n<p><strong>Considera\u00e7\u00f5es Finais<\/strong><\/p>\n\n\n\n<ul><li><strong>Adotando uma Vida Equilibrada<\/strong>:<ul><li>A gest\u00e3o eficiente do tempo combinada com o foco na sa\u00fade masculina pode melhorar significativamente a qualidade de vida.<\/li><li>Encorajar os homens a verem o autocuidado como uma parte essencial de seu dia a dia.<\/li><\/ul><\/li><\/ul>\n\n\n\n<p>Essa abordagem integrada da gest\u00e3o do tempo com foco na sa\u00fade pode ser fundamental para transformar a campanha do Novembro Azul em um movimento de longo prazo, promovendo pr\u00e1ticas saud\u00e1veis e sustent\u00e1veis entre os homens.<br><\/p>\n\n\n\n<h3>Por: <strong>Jo\u00e3o Zimmermann<\/strong><br>Youtube e Instagram: <strong>@joaozimmermann_oficial<\/strong><br>Palestras\/Workshop:<br>Whats: <strong>47 984075482<\/strong><br>E-mail: <strong>contato@joaozimmermann.com.br<\/strong><\/h3>\n","protected":false},"excerpt":{"rendered":"<p>Novembro \u00e9 conhecido como o m\u00eas dedicado \u00e0 conscientiza\u00e7\u00e3o sobre a sa\u00fade masculina, especialmente a&#8230;<\/p>\n","protected":false},"author":7,"featured_media":16553,"comment_status":"closed","ping_status":"open","sticky":false,"template":"","format":"standard","meta":{"om_disable_all_campaigns":false,"_monsterinsights_skip_tracking":false,"_monsterinsights_sitenote_active":false,"_monsterinsights_sitenote_note":"","_monsterinsights_sitenote_category":0,"spay_email":""},"categories":[27],"tags":[],"jetpack_featured_media_url":"https:\/\/vimagazine.com.br\/wp-content\/uploads\/2024\/11\/imagem-real-imagem-de-um-homem-feliz-com-sua-famil-dA9pZXGWTsWxPYYxYOSwOg-nab_v4FGR3WMUI2_AZi3Kg-2.jpeg","_links":{"self":[{"href":"https:\/\/vimagazine.com.br\/index.php?rest_route=\/wp\/v2\/posts\/16556"}],"collection":[{"href":"https:\/\/vimagazine.com.br\/index.php?rest_route=\/wp\/v2\/posts"}],"about":[{"href":"https:\/\/vimagazine.com.br\/index.php?rest_route=\/wp\/v2\/types\/post"}],"author":[{"embeddable":true,"href":"https:\/\/vimagazine.com.br\/index.php?rest_route=\/wp\/v2\/users\/7"}],"replies":[{"embeddable":true,"href":"https:\/\/vimagazine.com.br\/index.php?rest_route=%2Fwp%2Fv2%2Fcomments&post=16556"}],"version-history":[{"count":2,"href":"https:\/\/vimagazine.com.br\/index.php?rest_route=\/wp\/v2\/posts\/16556\/revisions"}],"predecessor-version":[{"id":16559,"href":"https:\/\/vimagazine.com.br\/index.php?rest_route=\/wp\/v2\/posts\/16556\/revisions\/16559"}],"wp:featuredmedia":[{"embeddable":true,"href":"https:\/\/vimagazine.com.br\/index.php?rest_route=\/wp\/v2\/media\/16553"}],"wp:attachment":[{"href":"https:\/\/vimagazine.com.br\/index.php?rest_route=%2Fwp%2Fv2%2Fmedia&parent=16556"}],"wp:term":[{"taxonomy":"category","embeddable":true,"href":"https:\/\/vimagazine.com.br\/index.php?rest_route=%2Fwp%2Fv2%2Fcategories&post=16556"},{"taxonomy":"post_tag","embeddable":true,"href":"https:\/\/vimagazine.com.br\/index.php?rest_route=%2Fwp%2Fv2%2Ftags&post=16556"}],"curies":[{"name":"wp","href":"https:\/\/api.w.org\/{rel}","templated":true}]}}