{"id":16562,"date":"2024-11-05T18:07:28","date_gmt":"2024-11-05T21:07:28","guid":{"rendered":"https:\/\/vimagazine.com.br\/?p=16562"},"modified":"2024-11-05T18:07:30","modified_gmt":"2024-11-05T21:07:30","slug":"ana-paula-da-silva-realiza-apresentacoes-em-escolas-municipais-de-joinville-e-na-mostra-de-arte","status":"publish","type":"post","link":"https:\/\/vimagazine.com.br\/?p=16562","title":{"rendered":"Ana Paula da Silva realiza apresenta\u00e7\u00f5es em escolas  municipais de Joinville e na Mostra de Arte"},"content":{"rendered":"\n<p class=\"has-text-align-center\">A cantora, compositora e pesquisadora Ana Paula da Silva, em contrapartida ao projeto \u201cAlma na Voz e M\u00e3os no Tambor\u201d, faz apresenta\u00e7\u00f5es musicais em escolas da rede municipal de ensino de Joinville, localizadas nos bairros Pirabeiraba (Em\u00edlio Paulo Roberto Hardt) e Morro do Meio (Escola Municipal Doutor R\u00faben Roberto Schmidlin), al\u00e9m de uma apresenta\u00e7\u00e3o especial na abertura da 3\u00aa Mostra de Arte, que ocorre nesta ter\u00e7a, dia 5, \u00e0s 19h, no Museu de Arte de Joinville (MAJ).<\/p>\n\n\n\n<p class=\"has-text-align-center\"><br>O projeto, baseado em seu livro lan\u00e7ado em 2022, busca valorizar a cultura popular da Ba\u00eda da Babitonga, trazendo para o ambiente escolar manifesta\u00e7\u00f5es tradicionais como o Catumbi de Itapocu, a Dan\u00e7a do Vil\u00e3o, o Terno de Reis e os Corais Ind\u00edgenas Guarani Mbya. As apresenta\u00e7\u00f5es s\u00e3o uma extens\u00e3o das oficinas realizadas por Ana Paula e o percussionista Jean Ferreira, para professores da rede municipal, e visam enriquecer o repert\u00f3rio cultural e educativo das escolas.<\/p>\n\n\n\n<p class=\"has-text-align-center\"> Vale destacar que as escolas receber\u00e3o o livro \u201cAlma na Voz e M\u00e3os no Tambor\u201d, respons\u00e1vel pelo desdobramento de todo esse conte\u00fado trabalhado nas oficinas.<br><br><em>\u201cA proposta \u00e9 que os professores possam dar continuidade ao trabalho de pesquisa e mem\u00f3ria das manifesta\u00e7\u00f5es populares\u201d,<\/em> completa Ana.<br><br>Ana Paula da Silva, \u00e9 mestra em M\u00fasica pela UDESC, \u00e9 a principal facilitadora das oficinas. <\/p>\n\n\n\n<p class=\"has-text-align-center\">Como educadora e uma recente pesquisadora, vem a cada ano desenvolvendo um curr\u00edculo mais experiente no que diz respeito a vivenciar e pesquisar o segmento musical, seja formalmente ou empiricamente. <\/p>\n\n\n\n<p class=\"has-text-align-center\">Em 2024, completou 28 anos de carreira como compositora, int\u00e9rprete, instrumentista, diretora musical e produtora de projetos de forma\u00e7\u00e3o, art\u00edsticos e culturais. <\/p>\n\n\n\n<p class=\"has-text-align-center\">Ao seu lado, Jean Ferreira, bacharel em M\u00fasica Popular e p\u00f3s-graduando em Musicoterapia, contribuir\u00e1 com metodologias voltadas para a educa\u00e7\u00e3o musical inclusiva.<br><br>Esse projeto recebeu recursos por meio da Lei de Incentivo Municipal (Simdec).<br><strong><br>Contato para Imprensa<br>Tai Rodrigues Comunica\u00e7\u00e3o Viva<br><\/strong>(47) 988643373 | tai@tairodrigues.com<\/p>\n","protected":false},"excerpt":{"rendered":"<p>A cantora, compositora e pesquisadora Ana Paula da Silva, em contrapartida ao projeto \u201cAlma na&#8230;<\/p>\n","protected":false},"author":3,"featured_media":16565,"comment_status":"closed","ping_status":"open","sticky":false,"template":"","format":"standard","meta":{"om_disable_all_campaigns":false,"_monsterinsights_skip_tracking":false,"_monsterinsights_sitenote_active":false,"_monsterinsights_sitenote_note":"","_monsterinsights_sitenote_category":0,"spay_email":""},"categories":[1],"tags":[],"jetpack_featured_media_url":"https:\/\/vimagazine.com.br\/wp-content\/uploads\/2024\/11\/954b6092-b9b0-40b0-9863-6e7a3867f706-e1730840763283.jpg","_links":{"self":[{"href":"https:\/\/vimagazine.com.br\/index.php?rest_route=\/wp\/v2\/posts\/16562"}],"collection":[{"href":"https:\/\/vimagazine.com.br\/index.php?rest_route=\/wp\/v2\/posts"}],"about":[{"href":"https:\/\/vimagazine.com.br\/index.php?rest_route=\/wp\/v2\/types\/post"}],"author":[{"embeddable":true,"href":"https:\/\/vimagazine.com.br\/index.php?rest_route=\/wp\/v2\/users\/3"}],"replies":[{"embeddable":true,"href":"https:\/\/vimagazine.com.br\/index.php?rest_route=%2Fwp%2Fv2%2Fcomments&post=16562"}],"version-history":[{"count":1,"href":"https:\/\/vimagazine.com.br\/index.php?rest_route=\/wp\/v2\/posts\/16562\/revisions"}],"predecessor-version":[{"id":16566,"href":"https:\/\/vimagazine.com.br\/index.php?rest_route=\/wp\/v2\/posts\/16562\/revisions\/16566"}],"wp:featuredmedia":[{"embeddable":true,"href":"https:\/\/vimagazine.com.br\/index.php?rest_route=\/wp\/v2\/media\/16565"}],"wp:attachment":[{"href":"https:\/\/vimagazine.com.br\/index.php?rest_route=%2Fwp%2Fv2%2Fmedia&parent=16562"}],"wp:term":[{"taxonomy":"category","embeddable":true,"href":"https:\/\/vimagazine.com.br\/index.php?rest_route=%2Fwp%2Fv2%2Fcategories&post=16562"},{"taxonomy":"post_tag","embeddable":true,"href":"https:\/\/vimagazine.com.br\/index.php?rest_route=%2Fwp%2Fv2%2Ftags&post=16562"}],"curies":[{"name":"wp","href":"https:\/\/api.w.org\/{rel}","templated":true}]}}