{"id":16567,"date":"2024-11-05T18:11:18","date_gmt":"2024-11-05T21:11:18","guid":{"rendered":"https:\/\/vimagazine.com.br\/?p=16567"},"modified":"2024-11-05T22:31:58","modified_gmt":"2024-11-06T01:31:58","slug":"musicarium-recebe-o-premio-juarez-machado-de-turismo-em-joinville%ef%bf%bc","status":"publish","type":"post","link":"https:\/\/vimagazine.com.br\/?p=16567","title":{"rendered":"Musicarium recebe o Pr\u00eamio Juarez Machado de Turismo em Joinville\ufffc"},"content":{"rendered":"\n<p><\/p>\n\n\n\n<p class=\"has-text-align-center\">O Musicarium Academia Filarm\u00f4nica Brasileira foi agraciado com o Pr\u00eamio Juarez Machado de Turismo na categoria Destaque Cultural e Tur\u00edstico, em uma cerim\u00f4nia realizada na noite desta segunda-feira (4) na Harmonia Lyra, em Joinville\/SC. <\/p>\n\n\n\n<p class=\"has-text-align-center\">A honraria \u00e9 concedida pelo Joinville e Regi\u00e3o Convention &amp; Visitors Bureau, em reconhecimento \u00e0s&nbsp; pessoas e iniciativas que contribuem para a promo\u00e7\u00e3o do turismo cultural e a visibilidade da cidade tanto no Brasil quanto no exterior.<\/p>\n\n\n\n<p class=\"has-text-align-center\">Com apenas sete anos de atua\u00e7\u00e3o, o Musicarium vem desempenhando um papel crucial na educa\u00e7\u00e3o e forma\u00e7\u00e3o musical de crian\u00e7as e jovens, a maioria oriunda de escolas p\u00fablicas. <\/p>\n\n\n\n<p class=\"has-text-align-center\">O projeto j\u00e1 recebeu reconhecimento local e nacional e, recentemente, realizou a primeira turn\u00ea internacional pela Europa, levando a Camerata de Cordas e o Grupo de Percuss\u00e3o a pa\u00edses como Alemanha, Su\u00ed\u00e7a e Holanda.<\/p>\n\n\n\n<p class=\"has-text-align-center\">S\u00e9rgio Ogawa, diretor-presidente do Musicarium, destacou a import\u00e2ncia da colabora\u00e7\u00e3o da comunidade para o sucesso do projeto.<\/p>\n\n\n\n<p class=\"has-text-align-center\"> <em>&#8220;Esse pr\u00eamio representa um reconhecimento inestim\u00e1vel ao trabalho \u00e1rduo e \u00e0 dedica\u00e7\u00e3o de toda a equipe do Musicarium e de nossos jovens m\u00fasicos. <\/em><\/p>\n\n\n\n<p class=\"has-text-align-center\"><em>\u00c9 um incentivo para continuarmos nossa miss\u00e3o de transformar vidas por meio da m\u00fasica e de representar Joinville e o Brasil com excel\u00eancia mundo afora.<\/em><\/p>\n\n\n\n<p class=\"has-text-align-center\"><em> Agradecemos imensamente ao Convention &amp; Visitors Bureau e a todos que acreditam no potencial transformador do Musicarium&#8221;,<\/em> declarou Ogawa.<\/p>\n\n\n\n<p class=\"has-text-align-center\">O pr\u00eamio, entregue durante o evento &#8220;100% Joinville&#8221;, refor\u00e7a o papel do Musicarium como um polo cultural e educativo de refer\u00eancia, trazendo visibilidade ao cen\u00e1rio musical e cultural da cidade e inspirando a comunidade a apoiar a forma\u00e7\u00e3o de novas gera\u00e7\u00f5es de m\u00fasicos.<br><br><strong>Sobre o Musicarium<\/strong><\/p>\n\n\n\n<p class=\"has-text-align-center\">\u00c9 um centro de forma\u00e7\u00e3o profissional de jovens m\u00fasicos e orquestras de excel\u00eancia, \u00fanico no pa\u00eds, que recebe crian\u00e7as a jovens a partir de 4 anos de idade. <\/p>\n\n\n\n<p class=\"has-text-align-center\">Investe em alunos apaixonados por m\u00fasica e que tenham como objetivo seguir carreira como profissionais, almejando integrar a futura Orquestra Filarm\u00f4nica do Musicarium (2030) e\/ou atuando como professores na Academia de M\u00fasica, criando, assim, um ciclo virtuoso de forma\u00e7\u00e3o. <\/p>\n\n\n\n<p class=\"has-text-align-center\">O Musicarium tem como prop\u00f3sito desenvolver jovens talentos, investindo em uma educa\u00e7\u00e3o humanista e cultura musical de excel\u00eancia. S\u00e3o mais de 180 alunos bolsistas, a maioria vinda da rede p\u00fablica de ensino de diversas cidades.<br><br><strong>Assessoria de Comunica\u00e7\u00e3o<br>Tai Rodrigues Comunica\u00e7\u00e3o Viva<\/strong><br>Ta\u00edsa Rodrigues<br>(47) 988643373 | tai@tairodrigues.com<\/p>\n","protected":false},"excerpt":{"rendered":"<p>O Musicarium Academia Filarm\u00f4nica Brasileira foi agraciado com o Pr\u00eamio Juarez Machado de Turismo na&#8230;<\/p>\n","protected":false},"author":3,"featured_media":16568,"comment_status":"closed","ping_status":"open","sticky":false,"template":"","format":"standard","meta":{"om_disable_all_campaigns":false,"_monsterinsights_skip_tracking":false,"_monsterinsights_sitenote_active":false,"_monsterinsights_sitenote_note":"","_monsterinsights_sitenote_category":0,"spay_email":""},"categories":[1],"tags":[],"jetpack_featured_media_url":"https:\/\/vimagazine.com.br\/wp-content\/uploads\/2024\/11\/d2410de1-413a-4e31-bc3c-bd7332d56c5c-e1730840979758.jpg","_links":{"self":[{"href":"https:\/\/vimagazine.com.br\/index.php?rest_route=\/wp\/v2\/posts\/16567"}],"collection":[{"href":"https:\/\/vimagazine.com.br\/index.php?rest_route=\/wp\/v2\/posts"}],"about":[{"href":"https:\/\/vimagazine.com.br\/index.php?rest_route=\/wp\/v2\/types\/post"}],"author":[{"embeddable":true,"href":"https:\/\/vimagazine.com.br\/index.php?rest_route=\/wp\/v2\/users\/3"}],"replies":[{"embeddable":true,"href":"https:\/\/vimagazine.com.br\/index.php?rest_route=%2Fwp%2Fv2%2Fcomments&post=16567"}],"version-history":[{"count":3,"href":"https:\/\/vimagazine.com.br\/index.php?rest_route=\/wp\/v2\/posts\/16567\/revisions"}],"predecessor-version":[{"id":16578,"href":"https:\/\/vimagazine.com.br\/index.php?rest_route=\/wp\/v2\/posts\/16567\/revisions\/16578"}],"wp:featuredmedia":[{"embeddable":true,"href":"https:\/\/vimagazine.com.br\/index.php?rest_route=\/wp\/v2\/media\/16568"}],"wp:attachment":[{"href":"https:\/\/vimagazine.com.br\/index.php?rest_route=%2Fwp%2Fv2%2Fmedia&parent=16567"}],"wp:term":[{"taxonomy":"category","embeddable":true,"href":"https:\/\/vimagazine.com.br\/index.php?rest_route=%2Fwp%2Fv2%2Fcategories&post=16567"},{"taxonomy":"post_tag","embeddable":true,"href":"https:\/\/vimagazine.com.br\/index.php?rest_route=%2Fwp%2Fv2%2Ftags&post=16567"}],"curies":[{"name":"wp","href":"https:\/\/api.w.org\/{rel}","templated":true}]}}