{"id":16572,"date":"2024-11-05T22:12:56","date_gmt":"2024-11-06T01:12:56","guid":{"rendered":"https:\/\/vimagazine.com.br\/?p=16572"},"modified":"2024-11-05T22:14:30","modified_gmt":"2024-11-06T01:14:30","slug":"wprime-anuncia-expansao-para-o-litoral-de-santa-catarina","status":"publish","type":"post","link":"https:\/\/vimagazine.com.br\/?p=16572","title":{"rendered":"wPrime anuncia expans\u00e3o para o litoral de Santa Catarina"},"content":{"rendered":"\n<p><\/p>\n\n\n\n<p><strong>Nova estrutura do grupo, que tem sede em Joinville, ser\u00e1 inaugurada em Balne\u00e1rio Pi\u00e7arras<\/strong><\/p>\n\n\n\n<p><\/p>\n\n\n\n<p>Joinville, SC &#8211; A wPrime, imobili\u00e1ria refer\u00eancia no mercado em Santa Catarina, tem o prazer de anunciar a inaugura\u00e7\u00e3o da sua nova loja no litoral norte do estado. Localizada em uma das regi\u00f5es mais promissoras para o setor, a unidade foi projetada e pensada para proporcionar uma experi\u00eancia \u00fanica aos clientes e colaboradores, com um ambiente moderno e inovador.<br>A expans\u00e3o do grupo, que est\u00e1 no mercado h\u00e1 mais de 14 anos, \u00e9 atender a demanda de clientes, especialmente daqueles que moram em Joinville, na regi\u00e3o e at\u00e9 fora do pa\u00eds, que pediam uma extens\u00e3o da wPrime. Al\u00e9m disso, os s\u00f3cios perceberam uma alta demanda de compra de outras regi\u00f5es brasileiras, de pessoas que buscam atendimento diferenciado em nosso litoral.<\/p>\n\n\n\n<p>A wPrime Litoral vai atuar em dois aspectos importantes: moradia e investimento.<br>Para quem busca qualidade de vida na moradia, as praias do litoral norte, certificadas pelo Programa Bandeira Azul, oferecem natureza exuberante, infraestrutura de alto n\u00edvel e proximidade com grandes centros como Joinville e Balne\u00e1rio Cambori\u00fa. Estes locais tamb\u00e9m disp\u00f5em de \u00f3timos servi\u00e7os, atividades ao ar livre, proximidade com o parque Beto Carrero World, o maior da Am\u00e9rica Latina, al\u00e9m de tranquilidade para as fam\u00edlias.<br>J\u00e1 para investidores, a valoriza\u00e7\u00e3o imobili\u00e1ria da regi\u00e3o, que chega a uma m\u00e9dia de 30% ao ano, representa uma excelente oportunidade de diversifica\u00e7\u00e3o de portf\u00f3lio, com destaque para o mercado de loca\u00e7\u00e3o por temporada. A alta demanda tur\u00edstica tem potencializado o mercado de &#8220;short stay&#8221;, onde na maioria das vezes o investidor consegue ter o dobro de ganho em compara\u00e7\u00e3o ao modelo tradicional de loca\u00e7\u00e3o &#8220;long stay&#8221;.<\/p>\n\n\n\n<p>\u201cComprar um im\u00f3vel nas praias de Pi\u00e7arras, Barra Velha e Penha, oferece vantagens in\u00fameras, tanto para quem busca um local agrad\u00e1vel para viver, com qualidade de vida, seguran\u00e7a e natureza, quanto para investidores que desejam aproveitar o crescente desenvolvimento da regi\u00e3o, o aumento do turismo e a valoriza\u00e7\u00e3o imobili\u00e1ria. A combina\u00e7\u00e3o de custo-benef\u00edcio, potencial de valoriza\u00e7\u00e3o e qualidade de vida faz com que essa \u00e1rea seja uma excelente op\u00e7\u00e3o no mercado imobili\u00e1rio atual de Santa Catarina\u201d, explica o diretor comercial M\u00e1rcio Souza.<\/p>\n\n\n\n<p>Lan\u00e7amentos de produtos<br>Ainda de acordo com Souza, a unidade inicia sua opera\u00e7\u00e3o com lan\u00e7amentos, mas o objetivo \u00e9 expandir as a\u00e7\u00f5es.<br>\u201cInicialmente nosso foco ser\u00e1 a venda de lan\u00e7amentos e dos produtos que ficaram prontos, de clientes que j\u00e1 investiram com a wPrime no litoral, e do mercado que nos reconhe\u00e7am com a melhor op\u00e7\u00e3o para administrar sua carteira de investimentos. Mas temos planos estrat\u00e9gicos de expans\u00e3o do neg\u00f3cio imobili\u00e1rio para outros segmentos como: terrenos para incorporadoras, sendo inclusive um parceiro na concep\u00e7\u00e3o e comercializa\u00e7\u00e3o dos produtos\u201d, finaliza.<\/p>\n\n\n\n<p>A miss\u00e3o da wPrime<br>A wPrime construiu sua hist\u00f3ria atrav\u00e9s de bases como: confiabilidade, comprometimento, respeito, excel\u00eancia integridade e amor, origin\u00e1rias dos valores e comportamentos disseminados pelos s\u00f3cios e reconhecidos pelo mercado.<\/p>\n\n\n\n<p>Para Ana Lucia Moreira, uma das s\u00f3cias do grupo, \u201cexpandir as a\u00e7\u00f5es faz parte da nossa vis\u00e3o de acompanhar o crescimento promissor do litoral, que se destaca e muito como um dos principais p\u00f3los imobili\u00e1rios catarinenses. Queremos estar cada vez mais pr\u00f3ximos de nossos clientes, oferecendo o padr\u00e3o de excel\u00eancia que j\u00e1 \u00e9 marca registrada da nossa atua\u00e7\u00e3o\u201d.<br>Al\u00e9m de ser um elo essencial entre clientes e construtoras, a wPrime tem como miss\u00e3o expandir sua presen\u00e7a na regi\u00e3o litor\u00e2nea, sempre priorizando o relacionamento e a concretiza\u00e7\u00e3o de sonhos. Mais do que vender, ela busca entender o que motiva as pessoas a buscar um novo imovel, e com isso, entregar uma experi\u00eancia \u00fanica, rent\u00e1vel e de confian\u00e7a.<br>Em Joinville o grupo \u00e9 a melhor imobili\u00e1ria de alto padr\u00e3o, pois se destaca para quem busca exclusividade, sofistifa\u00e7\u00e3o e atendimento personalizado.<\/p>\n\n\n\n<p>A inaugura\u00e7\u00e3o da nova estrutura<br>O evento exclusivo para convidados vai proporcionar ao visitante um dia festivo e acolhedor, com promo\u00e7\u00f5es exclusivas criadas para a wPrime e demonstra\u00e7\u00f5es de produtos e maquetes.<br>A inaugura\u00e7\u00e3o da wPrime Litoral acontecer\u00e1 no dia 09\/11\/2024, das 10h \u00e0s 17h, na Avenida Nereu Ramos, 5.066, em Balne\u00e1rio Pi\u00e7arras.<\/p>\n\n\n\n<p><br><strong>O que:<\/strong> Inaugura\u00e7\u00e3o da wPrime Litoral para convidados.<br><strong>Data:<\/strong> 09\/11\/2024<br><strong>Hora:<\/strong> 10h \u00e0s 17h<br><strong>Local:<\/strong> Av. Nereu Ramos, 5066, Pi\u00e7arras \u2013 SC.<br>Para mais informa\u00e7\u00f5es, Assessoria de Imprensa WPrime:<br>Marcos A Pereira &#8211; 47 9 9620 4161<\/p>\n\n\n\n<p><\/p>\n\n\n\n<p>Foto Destque: <\/p>\n\n\n\n<p>Na foto: S\u00f3cios da wPrime.<br>Cr\u00e9dito: Gabriel Richartz<\/p>\n\n\n\n<p><\/p>\n\n\n\n<p><\/p>\n","protected":false},"excerpt":{"rendered":"<p>Nova estrutura do grupo, que tem sede em Joinville, ser\u00e1 inaugurada em Balne\u00e1rio Pi\u00e7arras Joinville,&#8230;<\/p>\n","protected":false},"author":1,"featured_media":16574,"comment_status":"closed","ping_status":"open","sticky":false,"template":"","format":"standard","meta":{"om_disable_all_campaigns":false,"_monsterinsights_skip_tracking":false,"_monsterinsights_sitenote_active":false,"_monsterinsights_sitenote_note":"","_monsterinsights_sitenote_category":0,"spay_email":""},"categories":[27,1],"tags":[],"jetpack_featured_media_url":"https:\/\/vimagazine.com.br\/wp-content\/uploads\/2024\/11\/WhatsApp-Image-2024-11-05-at-21.21.41.jpeg","_links":{"self":[{"href":"https:\/\/vimagazine.com.br\/index.php?rest_route=\/wp\/v2\/posts\/16572"}],"collection":[{"href":"https:\/\/vimagazine.com.br\/index.php?rest_route=\/wp\/v2\/posts"}],"about":[{"href":"https:\/\/vimagazine.com.br\/index.php?rest_route=\/wp\/v2\/types\/post"}],"author":[{"embeddable":true,"href":"https:\/\/vimagazine.com.br\/index.php?rest_route=\/wp\/v2\/users\/1"}],"replies":[{"embeddable":true,"href":"https:\/\/vimagazine.com.br\/index.php?rest_route=%2Fwp%2Fv2%2Fcomments&post=16572"}],"version-history":[{"count":2,"href":"https:\/\/vimagazine.com.br\/index.php?rest_route=\/wp\/v2\/posts\/16572\/revisions"}],"predecessor-version":[{"id":16576,"href":"https:\/\/vimagazine.com.br\/index.php?rest_route=\/wp\/v2\/posts\/16572\/revisions\/16576"}],"wp:featuredmedia":[{"embeddable":true,"href":"https:\/\/vimagazine.com.br\/index.php?rest_route=\/wp\/v2\/media\/16574"}],"wp:attachment":[{"href":"https:\/\/vimagazine.com.br\/index.php?rest_route=%2Fwp%2Fv2%2Fmedia&parent=16572"}],"wp:term":[{"taxonomy":"category","embeddable":true,"href":"https:\/\/vimagazine.com.br\/index.php?rest_route=%2Fwp%2Fv2%2Fcategories&post=16572"},{"taxonomy":"post_tag","embeddable":true,"href":"https:\/\/vimagazine.com.br\/index.php?rest_route=%2Fwp%2Fv2%2Ftags&post=16572"}],"curies":[{"name":"wp","href":"https:\/\/api.w.org\/{rel}","templated":true}]}}